{"id":11272,"date":"2016-12-31T09:22:37","date_gmt":"2016-12-31T08:22:37","guid":{"rendered":"http:\/\/www.piuomenopop.it\/?p=11272"},"modified":"2018-01-01T16:12:47","modified_gmt":"2018-01-01T15:12:47","slug":"niccolo-fabi-sold-out-al-teatro-rendano-di-cosenza","status":"publish","type":"post","link":"https:\/\/www.piuomenopop.it\/index.php\/2016\/12\/31\/niccolo-fabi-sold-out-al-teatro-rendano-di-cosenza\/","title":{"rendered":"Niccol\u00f2 Fabi: sold out al Teatro Rendano di Cosenza"},"content":{"rendered":"<p><img loading=\"lazy\" decoding=\"async\" class=\"alignnone size-medium wp-image-11297 aligncenter\" src=\"http:\/\/www.piuomenopop.it\/wp-content\/uploads\/2016\/12\/niccolo-fabi-una-somma-di-piccole-cose-300x300.jpg\" alt=\"\" width=\"300\" height=\"300\" \/><br \/>\nMercoled\u00ec 28 dicembre il <strong><a href=\"https:\/\/www.facebook.com\/pages\/Teatro-Alfonso-Rendano\/172238619482165?fref=ts\" target=\"_blank\" rel=\"noopener\">Teatro Rendano <\/a>di Cosenza<\/strong> ha\u00a0registrato il tutto esaurito grazie al concerto di<a href=\"https:\/\/www.facebook.com\/niccolofabimusic\/?fref=ts\" target=\"_blank\" rel=\"noopener\"> Niccol\u00f2 Fabi<\/a>, in tour col suo spettacolo &#8220;<em>Una\u00a0 somma di piccole cose<\/em>&#8220;. A rendere ancora pi\u00f9 speciale la serata \u00e8 stato il motivo per cui \u00e8 stata organizzata: in nome della ricerca e della solidariet\u00e0 nel ricordo di <a href=\"https:\/\/www.facebook.com\/fondazionelilli\/?fref=ts\" target=\"_blank\" rel=\"noopener\"><strong>Lilli Funaro<\/strong><\/a>, stroncata dal cancro ormai dodici anni fa. La Fondazione che porta il suo nome ha creato negli anni eventi, concerti, convegni in memoria di<strong> Lilli<\/strong> riuscendo a dare un aiuto concreto alla ricerca contro il cancro. Credo che non sia stato per nulla un caso organizzare il concerto di <strong>Fabi<\/strong> piuttosto che quello di\u00a0decine di altri\u00a0nomi che si sarebbero potuti chiamare. <strong>Fabi<\/strong>, oltre che un grande cantante e musicista \u00e8 un uomo di una profondit\u00e0 e sensibilit\u00e0 rara nel mondo della musica, caratteristiche che, come testimoniato da <strong>Michele Funaro,<\/strong> <em>presidente della Fondazione<\/em>, sono da sempre fondamentali nella scelta degli artisti che, nel corso degli anni, si sono succeduti sul palco della manifestazione.<br \/>\nChe il cantante romano sia un <em>artista speciale<\/em> lo si intuisce ascoltando la sua musica e soffermandosi sui testi, in particolare quelli dell\u2019ultimo album \u201c<em>Una somma di piccole cose<\/em>\u201d; si tratta di brani poetici,\u00a0intensi, sofferti, umani, che gli sono valsi, tra l\u2019altro, la vittoria del\u00a0&#8220;<em>Premio Tenco<\/em>&#8221; come migliore album dell&#8217;anno.<br \/>\nLo si scopre ancor di pi\u00f9 durante\u00a0il live, da quelle poche ma sentite parole che rivolge al pubblico, con dolcezza e riservatezza.\u00a0A <strong>Cosenza<\/strong>,\u00a0in particolare, ha voluto sottolineare come non si trattasse di una data qualunque del tour, ma di una giornata speciale, in una cornice suggestiva come poche, quella del <strong>Teatro Rendano<\/strong> in cui\u00a0un pubblico molto attento e coinvolto, era l\u00ec per godere della buona musica proposta e per una causa, la ricerca, che\u00a0ha dato\u00a0un senso in pi\u00f9 a tutto.<\/p>\n<p>Sul palco<strong> Niccol\u00f2<\/strong> si avvale di musicisti di tutto rispetto che creano un <em>sound molto energico, ricco di chitarre e percussioni.<\/em><br \/>\nLa scaletta naturalmente gira soprattutto attorno all\u2019ultimo album: &#8220;<em>Una somma di piccole cose<\/em>&#8221; \u00e8 un disco speciale anche perch\u00e8\u00a0nato in un momento particolare di <strong>Niccol\u00f2<\/strong> durante il quale il cantante ha voluto passare gran parte del tempo\u00a0in una casa in aperta campagna, vicino <strong>Roma<\/strong>, in pieno contatto con la natura, toccando per mano\u00a0che le <em>piccole cose<\/em>\u00a0sono quelle davvero importanti e vere, dando piena voce alla sua anima, ascoltando il suo respiro e quello della natura. E nei versi delle sue canzoni, ritroviamo tutto questo: l\u2019amarezza, la malinconia, la tristezza che canta Niccol\u00f2 sono sempre sussurrate, sfiorate, raccontate con la giusta ironia e delicatezza.\u00a0 <em>Il cantante romano<\/em> \u00e8 convinto che l\u2019essenza della vita sia nei giochi di un bambino e nel restare sempre un po\u2019\u00a0fanciulli dentro, come canta in &#8220;<em>Facciamo finta<\/em>&#8220;&#8230;<\/p>\n<blockquote><p><em> \u201cFacciamo finta che sono un eroe e che posso volare e sconfiggere il male.\u201d<\/em><\/p><\/blockquote>\n<p>Anche il suo approccio musicale si \u00e8 trasformato col tempo: il <em>pop pi\u00f9 classico<\/em>, semplice ma mai banale, che ha caratterizzato gran parte della sua carriera, ha ceduto lo spazio ad una sorta di <em>cantautorato sofferto, a tratti folk<\/em>, sempre molto suonato e di ampio respiro.<br \/>\n<strong>Niccol\u00f2<\/strong> sul palco \u00e8 nudo, pi\u00f9 nudo di come non potrebbe mai essere, come risponde sorridendo e schernendosi ad un gruppo di fan adolescenzialmente innamorate del cantautore romano, si espone alle emozioni del pubblico e non fa nulla per nascondere le sue, mostrandosi vero e onesto nel rapporto con chi lo ascolta.<br \/>\nLa scaletta naturalmente vede anche canzoni degli album precedenti: \u201c<em>\u00e8 non \u00e8<\/em>\u201d, &#8220;<em>Mimosa<\/em>&#8220;, una struggente ballad d\u2019amore suonata solo al piano, e le sue canzoni pi\u00f9 amate: \u201c<em>Io\u201d<\/em> e &#8220;<em>Vento d\u2019estate<\/em>&#8220;, miscelate insieme in una divertente versione molto &#8220;<em>Police<\/em>&#8220;, quasi a ricordare l&#8217;amore giovanile dell&#8217;artista romano per la band inglese, &#8220;<em>Oriente<\/em>&#8221; e &#8220;<em>Lasciarsi un giorno a Roma<\/em>&#8221; con cui si chiude la prima parte del concerto. Le poltrone, comodissime peraltro, non possono bastare a contenere l\u2019entusiasmo del pubblico che si alza e acclama a gran voce il suo beniamino.<br \/>\n<em>&#8220;Vince chi molla<\/em>&#8221; (un invito ad allentare la presa, a lasciare le cose al loro fluire), &#8220;<em>Filo d\u2019erba<\/em>&#8221; (cantata da <strong>Bianco,<\/strong> uno dei suoi bravi musicisti mentre <strong>Niccol\u00f2<\/strong> si diverte a suonare il basso) e &#8220;<em>Lontano da me<\/em>&#8220;, sono le canzoni con cui il cantante saluta e ringrazia, quasi commosso, il suo pubblico, lasciandolo con qualcosa in pi\u00f9 del ricordo di una bella serata di musica.<\/p>\n<p>&nbsp;<\/p>\n<h4>Vince chi molla<\/h4>\n<h6><span style=\"font-family: arial,helvetica,sans-serif;\"><em>L<strong>ascio andare la mano<\/strong><\/em><\/span><\/h6>\n<h6><span style=\"font-family: arial,helvetica,sans-serif;\"><em><strong>che mi stringe la gola<\/strong><\/em><\/span><\/h6>\n<h6><span style=\"font-family: arial,helvetica,sans-serif;\"><em><strong>Lascio andare la fune<\/strong><\/em><\/span><\/h6>\n<h6><span style=\"font-family: arial,helvetica,sans-serif;\"><em><strong>Che mi unisce alla riva<\/strong><\/em><\/span><\/h6>\n<h6><span style=\"font-family: arial,helvetica,sans-serif;\"><em><strong>Il moschettone nella parete<\/strong><\/em><\/span><\/h6>\n<h6><span style=\"font-family: arial,helvetica,sans-serif;\"><em><strong>L&#8217;orgoglio e la sete<\/strong><\/em><\/span><\/h6>\n<h6><span style=\"font-family: arial,helvetica,sans-serif;\"><em><strong>Lascio andare le valigie<\/strong><\/em><\/span><\/h6>\n<h6><span style=\"font-family: arial,helvetica,sans-serif;\"><em><strong>I mobili antichi<\/strong><\/em><\/span><\/h6>\n<h6><span style=\"font-family: arial,helvetica,sans-serif;\"><em><strong>Le sentinelle armate in garritta<\/strong><\/em><\/span><\/h6>\n<h6><span style=\"font-family: arial,helvetica,sans-serif;\"><em><strong>A Ogni mia cosa trafitta&#8230;<\/strong><\/em><\/span><\/h6>\n<h6><span style=\"font-family: arial,helvetica,sans-serif;\"><em><strong>Lascio andare il destino<\/strong><\/em><\/span><\/h6>\n<h6><span style=\"font-family: arial,helvetica,sans-serif;\"><em><strong>Tutti i miei attaccamenti<\/strong><\/em><\/span><\/h6>\n<h6><span style=\"font-family: arial,helvetica,sans-serif;\"><em><strong>I diplomi appesi in salotto,<\/strong><\/em><\/span><\/h6>\n<h6><span style=\"font-family: arial,helvetica,sans-serif;\"><em><strong>Il coltello tra i denti<\/strong><\/em><\/span><\/h6>\n<h6><span style=\"font-family: arial,helvetica,sans-serif;\"><em><strong>Lascio andare mio padre e mia madre<\/strong><\/em><\/span><\/h6>\n<h6><span style=\"font-family: arial,helvetica,sans-serif;\"><em><strong>E le loro paure<\/strong><\/em><\/span><\/h6>\n<h6><span style=\"font-family: arial,helvetica,sans-serif;\"><em><strong>Quella casa nella foresta<\/strong><\/em><\/span><\/h6>\n<h6><span style=\"font-family: arial,helvetica,sans-serif;\"><em><strong>Un umore che duri davvero<\/strong><\/em><\/span><\/h6>\n<h6><span style=\"font-family: arial,helvetica,sans-serif;\"><em><strong>Per ogni tipo di viaggio<\/strong><\/em><\/span><\/h6>\n<h6><span style=\"font-family: arial,helvetica,sans-serif;\"><em><strong>\u00c8 meglio avere un bagaglio leggero.<\/strong><\/em><\/span><\/h6>\n<h6><span style=\"font-family: arial,helvetica,sans-serif;\"><em><strong>Distendo le vene<\/strong><\/em><\/span><\/h6>\n<h6><span style=\"font-family: arial,helvetica,sans-serif;\"><em><strong>E apro piano le mani<\/strong><\/em><\/span><\/h6>\n<h6><span style=\"font-family: arial,helvetica,sans-serif;\"><em><strong>Cerco di non trattenere pi\u00f9 nulla<\/strong><\/em><\/span><\/h6>\n<h6><span style=\"font-family: arial,helvetica,sans-serif;\"><em><strong>Lascio tutto fluire<\/strong><\/em><\/span><\/h6>\n<h6><span style=\"font-family: arial,helvetica,sans-serif;\"><em><strong>L&#8217;aria dal naso arriva ai polmoni<\/strong><\/em><\/span><\/h6>\n<h6><span style=\"font-family: arial,helvetica,sans-serif;\"><em><strong>Le palpitazioni tornano battiti<\/strong><\/em><\/span><\/h6>\n<h6><span style=\"font-family: arial,helvetica,sans-serif;\"><em><strong>La testa torna al suo peso normale<\/strong><\/em><\/span><\/h6>\n<h6><span style=\"font-family: arial,helvetica,sans-serif;\"><em><strong>La salvezza non si controlla&#8230;<\/strong><\/em><\/span><\/h6>\n<h6><span style=\"font-family: arial,helvetica,sans-serif;\"><em><strong>Vince chi molla.<\/strong><\/em><\/span><\/h6>\n<h6><span style=\"font-family: arial,helvetica,sans-serif;\"><em><strong>Vince chi molla&#8230;<\/strong><\/em><\/span><\/h6>\n<p>&nbsp;<\/p>\n<p>Diretta live Facebook:<br \/>\n<iframe loading=\"lazy\" style=\"border: none; overflow: hidden;\" src=\"https:\/\/www.facebook.com\/plugins\/video.php?href=https%3A%2F%2Fwww.facebook.com%2Fpiuomenopop%2Fvideos%2F832351050237730%2F&amp;show_text=0&amp;width=400\" width=\"400\" height=\"400\" frameborder=\"0\" scrolling=\"no\" allowfullscreen=\"allowfullscreen\"><\/iframe><\/p>\n<p><iframe loading=\"lazy\" style=\"border: none; overflow: hidden;\" src=\"https:\/\/www.facebook.com\/plugins\/video.php?href=https%3A%2F%2Fwww.facebook.com%2Fpiuomenopop%2Fvideos%2F832338660238969%2F&amp;show_text=0&amp;width=400\" width=\"400\" height=\"400\" frameborder=\"0\" scrolling=\"no\" allowfullscreen=\"allowfullscreen\"><\/iframe><\/p>\n<p><iframe loading=\"lazy\" style=\"border: none; overflow: hidden;\" src=\"https:\/\/www.facebook.com\/plugins\/video.php?href=https%3A%2F%2Fwww.facebook.com%2Fpiuomenopop%2Fvideos%2F832321330240702%2F&amp;show_text=0&amp;width=400\" width=\"400\" height=\"400\" frameborder=\"0\" scrolling=\"no\" allowfullscreen=\"allowfullscreen\"><\/iframe><\/p>\n","protected":false},"excerpt":{"rendered":"<div class=\"mh-excerpt\"><p>Mercoled\u00ec 28 dicembre il Teatro Rendano di Cosenza ha\u00a0registrato il tutto esaurito grazie al concerto di Niccol\u00f2 Fabi, in tour col suo spettacolo &#8220;Una\u00a0 somma <a class=\"mh-excerpt-more\" href=\"https:\/\/www.piuomenopop.it\/index.php\/2016\/12\/31\/niccolo-fabi-sold-out-al-teatro-rendano-di-cosenza\/\" title=\"Niccol\u00f2 Fabi: sold out al Teatro Rendano di Cosenza\">[&#8230;]<\/a><\/p>\n<\/div>","protected":false},"author":10,"featured_media":11297,"comment_status":"closed","ping_status":"closed","sticky":false,"template":"","format":"standard","meta":{"sfsi_plus_gutenberg_text_before_share":"","sfsi_plus_gutenberg_show_text_before_share":"","sfsi_plus_gutenberg_icon_type":"","sfsi_plus_gutenberg_icon_alignemt":"","sfsi_plus_gutenburg_max_per_row":"","footnotes":"","_links_to":"","_links_to_target":""},"categories":[939,5,457],"tags":[2170,2169,1276,2171,2168,2172],"class_list":["post-11272","post","type-post","status-publish","format-standard","has-post-thumbnail","hentry","category-pop","category-report","category-rock","tag-lilli-funaro","tag-michele-funaro","tag-niccolo-fabi","tag-teatro-rendano","tag-teatro-rendano-di-cosenza","tag-una-somma-di-piccole-cose"],"aioseo_notices":[],"_links":{"self":[{"href":"https:\/\/www.piuomenopop.it\/index.php\/wp-json\/wp\/v2\/posts\/11272","targetHints":{"allow":["GET"]}}],"collection":[{"href":"https:\/\/www.piuomenopop.it\/index.php\/wp-json\/wp\/v2\/posts"}],"about":[{"href":"https:\/\/www.piuomenopop.it\/index.php\/wp-json\/wp\/v2\/types\/post"}],"author":[{"embeddable":true,"href":"https:\/\/www.piuomenopop.it\/index.php\/wp-json\/wp\/v2\/users\/10"}],"replies":[{"embeddable":true,"href":"https:\/\/www.piuomenopop.it\/index.php\/wp-json\/wp\/v2\/comments?post=11272"}],"version-history":[{"count":7,"href":"https:\/\/www.piuomenopop.it\/index.php\/wp-json\/wp\/v2\/posts\/11272\/revisions"}],"predecessor-version":[{"id":24507,"href":"https:\/\/www.piuomenopop.it\/index.php\/wp-json\/wp\/v2\/posts\/11272\/revisions\/24507"}],"wp:featuredmedia":[{"embeddable":true,"href":"https:\/\/www.piuomenopop.it\/index.php\/wp-json\/wp\/v2\/media\/11297"}],"wp:attachment":[{"href":"https:\/\/www.piuomenopop.it\/index.php\/wp-json\/wp\/v2\/media?parent=11272"}],"wp:term":[{"taxonomy":"category","embeddable":true,"href":"https:\/\/www.piuomenopop.it\/index.php\/wp-json\/wp\/v2\/categories?post=11272"},{"taxonomy":"post_tag","embeddable":true,"href":"https:\/\/www.piuomenopop.it\/index.php\/wp-json\/wp\/v2\/tags?post=11272"}],"curies":[{"name":"wp","href":"https:\/\/api.w.org\/{rel}","templated":true}]}}