{"id":11476,"date":"2017-01-03T20:24:53","date_gmt":"2017-01-03T19:24:53","guid":{"rendered":"http:\/\/www.piuomenopop.it\/?p=11476"},"modified":"2018-01-01T16:10:20","modified_gmt":"2018-01-01T15:10:20","slug":"venerdi-6-gennaio-crac-presenta-aftersalsa-in-concerto","status":"publish","type":"post","link":"https:\/\/www.piuomenopop.it\/index.php\/2017\/01\/03\/venerdi-6-gennaio-crac-presenta-aftersalsa-in-concerto\/","title":{"rendered":"Venerd\u00ec 6 Gennaio &#8211; CRAC presenta: AFTERSALSA in concerto"},"content":{"rendered":"<p style=\"text-align: center;\">\n<a href=\"https:\/\/www.facebook.com\/CRAC-Centro-di-ricerca-per-le-arti-contemporanee-235207983305504\/\" target=\"_blank\"><strong>CRAC | CENTRO DI RICERCA PER LE ARTI CONTEMPORANEE<\/strong><\/a><br \/>\n<strong>presenta <em>&#8220;LIGHTS IN THE STORM&#8221;<\/em><\/strong><br \/>\n<strong>Rassegna di arti visive e performative <\/strong><br \/>\n<strong>ottobre 2016 &#8211; maggio 2017 \/ Lamezia Terme (CZ)<\/strong><\/p>\n<p style=\"text-align: center;\"><strong>Venerd\u00ec 6 Gennaio &#8211; ore 21:30<\/strong><br \/>\n<strong><a href=\"https:\/\/www.facebook.com\/aftersalsaofficial\/\" target=\"_blank\">AFTERSALSA<\/a> &#8211; in concerto<\/strong><\/p>\n<p>\u200b<img loading=\"lazy\" decoding=\"async\" class=\"aligncenter wp-image-11478\" src=\"http:\/\/www.piuomenopop.it\/wp-content\/uploads\/2017\/01\/AFTERSALSA.jpg\" width=\"400\" height=\"267\" srcset=\"https:\/\/www.piuomenopop.it\/wp-content\/uploads\/2017\/01\/AFTERSALSA.jpg 506w, https:\/\/www.piuomenopop.it\/wp-content\/uploads\/2017\/01\/AFTERSALSA-300x200.jpg 300w, https:\/\/www.piuomenopop.it\/wp-content\/uploads\/2017\/01\/AFTERSALSA-768x513.jpg 768w\" sizes=\"auto, (max-width: 400px) 100vw, 400px\" \/><br \/>\n<a href=\"https:\/\/www.facebook.com\/aftersalsaofficial\/\" target=\"_blank\"><strong>AFTERSALSA<\/strong><\/a> \u00e8 un progetto di ispirazione synth-wave\/dark-wave formatosi nel 2015 in Brianza. Originariamente nato come un DIY project di Simone Manzotti (synth\/produzione) e Matteo Zappa (voce\/basso), ha visto un ampliamento della formazione con l\u2019entrata di Nicol\u00f2 Posenato (synth) e Dario Azzollini (chitarra), con l\u2019intento di portare il tutto anche in dimensione live. Nei primi due mesi del 2016 sono stati pubblicati i due singoli \u201cVixion\u201d e \u201cTispario\u201d che hanno portato la band e calcare i pi\u00f9 importanti palchi di Milano e dintorni. Il 21 ottobre \u00e8 stato pubblicato il primo EP di 4 tracce \u201cChances\u201d, nato sotto la produzione artistica di Giacomo Zambelloni.<\/p>\n<p>Il 6 Gennaio sar\u00f2 l&#8217;ultimo giorno disponibile per visitare la mostra di <strong>Reggio Zenitale e PH 35<\/strong>. Inoltre questo degli Aftersalsa sar\u00e0 l&#8217;ultimo appuntamento di gennaio della rassegna stessa. CRAC riprender\u00e0 le proprie attivit\u00e0 il 6 Febbraio con la residenza di Matteo Sedda.<\/p>\n<p><strong>LA RASSEGNA<\/strong><br \/>\n<em><strong>\u201cLIGHTS IN THE STORM\u201d<\/strong><\/em> \u00e8 la seconda stagione organizzata dal <a href=\"https:\/\/www.facebook.com\/CRAC-Centro-di-ricerca-per-le-arti-contemporanee-235207983305504\/\" target=\"_blank\">CRAC | Centro di Ricerca per le Arti Contemporanee<\/a> di Lamezia Terme (CZ): arti visive, danza, musica, installazioni, djset ed eventi legati al food di qualit\u00e0. Il titolo viene fuori da una riflessione sul rapporto tra il territorio e le realt\u00e0 di operatori culturali coesistenti a CRAC: &#8220;In questi ultimi due anni abbiamo assistito ad una voglia di mettersi al lavoro, ad una necessit\u00e0 di progresso da parte degli operatori locali, ad un desiderio di ricreare nella nostra terra ci\u00f2 che esiste da tanti anni nel resto dell\u2019Italia&#8221; &#8211; spiega la curatrice Nicoletta Grasso &#8211; &#8220;Ci \u00e8 venuta quindi in mente la tempesta, in rapporto al senso di rabbia che un giovane calabrese poteva provare fino a qualche anno fa non trovando qualcosa di stimolante da fare: una mostra, uno spettacolo di ricerca, un concerto di musica elettronica ad esempio. E le luci di cui parliamo sono proprio le realt\u00e0 come CRAC che in questa rassegna, come nella scorsa, mira a mixare diversi linguaggi artistici caratteristici della contemporaneit\u00e0&#8221;.<\/p>\n<p><strong>Calendario:<\/strong><\/p>\n<p>28 ottobre &#8211; 13 novembre: Valentina Procopio &amp; Guido Guglielmelli | fotografia<br \/>\n30 ottobre: Giungla | musica<br \/>\n18 novembre &#8211; 4 dicembre: residenza + exhibition di Elisa Muliere &amp; Salvatore Amato | arti visive + fotografia<br \/>\n8 &#8211; 18 dicembre: Mario Vitale exhibition | cinema<br \/>\n17 dicembre: Baba Sissoko | musica<br \/>\n21 dicembre &#8211; 6 gennaio: Reggio Zenitale &amp; PH35 | architettura vs fotografia<br \/>\n26 dicembre: EGO Unclassic Party con Dj Tree + guests @ The Square Cool Club | musica<br \/>\n28 dicembre: Funk Rimini | musica<br \/>\n29 dicembre: preview FRAC Festival con Indian Wells | musica<br \/>\n30 dicembre: Meta- 6h ambient set 18:00_24:00| musica<br \/>\n6 Gennaio: Aftersalsa | musica<br \/>\n6 &#8211; 19 febbraio: residenza + exhibitions di Matteo Sedda &amp; Annabella Cuomo | danza contemporanea vs arti visive<br \/>\n17 febbraio &#8211; 5 marzo: Paolo Pisani &amp; Giuseppe Torcasio | fotografia<br \/>\n6 &#8211; 19 marzo: residenza + exhibition di Fo Sca &amp; Caroline Garvay | arti visive<br \/>\n20 marzo &#8211; 2 aprile: residenza + exhibition di Ester Grossi &amp; Sara Bonaventura | arti visive<br \/>\n23 marzo: Yombe | musica<br \/>\n3 &#8211; 18 aprile: residenza + exhibition Chiara Dellerba &amp; Antonio Abatangelo | arti visive<br \/>\n19 aprile \u2013 7 maggio: residenza + exhibition Andreco &amp; Meta- | arti visive vs musica<br \/>\n8 &#8211; 21 maggio: Savina Tarsitano | arti visive<\/p>\n<p>*Tutti gli artisti realizzeranno durante le loro residenze anche dei workshop assieme agli studenti delle scuole e degli istituti di Lamezia Terme (CZ)<\/p>\n","protected":false},"excerpt":{"rendered":"<div class=\"mh-excerpt\"><p>CRAC | CENTRO DI RICERCA PER LE ARTI CONTEMPORANEE presenta &#8220;LIGHTS IN THE STORM&#8221; Rassegna di arti visive e performative ottobre 2016 &#8211; maggio 2017 <a class=\"mh-excerpt-more\" href=\"https:\/\/www.piuomenopop.it\/index.php\/2017\/01\/03\/venerdi-6-gennaio-crac-presenta-aftersalsa-in-concerto\/\" title=\"Venerd\u00ec 6 Gennaio &#8211; CRAC presenta: AFTERSALSA in concerto\">[&#8230;]<\/a><\/p>\n<\/div>","protected":false},"author":1,"featured_media":11478,"comment_status":"closed","ping_status":"closed","sticky":false,"template":"","format":"standard","meta":{"sfsi_plus_gutenberg_text_before_share":"","sfsi_plus_gutenberg_show_text_before_share":"","sfsi_plus_gutenberg_icon_type":"","sfsi_plus_gutenberg_icon_alignemt":"","sfsi_plus_gutenburg_max_per_row":"","footnotes":"","_links_to":"","_links_to_target":""},"categories":[3,927],"tags":[2256,2151,2150,762,2153],"class_list":["post-11476","post","type-post","status-publish","format-standard","has-post-thumbnail","hentry","category-news","category-wave","tag-aftersalsa","tag-crac","tag-crac-centro-di-ricerca-per-le-arti-contemporanee","tag-lamezia","tag-lights-in-the-storm"],"aioseo_notices":[],"_links":{"self":[{"href":"https:\/\/www.piuomenopop.it\/index.php\/wp-json\/wp\/v2\/posts\/11476","targetHints":{"allow":["GET"]}}],"collection":[{"href":"https:\/\/www.piuomenopop.it\/index.php\/wp-json\/wp\/v2\/posts"}],"about":[{"href":"https:\/\/www.piuomenopop.it\/index.php\/wp-json\/wp\/v2\/types\/post"}],"author":[{"embeddable":true,"href":"https:\/\/www.piuomenopop.it\/index.php\/wp-json\/wp\/v2\/users\/1"}],"replies":[{"embeddable":true,"href":"https:\/\/www.piuomenopop.it\/index.php\/wp-json\/wp\/v2\/comments?post=11476"}],"version-history":[{"count":2,"href":"https:\/\/www.piuomenopop.it\/index.php\/wp-json\/wp\/v2\/posts\/11476\/revisions"}],"predecessor-version":[{"id":11479,"href":"https:\/\/www.piuomenopop.it\/index.php\/wp-json\/wp\/v2\/posts\/11476\/revisions\/11479"}],"wp:featuredmedia":[{"embeddable":true,"href":"https:\/\/www.piuomenopop.it\/index.php\/wp-json\/wp\/v2\/media\/11478"}],"wp:attachment":[{"href":"https:\/\/www.piuomenopop.it\/index.php\/wp-json\/wp\/v2\/media?parent=11476"}],"wp:term":[{"taxonomy":"category","embeddable":true,"href":"https:\/\/www.piuomenopop.it\/index.php\/wp-json\/wp\/v2\/categories?post=11476"},{"taxonomy":"post_tag","embeddable":true,"href":"https:\/\/www.piuomenopop.it\/index.php\/wp-json\/wp\/v2\/tags?post=11476"}],"curies":[{"name":"wp","href":"https:\/\/api.w.org\/{rel}","templated":true}]}}