{"id":12158,"date":"2017-01-23T20:00:55","date_gmt":"2017-01-23T19:00:55","guid":{"rendered":"http:\/\/www.piuomenopop.it\/?p=12158"},"modified":"2018-01-01T15:29:03","modified_gmt":"2018-01-01T14:29:03","slug":"a-la-vie-a-la-mort-lalbum-di-debutto-del-musicista-belga-nicolas-michaux","status":"publish","type":"post","link":"https:\/\/www.piuomenopop.it\/index.php\/2017\/01\/23\/a-la-vie-a-la-mort-lalbum-di-debutto-del-musicista-belga-nicolas-michaux\/","title":{"rendered":"\u201c\u00c0 la vie, \u00e0 la mort\u201d: l\u2019album di debutto del musicista belga Nicolas Michaux"},"content":{"rendered":"<p><img loading=\"lazy\" decoding=\"async\" class=\"alignnone size-full wp-image-12159 aligncenter\" src=\"http:\/\/www.piuomenopop.it\/wp-content\/uploads\/2017\/01\/nicolas-michaux.jpg\" alt=\"\" width=\"240\" height=\"240\" srcset=\"https:\/\/www.piuomenopop.it\/wp-content\/uploads\/2017\/01\/nicolas-michaux.jpg 120w, https:\/\/www.piuomenopop.it\/wp-content\/uploads\/2017\/01\/nicolas-michaux-150x150.jpg 150w, https:\/\/www.piuomenopop.it\/wp-content\/uploads\/2017\/01\/nicolas-michaux-60x60.jpg 60w\" sizes=\"auto, (max-width: 240px) 100vw, 240px\" \/><\/p>\n<p>&nbsp;<\/p>\n<div class=\"_EP\">\n<div class=\"abup\">\n<div id=\"lxhdr\">\n<div class=\"lxhdrbox ellip\">\n<div class=\"_RXk\"><span class=\"kxbcc\"><strong><span id=\"kxbccs\" class=\"_Lbe kxbccm\"><span class=\"kxbc\" data-elabel=\"Canzoni\" data-ved=\"0ahUKEwifxL-GoNrRAhVjC8AKHTzxBNAQ1i8IFTAT\">Tracklist<\/span><\/span><\/strong><\/span><\/div>\n<\/div>\n<\/div>\n<\/div>\n<\/div>\n<div class=\"gic rl_center\">\n<div class=\"rl_slider_container\" data-ved=\"0ahUKEwifxL-GoNrRAhVjC8AKHTzxBNAQrS4IFjAT\">\n<div class=\"_JTg iSDiQNB5ald8-WI_562leVwQ\">\n<div class=\"_bfj iSDiQNB5ald8-nrHhR706PmE\">\n<div class=\"rlc__slider-page r-ihYw_QEiKPRU\">\n<div class=\"_Uhb\">\n<div class=\"_Iho mlo-c\">\n<div class=\"_Njf\"><\/div>\n<div class=\"_Vjf _Kjf _okf _qkf _Qjf\">\n<div class=\"_wjf\">\n<div class=\"_Mjf\">\n<div class=\"title\"><em>Nouveau d\u00e9part<\/em><\/div>\n<\/div>\n<\/div>\n<\/div>\n<\/div>\n<div class=\"_Iho mlo-c\">\n<div class=\"_Vjf _Kjf _okf _qkf _Qjf\">\n<div class=\"_wjf\">\n<div class=\"_Mjf\">\n<div class=\"title\"><em>\u00c0 la vie, \u00e0 la mort<\/em><\/div>\n<\/div>\n<\/div>\n<\/div>\n<\/div>\n<div class=\"_Iho mlo-c\">\n<div class=\"_Vjf _Kjf _okf _qkf _Qjf\">\n<div class=\"_wjf\">\n<div class=\"_Mjf\">\n<div class=\"title\"><em>Un imposteur<\/em><\/div>\n<div class=\"title\"><em>Croire en ma chance<\/em><\/div>\n<div class=\"title\"><em>Les \u00eeles d\u00e9sertes<\/em><\/div>\n<div class=\"title\"><em>Si tu me laisses<\/em><\/div>\n<\/div>\n<\/div>\n<\/div>\n<\/div>\n<div class=\"_Iho mlo-c\">\n<div class=\"_Vjf _Kjf _okf _qkf _Qjf\">\n<div class=\"_wjf\">\n<div class=\"_Mjf\">\n<div class=\"title\"><em>Le ciel<\/em><\/div>\n<\/div>\n<\/div>\n<\/div>\n<\/div>\n<\/div>\n<\/div>\n<div class=\"rlc__slider-page r-itoQTargKvfE\">\n<div class=\"_Uhb\">\n<div class=\"_Iho mlo-c\">\n<div class=\"_Vjf _Kjf _okf _qkf _Qjf\">\n<div class=\"_wjf\">\n<div class=\"_Mjf\">\n<div class=\"title\"><em>Part of No Part<\/em><\/div>\n<div class=\"title\"><em>Avec vous<\/em><\/div>\n<div class=\"title\"><em>Etre deux<\/em><\/div>\n<div class=\"title\"><\/div>\n<\/div>\n<\/div>\n<div class=\"title\"><\/div>\n<\/div>\n<\/div>\n<\/div>\n<\/div>\n<div class=\"rlc__slider-page r-i_j9gxFK_gMQ\"><\/div>\n<\/div>\n<\/div>\n<\/div>\n<\/div>\n<p>Esce il 27 Gennaio 2017 in Italia \u201c<em>\u00c0 la vie, \u00e0 la mort<\/em>\u201d, l\u2019album che vede il debutto del musicista belga <strong>Nicolas Michaux<\/strong>, tramite etichetta<strong> T\u00f4t ou Tard<\/strong>. Il disco \u00e8 profondamente influenzato dai viaggi intrapresi dal giovane cantante, in particolare da quello in Danimarca, pi\u00f9 lungo e formativo, durante il quale molti brani hanno preso forma.<\/p>\n<p>Inizialmente il lavoro \u00e8 stato concepito come un progetto dall\u2019animo folk; successivamente, l\u2019incontro con <strong>Julien Rau\u00efs<\/strong>, sound engineer e co-produttore dell\u2019album, ha avvicinato <em>Nicolas al soul anni \u201970 e al funk anni \u201980<\/em>. Il risultato \u00e8 piacevole e variopinto: seppur arrangiate semplicemente, le canzoni possiedono le varie anime del progetto; alcuni pezzi sono decisamente <em>pop, divertenti e orecchiabili<\/em> (\u201c<em>Croire En Ma Chance<\/em>\u201d), altri tra cui \u201c<em>\u00c0 la vie, \u00e0 la mort<\/em>\u201d, la <em>title track<\/em>, grazie all\u2019utilizzo dei synth possiedono un giusto ritmo e riescono a coinvolgere l\u2019ascoltatore. \u201c<em>Si Tu me Laisses<\/em>\u201d e soprattutto \u201c<em>Avec Vous<\/em>\u201d, la <em>canzone pi\u00f9 nera e soul<\/em> di tutte, hanno un ritmo trascinante e sensuale in cui il <em>rock incontra il blues<\/em>.<\/p>\n<p>I testi parlano sempre di luoghi, partenze, arrivi, cui sono legati sentimenti ed emozioni pi\u00f9 private: <em>amore, abbandono, desiderio, perdite<\/em>. L\u2019utilizzo della lingua francese e il mescolamento tra inglese e francese in \u201c<em>part of no part<\/em>\u201d rendono i brani accattivanti e caldi, talvolta pi\u00f9 dolci, altre volte pi\u00f9 passionali.<\/p>\n<p><strong>Nicolas Michaux<\/strong> presenter\u00e0 il suo album anche in Italia con un tour che partir\u00e0 il 26 gennaio da Vicenza: sar\u00e0 interessante vedere se le buone premesse su disco saranno mantenute anche dal vivo.<\/p>\n<p>&nbsp;<\/p>\n<p>&nbsp;<\/p>\n<p><em><strong>Ecco le date del TOUR:<\/strong><\/em><\/p>\n<p>&nbsp;<\/p>\n<p><span style=\"font-size: 12pt;\"><strong>g<span style=\"font-size: 10pt;\">ioved\u00ec 26 gennaio<\/span><\/strong><span style=\"font-size: 10pt;\">: POMOPERO, Breganze (VI)<\/span><\/span><\/p>\n<p><span style=\"font-size: 10pt;\"><strong>sabato 28 gennaio<\/strong>: MISHIMA, Terni<\/span><\/p>\n<p><span style=\"font-size: 10pt;\"><strong>gioved\u00ec 2 febbraio<\/strong>: OFF, Lamezia Terme (CZ)<\/span><\/p>\n<p><span style=\"font-size: 10pt;\"><strong>venerd\u00ec 3 febbraio<\/strong>: PUNTO G, Siracusa<\/span><\/p>\n<p><span style=\"font-size: 10pt;\"><strong>sabato 4 febbraio<\/strong>: ZOOTV, Brucoli (SR)<\/span><\/p>\n<p><span style=\"font-size: 10pt;\"><strong>domenica 5 febbraio:<\/strong> LA CARTIERA, Catania<\/span><\/p>\n<p><span style=\"font-size: 10pt;\"><strong>marted\u00ec 7 febbraio<\/strong>: AL KENISA, Enna<\/span><\/p>\n<p><span style=\"font-size: 10pt;\"><strong>mercoled\u00ec 8 febbraio<\/strong>: BOLAZZI, Palermo<\/span><\/p>\n<p><span style=\"font-size: 10pt;\"><strong>gioved\u00ec 9 febbraio:<\/strong> CAF\u00c8 LIBRAIRIE, Cosenza<\/span><\/p>\n<p><span style=\"font-size: 10pt;\"><strong>venerd\u00ec 10 febbraio<\/strong>: BEBOP, Taranto<\/span><\/p>\n<p><span style=\"font-size: 10pt;\"><strong>sabato 11 febbraio<\/strong>: MR ROLLY\u2019S, Vitulazio (CE)<\/span><\/p>\n<p><span style=\"font-size: 10pt;\"><strong>domenica 12 febbraio<\/strong>: BUATT, Eboli (SA)<\/span><\/p>\n<p><span style=\"font-size: 10pt;\"><strong>marted\u00ec 14 febbraio<\/strong>: NA COSETTA, Roma<\/span><\/p>\n<p><span style=\"font-size: 10pt;\"><strong>mercoled\u00ec 15 febbraio<\/strong>: EX CINEMA AURORA, Livorno<\/span><\/p>\n<p><span style=\"font-size: 10pt;\"><strong>gioved\u00ec 16 febbraio<\/strong>: BOTTEGA ROOTS, Colle Val d\u2019Elsa (SI)<\/span><\/p>\n<p><span style=\"font-size: 10pt;\"><strong>venerd\u00ec 17 febbraio<\/strong>: TBA, Viareggio<\/span><\/p>\n<p><span style=\"font-size: 10pt;\"><strong>sabato 18 febbraio<\/strong>: ARCI CHINASKI, Sermide (MN)<\/span><\/p>\n<p>&nbsp;<\/p>\n<p style=\"text-align: center;\"><iframe loading=\"lazy\" src=\"https:\/\/www.youtube.com\/embed\/gJeOjCC7C7I\" width=\"560\" height=\"315\" frameborder=\"0\" allowfullscreen=\"allowfullscreen\"><\/iframe><\/p>\n","protected":false},"excerpt":{"rendered":"<div class=\"mh-excerpt\"><p>&nbsp; Tracklist Nouveau d\u00e9part \u00c0 la vie, \u00e0 la mort Un imposteur Croire en ma chance Les \u00eeles d\u00e9sertes Si tu me laisses Le ciel <a class=\"mh-excerpt-more\" href=\"https:\/\/www.piuomenopop.it\/index.php\/2017\/01\/23\/a-la-vie-a-la-mort-lalbum-di-debutto-del-musicista-belga-nicolas-michaux\/\" title=\"\u201c\u00c0 la vie, \u00e0 la mort\u201d: l\u2019album di debutto del musicista belga Nicolas Michaux\">[&#8230;]<\/a><\/p>\n<\/div>","protected":false},"author":10,"featured_media":12159,"comment_status":"closed","ping_status":"closed","sticky":false,"template":"","format":"standard","meta":{"sfsi_plus_gutenberg_text_before_share":"","sfsi_plus_gutenberg_show_text_before_share":"","sfsi_plus_gutenberg_icon_type":"","sfsi_plus_gutenberg_icon_alignemt":"","sfsi_plus_gutenburg_max_per_row":"","footnotes":"","_links_to":"","_links_to_target":""},"categories":[8,939,245,7,1081,985],"tags":[2425,2368,2369,317],"class_list":["post-12158","post","type-post","status-publish","format-standard","has-post-thumbnail","hentry","category-uscite","category-pop","category-rb","category-recensioni","category-synth-pop","category-tour","tag-julien-rauis","tag-nicolas-michaux","tag-tot-ou-tard","tag-tour"],"aioseo_notices":[],"_links":{"self":[{"href":"https:\/\/www.piuomenopop.it\/index.php\/wp-json\/wp\/v2\/posts\/12158","targetHints":{"allow":["GET"]}}],"collection":[{"href":"https:\/\/www.piuomenopop.it\/index.php\/wp-json\/wp\/v2\/posts"}],"about":[{"href":"https:\/\/www.piuomenopop.it\/index.php\/wp-json\/wp\/v2\/types\/post"}],"author":[{"embeddable":true,"href":"https:\/\/www.piuomenopop.it\/index.php\/wp-json\/wp\/v2\/users\/10"}],"replies":[{"embeddable":true,"href":"https:\/\/www.piuomenopop.it\/index.php\/wp-json\/wp\/v2\/comments?post=12158"}],"version-history":[{"count":8,"href":"https:\/\/www.piuomenopop.it\/index.php\/wp-json\/wp\/v2\/posts\/12158\/revisions"}],"predecessor-version":[{"id":12199,"href":"https:\/\/www.piuomenopop.it\/index.php\/wp-json\/wp\/v2\/posts\/12158\/revisions\/12199"}],"wp:featuredmedia":[{"embeddable":true,"href":"https:\/\/www.piuomenopop.it\/index.php\/wp-json\/wp\/v2\/media\/12159"}],"wp:attachment":[{"href":"https:\/\/www.piuomenopop.it\/index.php\/wp-json\/wp\/v2\/media?parent=12158"}],"wp:term":[{"taxonomy":"category","embeddable":true,"href":"https:\/\/www.piuomenopop.it\/index.php\/wp-json\/wp\/v2\/categories?post=12158"},{"taxonomy":"post_tag","embeddable":true,"href":"https:\/\/www.piuomenopop.it\/index.php\/wp-json\/wp\/v2\/tags?post=12158"}],"curies":[{"name":"wp","href":"https:\/\/api.w.org\/{rel}","templated":true}]}}