{"id":13094,"date":"2017-02-11T10:50:05","date_gmt":"2017-02-11T09:50:05","guid":{"rendered":"http:\/\/www.piuomenopop.it\/?p=13094"},"modified":"2018-01-01T15:20:41","modified_gmt":"2018-01-01T14:20:41","slug":"ritorna-la-rappresentante-di-lista-con-un-album-live-e-un-tour","status":"publish","type":"post","link":"https:\/\/www.piuomenopop.it\/index.php\/2017\/02\/11\/ritorna-la-rappresentante-di-lista-con-un-album-live-e-un-tour\/","title":{"rendered":"Ritorna La Rappresentante di Lista con un album live e un tour"},"content":{"rendered":"<p><img loading=\"lazy\" decoding=\"async\" class=\"aligncenter wp-image-13095 size-large\" src=\"http:\/\/www.piuomenopop.it\/wp-content\/uploads\/2017\/02\/La-Rappresentante-di-Lista-1024x390.jpg\" width=\"730\" height=\"278\" srcset=\"https:\/\/www.piuomenopop.it\/wp-content\/uploads\/2017\/02\/La-Rappresentante-di-Lista-1024x390.jpg 1024w, https:\/\/www.piuomenopop.it\/wp-content\/uploads\/2017\/02\/La-Rappresentante-di-Lista-768x293.jpg 768w, https:\/\/www.piuomenopop.it\/wp-content\/uploads\/2017\/02\/La-Rappresentante-di-Lista-300x114.jpg 300w, https:\/\/www.piuomenopop.it\/wp-content\/uploads\/2017\/02\/La-Rappresentante-di-Lista.jpg 1000w\" sizes=\"auto, (max-width: 730px) 100vw, 730px\" \/><\/p>\n<p><a href=\"https:\/\/www.facebook.com\/rappresentantelista\/?fref=ts\" target=\"_blank\"><strong>La Rappresentante di Lista<\/strong><\/a> torna con il suo primo album live registrato durante il tour di\u00a0<em>Bu Bu Sad<\/em>,\u00a0ultima release in studio data alle stampe nel dicembre del 2015 per Garrincha Dischi.<\/p>\n<p>Un concerto fatto di musica e teatro che ha riempito le sale dello stivale e che li ha consacrati come una delle band rivelazione dell&#8217;ultima stagione.<\/p>\n<p>Dal prossimo <strong>7 marzo<\/strong> le tracce di questo lungo percorso diventano un disco sempre con <u>Garrincha Dischi<\/u>. Sul palco ieri come oggi una delle voci pi\u00f9 potenti della scena italiana, quella di Veronica Lucchesi, accompagnata da Dario Mangiaracina (attore, polistrumentista e membro fondatore insieme a Veronica), Enrico Lupi (tromba e synth), Marta Cannuscio (fisarmonicista prestata alle percussioni) ed Erika Gold (corista con in tasca la pietra filosofale).<\/p>\n<blockquote><p><span style=\"font-family: Arial Narrow, serif;\"><em>&#8220;Scrivere canzoni \u00e8 un atto privato. Un momento di disgraziata confessione. Quando siamo soli riveliamo noi stessi, dichiariamo le nostre bestialit\u00e0. Poi il fiume in piena fissa i suoi argini. Incidere un disco \u00e8 come morire beati. Le canzoni saranno per sempre incastrate in quel corpo. Ma la loro anima vola e canta. Cantare \u00e8 un atto pubblico. Un atto salvifico per chi dice e per chi ascolta. \u00c8 in quell&#8217;atto che ci si assume la responsabilit\u00e0 di realizzare un&#8217;azione concreta, in grado di scardinare gli appigli di un disco inciso e finito ed esaurito che si ripete sempre uguale all&#8217;ascolto. Suonare sul palco \u00e8 un rito. Un mezzo per trasformare in un incontro vivo ci\u00f2 che \u00e8 scritto. Incontrare occhi, parole, significati, ha dato nuova vita a Bu bu sad. Un disco che \u00e8 stato per noi veggente, per altri chiarificatore, nuovo ogni sera, in ogni luogo. Abbiamo deciso di incidere un disco live perch\u00e9 le canzoni hanno preso nuova vita: crescono, muoiono e rivivono. Dove sbagliamo, respiriamo senza tempo, danziamo.&#8221;<\/em><\/span><\/p><\/blockquote>\n<p style=\"text-align: center;\"><strong>Ecco le date del tour: <\/strong><\/p>\n<p style=\"text-align: center;\"><strong>16\/03 CATANIA \/\/ BARBARA<\/strong><br \/>\n<strong>17\/03 MESSINA \/\/ RETRONOUVEAU<\/strong><br \/>\n<strong>18\/03 NAPOLI \/\/ OFFICINA 99<\/strong><br \/>\n<strong>23\/03 ROMA \/\/ MONK<\/strong><br \/>\n<strong>24\/03 MASSA CARRARA \/\/ THEREMIN<\/strong><br \/>\n<strong>25\/03 MILANO \/\/ GOGANGA<\/strong><br \/>\n<strong>26\/03 TREVISO \/\/ DJANGO<\/strong><br \/>\n<strong>31\/03 TORINO \/\/ OFFICINE CORSARE<\/strong><br \/>\n<strong>01\/04 CESENA (FC) \/\/ VIDIA<\/strong><br \/>\n<strong>20\/04 VENEZIA \/\/ AI BILIARDI<\/strong><br \/>\n<strong>21\/04 S.VITO DI LEGUZZANO (VI) \/\/ CENTRO STABILE DI CULTURA<\/strong><br \/>\n<strong>22\/04 IVREA (TO) \/\/ LO ZAC<\/strong><br \/>\n<strong>28\/04 BUSTO ARSIZIO (VA) \/\/ CIRCOLO GAGARIN<\/strong><br \/>\n<strong>29\/04 FIRENZE \/\/ TENDER<\/strong><br \/>\n<strong>30\/04 SENIGALLIA (AN) \/\/ MAMAMIA<\/strong><\/p>\n","protected":false},"excerpt":{"rendered":"<div class=\"mh-excerpt\"><p>La Rappresentante di Lista torna con il suo primo album live registrato durante il tour di\u00a0Bu Bu Sad,\u00a0ultima release in studio data alle stampe nel <a class=\"mh-excerpt-more\" href=\"https:\/\/www.piuomenopop.it\/index.php\/2017\/02\/11\/ritorna-la-rappresentante-di-lista-con-un-album-live-e-un-tour\/\" title=\"Ritorna La Rappresentante di Lista con un album live e un tour\">[&#8230;]<\/a><\/p>\n<\/div>","protected":false},"author":1,"featured_media":13095,"comment_status":"closed","ping_status":"closed","sticky":false,"template":"","format":"standard","meta":{"sfsi_plus_gutenberg_text_before_share":"","sfsi_plus_gutenberg_show_text_before_share":"","sfsi_plus_gutenberg_icon_type":"","sfsi_plus_gutenberg_icon_alignemt":"","sfsi_plus_gutenburg_max_per_row":"","footnotes":"","_links_to":"","_links_to_target":""},"categories":[3,939,985],"tags":[996,1150],"class_list":["post-13094","post","type-post","status-publish","format-standard","has-post-thumbnail","hentry","category-news","category-pop","category-tour","tag-garrincha-dischi","tag-sbam-ufficio-stampa"],"aioseo_notices":[],"_links":{"self":[{"href":"https:\/\/www.piuomenopop.it\/index.php\/wp-json\/wp\/v2\/posts\/13094","targetHints":{"allow":["GET"]}}],"collection":[{"href":"https:\/\/www.piuomenopop.it\/index.php\/wp-json\/wp\/v2\/posts"}],"about":[{"href":"https:\/\/www.piuomenopop.it\/index.php\/wp-json\/wp\/v2\/types\/post"}],"author":[{"embeddable":true,"href":"https:\/\/www.piuomenopop.it\/index.php\/wp-json\/wp\/v2\/users\/1"}],"replies":[{"embeddable":true,"href":"https:\/\/www.piuomenopop.it\/index.php\/wp-json\/wp\/v2\/comments?post=13094"}],"version-history":[{"count":2,"href":"https:\/\/www.piuomenopop.it\/index.php\/wp-json\/wp\/v2\/posts\/13094\/revisions"}],"predecessor-version":[{"id":13097,"href":"https:\/\/www.piuomenopop.it\/index.php\/wp-json\/wp\/v2\/posts\/13094\/revisions\/13097"}],"wp:featuredmedia":[{"embeddable":true,"href":"https:\/\/www.piuomenopop.it\/index.php\/wp-json\/wp\/v2\/media\/13095"}],"wp:attachment":[{"href":"https:\/\/www.piuomenopop.it\/index.php\/wp-json\/wp\/v2\/media?parent=13094"}],"wp:term":[{"taxonomy":"category","embeddable":true,"href":"https:\/\/www.piuomenopop.it\/index.php\/wp-json\/wp\/v2\/categories?post=13094"},{"taxonomy":"post_tag","embeddable":true,"href":"https:\/\/www.piuomenopop.it\/index.php\/wp-json\/wp\/v2\/tags?post=13094"}],"curies":[{"name":"wp","href":"https:\/\/api.w.org\/{rel}","templated":true}]}}