{"id":1367,"date":"2016-05-31T13:00:32","date_gmt":"2016-05-31T11:00:32","guid":{"rendered":"http:\/\/www.piuomenopop.it\/?p=1367"},"modified":"2018-01-01T19:40:07","modified_gmt":"2018-01-01T18:40:07","slug":"un-nuovo-codex-intervista-ad-alessio-calivi","status":"publish","type":"post","link":"https:\/\/www.piuomenopop.it\/index.php\/2016\/05\/31\/un-nuovo-codex-intervista-ad-alessio-calivi\/","title":{"rendered":"Un nuovo Codex &#8211; Intervista ad Alessio Calivi"},"content":{"rendered":"<p><img loading=\"lazy\" decoding=\"async\" class=\"aligncenter wp-image-1373\" src=\"http:\/\/www.piuomenopop.it\/wp-content\/uploads\/2016\/05\/13232906_1139931379362915_3179905987413586555_n.jpg\" alt=\"13232906_1139931379362915_3179905987413586555_n\" width=\"318\" height=\"450\" srcset=\"https:\/\/www.piuomenopop.it\/wp-content\/uploads\/2016\/05\/13232906_1139931379362915_3179905987413586555_n.jpg 340w, https:\/\/www.piuomenopop.it\/wp-content\/uploads\/2016\/05\/13232906_1139931379362915_3179905987413586555_n-213x300.jpg 213w\" sizes=\"auto, (max-width: 318px) 100vw, 318px\" \/><\/p>\n<p>Siamo ormai giunti alla ventesima edizione di <a href=\"http:\/\/www.modamovie.it\/\" target=\"_blank\"><strong>Moda Movie<\/strong><\/a>, un\u2019interessantissima iniziativa culturale cosentina di <strong>creazione e immagine<\/strong> \u00a0che nasce con l\u2019intento di celebrare e far conoscere la relazione che c\u2019\u00e8 tra moda e arte in genere con un\u2019attenzione particolare al mondo del cinema. Moda Movie ha avuto nel corso degli anni la capacit\u00e0 di dare spazio e opportunit\u00e0 nuove a giovani talenti: Fashion Designer, registi, fotografi, attori hanno utilizzato quest\u2019importante vetrina per \u00a0far conoscere la loro proposta artistica. Tutte le proposte presentate in questa edizione\u00a0 sono accomunate dal tema scelto per il 2016: \u201cnel presente\u201d. Le iniziative culturali hanno attirato l\u2019attenzione di addetti ai lavori e cittadini creando a <strong>Cosenza<\/strong> una bella atmosfera ricca di partecipazione e collaborazione.<\/p>\n<p><strong>Sabato 4 giugno presso l\u2019Auditorium Guarasci di Cosenza<\/strong> ci sar\u00e0 una serata-evento con una scaletta davvero considerevole. Saranno infatti proiettati e premiati alcuni corti scelti dall\u2019associazione <strong>\u201c<em>Creazione e immagine<\/em>\u201d<\/strong>. Inoltre l\u2019autorevole<strong> Premio Cinema<\/strong> verr\u00e0 dato a <strong>Paolo Vivaldi<\/strong>, compositore di innumerevoli colonne sonore per il cinema, il teatro e la televisione: da \u201dEinstein\u201d di Liliana Cavani a \u201dRino Gaetano\u201d di Marco Turco, fino alla colonna sonora del grandissimo film di Claudio Caligari \u201cNon essere cattivo\u201d. Vivaldi si esibir\u00e0 con brani tratti proprio dal film di Caligari, accompagnato dai fiati di <strong>Mirko Onofrio<\/strong> (che ha collaborato tra gli altri con \u00a0Dario Brunori, Dente, Appino, Peppe Voltarelli, Colapesce, Dimartino).<\/p>\n<p>La serata si concluder\u00e0 con la partecipazione di un artista poliedrico; andr\u00e0 infatti in scena un live media realizzato da<strong> Kim Ree Heena<\/strong>, nuovo progetto elettronico di <a href=\"https:\/\/www.facebook.com\/calivius\" target=\"_blank\"><strong>Alessio Calivi<\/strong><\/a>. Originario di Taurianova, Alessio vive adesso a Milano e, dopo aver conseguito il diploma all\u2019Accademia del suono, si \u00e8 specializzato nel campo del \u201csound engeneering\u201d. Conosciuto nell\u2019ambiente indipendente italiano, soprattutto come cantante e musicista eclettico, \u00e8 proprio qui da noi che ha scelto di debuttare con questa nuova e originale performance. Siamo tutti consapevoli di come la rivoluzione digitale abbia ormai preso il sopravvento nelle nostre vite trasformando un po\u2019 tutto, dalle tecnologie alla comunicazione, dalla pubblicit\u00e0 alla fotografia; lo spettacolo di sabato parte proprio da questi presupposti per dar vita ad una performance particolare e originalissima.<\/p>\n<p>&nbsp;<\/p>\n<ul>\n<li><em><strong>Dall\u2019esordio col primo disco da solista \u201cForme e stati\u201d, col quale ti sei fatto conoscere da pubblico e critica, a \u201cSirene, vetri, urla e paperelle\u201d album che ha messo in evidenza la tua maturit\u00e0 musicale e la tua poliedricit\u00e0, a questa nuova avventura artistica\u2026Com\u2019\u00e8 cambiato Alessio Calivi negli anni e cos\u2019\u00e8 che lo spinge a costanti mutamenti? La voglia di osare e sperimentare, l\u2019instabilit\u00e0 emotiva, la ricerca di nuovi stimoli, cosa?<\/strong><\/em><\/li>\n<\/ul>\n<p><em>In effetti dal primo album sono passati sette anni e sicuramente molte cose sono cambiate, in me e nella musica che cerco di fare. Essendo un amante di diverse tipologie di suoni, come lo possono essere chitarre distorte o sintetizzatori analogici e digitali, cerco sempre di non fossilizzarmi su una trama sonora in particolare. Credo che i diversi progetti intrapresi ,anche quest&#8217;ultimo, abbiano tutti un filo conduttore, un lato prettamente melodico e uno sicuramente pi\u00f9 emotivo. La voglia di osare e sperimentare viaggia sempre con me e il cambio netto verso l&#8217;avventura Kim Ree Heena ne \u00e8 la prova. Quello che ho in mente per Kim dev&#8217;essere ancora curato, scolpito nei particolari e per questo serve ancora del tempo, la data zero, quella di Cosenza, ci dir\u00e0 a che punto sono del lavoro\u2026<\/em><\/p>\n<ul>\n<li><em><strong>Da calabrese, mi spiace sempre che i migliori talenti per crescere, riscuotere successo e credibilit\u00e0, debbano per forza trasferirsi al nord o talvolta all\u2019estero. Cos\u00ec \u00e8 stato anche per te che hai lasciato il sole e il calore di Taurianova per trasferirti a Milano. Nelle tue canzoni, in particolare\u00a0 in quelle urlate, rabbiose c\u2019\u00e8 anche questo?<\/strong><\/em><\/li>\n<\/ul>\n<p><em>Si, la mia terra \u00e8 e sar\u00e0 sempre con me. Tante cose le ho scritte in Calabria e di conseguenza sono state influenzate dal territorio. Ci torno spesso e volentieri a Taurianova, ma lascio sempre che i luoghi in cui mi trovo diventino elementi ispiratori della mia musica.<\/em><\/p>\n<ul>\n<li><em><strong>Ora vogliamo sapere e capire di pi\u00f9 di quello che ci aspetta per la serata del quattro giugno; come nasce il tuo progetto elettronico, Kim Ree Heena e la collaborazione con Noil Klune?<\/strong><\/em><\/li>\n<\/ul>\n<p><em>La serata del quattro giugno sar\u00e0 caratterizzata da tre temi musicali. Uno \u00e8 prettamente sperimentale ma preferirei non aggiungere altro per non rovinare la sorpresa&#8230; Gli altri due sono composizioni scritte per Kim pensando ad un futuro album e ad un tour. Mi piace alternare sul palco strumenti diversi e questo sar\u00e0 un elemento fondamentale del progetto. Con Noil Klune c&#8217;\u00e8 un rapporto artistico ormai consolidato. Mi rispecchio molto nelle sue opere, nel suo stile unico e interessante che coinvolge pittura, arte digitale e fotografia e per questo ha sempre campo libero nel \u201cvestire\u201d i miei dischi e i miei live. Oltre a questo \u00e8 un mio compaesano, ci conosciamo da sempre e siamo legati da \u00a0una profonda amicizia.<\/em><\/p>\n<ul>\n<li><em><strong>Ora una curiosit\u00e0 da chi ha avuto la fortuna, lo scorso anno, di essere presente ad una grande serata. Mi riferisco al tuo concerto a\u00a0 Jacurso organizzato dalla rassegna musicale \u201c Suoni pINDarici\u201d in cui hai avuto l\u2019onore di essere tra gli artisti che hanno aperto la performance di Stuart Braithwaite, cantante e chitarrista dei Mogwai. Che emozione hai provato? Hai qualche aneddoto da raccontarci di quella serata magica?<\/strong><\/em><\/li>\n<\/ul>\n<p><em>Ehehehe, si \u00e8 stata davvero una serata magica e tutti i musicisti presenti e lo staff artistico-organizzativo hanno contribuito al meglio per la riuscita. Di Stuart posso dire che rientra nei miei chitarristi preferiti, ho la discografia completa dei Mogwai. Quella sera alla fine del suo live, che onorandomi ha iniziato suonando la mia Telecaster, gli ho chiesto l&#8217;autografo non su carta bens\u00ec sull&#8217;altra mia chitarra elettrica. Ha dimostrato di essere non solo un grande artista ma una persona umilissima.<\/em><\/p>\n<ul>\n<li><em><strong>Cosa dobbiamo aspettarci per il futuro da Alessio Calivi? Ci sono altri nuovi progetti nell\u2019aria? Raccontaci\u2026<\/strong><\/em><\/li>\n<\/ul>\n<p><em>Per il futuro dar\u00f2 molto spazio a Kim Ree Heena, \u00e8 un progetto a cui tengo molto. Tuttavia spero di aver la possibilit\u00e0 di esprimere e portare fuori anche Alessio Calivi con la band, che a mio avviso non \u00e8 stato ancora spremuto e spinto abbastanza. L&#8217;importante per me \u00e8 non perdere mai lo spirito creativo che credo debba essere la base fondamentale di tutte le arti, non solo della musica.<\/em><\/p>\n<p>&nbsp;<\/p>\n<p>&nbsp;<\/p>\n<p>&nbsp;<\/p>\n<p>.<\/p>\n<p>&nbsp;<\/p>\n","protected":false},"excerpt":{"rendered":"<div class=\"mh-excerpt\"><p>Siamo ormai giunti alla ventesima edizione di Moda Movie, un\u2019interessantissima iniziativa culturale cosentina di creazione e immagine \u00a0che nasce con l\u2019intento di celebrare e far <a class=\"mh-excerpt-more\" href=\"https:\/\/www.piuomenopop.it\/index.php\/2016\/05\/31\/un-nuovo-codex-intervista-ad-alessio-calivi\/\" title=\"Un nuovo Codex &#8211; Intervista ad Alessio Calivi\">[&#8230;]<\/a><\/p>\n<\/div>","protected":false},"author":10,"featured_media":1373,"comment_status":"closed","ping_status":"closed","sticky":false,"template":"","format":"standard","meta":{"sfsi_plus_gutenberg_text_before_share":"","sfsi_plus_gutenberg_show_text_before_share":"","sfsi_plus_gutenberg_icon_type":"","sfsi_plus_gutenberg_icon_alignemt":"","sfsi_plus_gutenburg_max_per_row":"","footnotes":"","_links_to":"","_links_to_target":""},"categories":[236,4,8],"tags":[296,43,297,253],"class_list":["post-1367","post","type-post","status-publish","format-standard","has-post-thumbnail","hentry","category-elettronica","category-interviste","category-uscite","tag-alessio-calivi","tag-cosenza","tag-interviste","tag-moda-movie"],"aioseo_notices":[],"_links":{"self":[{"href":"https:\/\/www.piuomenopop.it\/index.php\/wp-json\/wp\/v2\/posts\/1367","targetHints":{"allow":["GET"]}}],"collection":[{"href":"https:\/\/www.piuomenopop.it\/index.php\/wp-json\/wp\/v2\/posts"}],"about":[{"href":"https:\/\/www.piuomenopop.it\/index.php\/wp-json\/wp\/v2\/types\/post"}],"author":[{"embeddable":true,"href":"https:\/\/www.piuomenopop.it\/index.php\/wp-json\/wp\/v2\/users\/10"}],"replies":[{"embeddable":true,"href":"https:\/\/www.piuomenopop.it\/index.php\/wp-json\/wp\/v2\/comments?post=1367"}],"version-history":[{"count":5,"href":"https:\/\/www.piuomenopop.it\/index.php\/wp-json\/wp\/v2\/posts\/1367\/revisions"}],"predecessor-version":[{"id":1374,"href":"https:\/\/www.piuomenopop.it\/index.php\/wp-json\/wp\/v2\/posts\/1367\/revisions\/1374"}],"wp:featuredmedia":[{"embeddable":true,"href":"https:\/\/www.piuomenopop.it\/index.php\/wp-json\/wp\/v2\/media\/1373"}],"wp:attachment":[{"href":"https:\/\/www.piuomenopop.it\/index.php\/wp-json\/wp\/v2\/media?parent=1367"}],"wp:term":[{"taxonomy":"category","embeddable":true,"href":"https:\/\/www.piuomenopop.it\/index.php\/wp-json\/wp\/v2\/categories?post=1367"},{"taxonomy":"post_tag","embeddable":true,"href":"https:\/\/www.piuomenopop.it\/index.php\/wp-json\/wp\/v2\/tags?post=1367"}],"curies":[{"name":"wp","href":"https:\/\/api.w.org\/{rel}","templated":true}]}}