{"id":14713,"date":"2017-02-26T19:42:26","date_gmt":"2017-02-26T18:42:26","guid":{"rendered":"http:\/\/www.piuomenopop.it\/?p=14713"},"modified":"2018-01-01T15:10:48","modified_gmt":"2018-01-01T14:10:48","slug":"yann-tiersen-al-musart-festival-di-firenze","status":"publish","type":"post","link":"https:\/\/www.piuomenopop.it\/index.php\/2017\/02\/26\/yann-tiersen-al-musart-festival-di-firenze\/","title":{"rendered":"Yann Tiersen al Musart Festival di Firenze"},"content":{"rendered":"<p style=\"text-align: center;\"><strong><span style=\"font-size: 14pt;\">YANN TIERSEN<\/span>, lun 17\/7 al Musart Festival di Firenze &#8211; Il compositore e musicista francese presenta il nuovo album <em>\u201cEusa\u201d<\/em><\/strong><\/p>\n<p style=\"text-align: center;\">Luned\u00ec 17 luglio 2017 in piazza SS Annunziata<\/p>\n<p style=\"text-align: center;\"><img loading=\"lazy\" decoding=\"async\" class=\"aligncenter wp-image-14716 size-medium\" src=\"http:\/\/www.piuomenopop.it\/wp-content\/uploads\/2017\/02\/yann_tiersen-1-225x300.jpg\" width=\"225\" height=\"300\" srcset=\"https:\/\/www.piuomenopop.it\/wp-content\/uploads\/2017\/02\/yann_tiersen-1-225x300.jpg 225w, https:\/\/www.piuomenopop.it\/wp-content\/uploads\/2017\/02\/yann_tiersen-1.jpg 253w\" sizes=\"auto, (max-width: 225px) 100vw, 225px\" \/><\/p>\n<p>Si arricchisce di un grande nome della musica internazionale il <a href=\"http:\/\/www.musartfestival.it\" target=\"_blank\"><strong>Musart Festival 2017<\/strong><\/a> in programma la prossima estate in piazza della Santissima Annunziata a Firenze.<\/p>\n<p>Compositore e musicista di culto, <strong>Yann Tiersen<\/strong> sar\u00e0 in concerto luned\u00ec 17 luglio, in versione piano solo, nella data inaugurale del festival.<\/p>\n<p>I biglietti sono disponibili nei circuiti di prevendita Box Office Toscana <a href=\"http:\/\/www.boxofficetoscana.it\" target=\"_blank\">www.boxofficetoscana.it<\/a> (tel. 055.210804), Boxol <a href=\"http:\/\/www.boxol.it\" target=\"_blank\">www.boxol.it<\/a> (tel. 055.210804) e TicketOne <a href=\"http:\/\/www.ticketone.it\" target=\"_blank\">www.ticketone.it<\/a> (tel. 892.101). Info tel. 055.667566 <a href=\"http:\/\/www.musartfestival.it\" target=\"_blank\">www.musartfestival.it<\/a>.<\/p>\n<p>Il tour che riporta l\u2019artista in Italia si concentrer\u00e0 completamente su <em><strong>\u201cEusa\u201d<\/strong><\/em>, il recente album ispirato e dedicato all\u2019omonima isola bretone dove l\u2019artista ha scelto di vivere.<\/p>\n<p><em><strong>\u201cEusa\u201d<\/strong><\/em> si dipana attraverso 10 composizioni per pianoforte, ognuna legata a una posizione specifica dell\u2019isola di Ouessant (&#8216;Eusa&#8217; in bretone).<\/p>\n<p>Nell\u2019album, registrato presso gli <strong>Abbey Road Studios<\/strong>, il piano solista di <strong>Yann Tiersen<\/strong> \u00e8 accompagnato solo dalle registrazioni di campo, effettuate nel punto esatto dell\u2019isola a cui ogni brano fa riferimento.<\/p>\n<p>Tiersen spiega: <em>\u201cOuessant \u00e8 pi\u00f9 di una semplice casa &#8211; \u00e8 una parte di me. L&#8217;idea era di fare una mappa dell&#8217;isola e, per riflesso, una mappa di quello che sono io. Per cominciare ho scelto dieci luoghi dell&#8217;isola e ho fatto una serie di registrazioni ambientali per ciascuno di essi. Le composizioni di musica per pianoforte che ho scritto in seguito prendono il nome di questi luoghi, e la partitura di ogni pezzo \u00e8 accompagnata dalle coordinate GPS e da una fotografia del sito scattata da Emilie Quinquis\u201d<\/em>.<\/p>\n<p>Il programma completo di Musart Festival 2017 sar\u00e0 svelato nei prossimi giorni. Il concerto di <strong>Yann Tiersen<\/strong> va ad aggiungersi a quello, gi\u00e0 annunciato, di <strong>Paolo Conte<\/strong>, gioved\u00ec 20 luglio sempre sul palco di piazza della Santissima Annunziata, nel cuore del centro storico fiorentino.<\/p>\n<p><strong>Musart Festival di Firenze<\/strong> si conferma tra le eccellenze dell\u2019estate in musica, grazie a una formula che abbina grandi concerti, visite d\u2019arte, cultura e gourmet.<\/p>\n<p>Durante i giorni del Festival gli spettatori potranno visitare, gratuitamente, alcuni dei luoghi d&#8217;arte pi\u00f9 significativi di piazza della Santissima Annunziata.<\/p>\n<p>Per chi lo desidera sono disponibili biglietti Gold Package e Silver Package, che all\u2019ingresso al concerto abbinano cena a buffet, parcheggio, personale dedicato e altri servizi esclusivi.<\/p>\n<p>Musart Festival \u00e8 una produzione Prg Firenze.<\/p>\n<p>Il tour italiano di Yann Tiersen \u00e8 prodotto da Ponderosa Music&amp;Art: dopo la data fiorentina del 17 luglio, l\u2019artista sar\u00e0 in concerto il 18 luglio all\u2019Auditorium Parco della Musica di Roma e il 19 luglio al Teatro la Fenice di Venezia.<\/p>\n<p style=\"text-align: center;\"><strong>Guarda il video del trailer dell\u2019album in cui una gru consegna a Tiersen il pianoforte alle coordinate 48\u00b026\u2019 19\u201dN 5\u00b06\u2019 40\u201dW (o meglio Porz Goret) sull\u2019isola<\/strong><br \/>\n<iframe loading=\"lazy\" src=\"https:\/\/www.youtube.com\/embed\/giCJRXIEGGA\" width=\"560\" height=\"315\" frameborder=\"0\" allowfullscreen=\"allowfullscreen\"><\/iframe><\/p>\n<p style=\"text-align: center;\"><strong>Guarda il video di \u201cPorz Goret\u201d dall\u2019album \u201cEusa\u201d<\/strong><br \/>\n<iframe loading=\"lazy\" src=\"https:\/\/www.youtube.com\/embed\/KwwwWz6Ef3I\" width=\"560\" height=\"315\" frameborder=\"0\" allowfullscreen=\"allowfullscreen\"><\/iframe><\/p>\n<p style=\"text-align: center;\">Scarica il video del Musart Festival<br \/>\n<a href=\"http:\/\/bit.ly\/2k8GnVR\" target=\"_blank\">http:\/\/bit.ly\/2k8GnVR<\/a><\/p>\n<p>&nbsp;<\/p>\n<p><span style=\"font-size: 10pt;\">Biglietti posti numerati<\/span><\/p>\n<p><span style=\"font-size: 10pt;\">YANN TIERSEN &#8211; luned\u00ec 17 luglio 2017 \u2013 ore 21,15<\/span><br \/>\n<span style=\"font-size: 10pt;\"> 1\u00b0 settore platea 46 euro; 2\u00b0 settore platea 36,80 euro; 3\u00b0 settore gradinata 28,75 euro;<\/span><br \/>\n<span style=\"font-size: 10pt;\"> Gold Package Primo settore + cena a buffet, parcheggio, personale dedicato, ingresso Museo degli Innocenti = 132 euro<\/span><br \/>\n<span style=\"font-size: 10pt;\"> Gold Package Secondo settore + cena a buffet, parcheggio, personale dedicato, ingresso Museo degli Innocenti = 123 euro<\/span><br \/>\n<span style=\"font-size: 10pt;\"> Silver Package Primo settore + cena a buffet = 102 euro<\/span><br \/>\n<span style=\"font-size: 10pt;\"> Silver Package Secondo settore + cena a buffet = 92 euro<\/span><br \/>\n<span style=\"font-size: 10pt;\"> (tutti comprensivi di diritti di prevendita)<\/span><\/p>\n<p>&nbsp;<\/p>\n<p>&nbsp;<\/p>\n<p>&nbsp;<\/p>\n","protected":false},"excerpt":{"rendered":"<div class=\"mh-excerpt\"><p>YANN TIERSEN, lun 17\/7 al Musart Festival di Firenze &#8211; Il compositore e musicista francese presenta il nuovo album \u201cEusa\u201d Luned\u00ec 17 luglio 2017 in <a class=\"mh-excerpt-more\" href=\"https:\/\/www.piuomenopop.it\/index.php\/2017\/02\/26\/yann-tiersen-al-musart-festival-di-firenze\/\" title=\"Yann Tiersen al Musart Festival di Firenze\">[&#8230;]<\/a><\/p>\n<\/div>","protected":false},"author":1,"featured_media":14715,"comment_status":"closed","ping_status":"closed","sticky":false,"template":"","format":"standard","meta":{"sfsi_plus_gutenberg_text_before_share":"","sfsi_plus_gutenberg_show_text_before_share":"","sfsi_plus_gutenberg_icon_type":"","sfsi_plus_gutenberg_icon_alignemt":"","sfsi_plus_gutenburg_max_per_row":"","footnotes":"","_links_to":"","_links_to_target":""},"categories":[2859,3],"tags":[2901,2900,2899],"class_list":["post-14713","post","type-post","status-publish","format-standard","has-post-thumbnail","hentry","category-classica","category-news","tag-eusa","tag-musart-festival-2017","tag-yann-tiersen"],"aioseo_notices":[],"_links":{"self":[{"href":"https:\/\/www.piuomenopop.it\/index.php\/wp-json\/wp\/v2\/posts\/14713","targetHints":{"allow":["GET"]}}],"collection":[{"href":"https:\/\/www.piuomenopop.it\/index.php\/wp-json\/wp\/v2\/posts"}],"about":[{"href":"https:\/\/www.piuomenopop.it\/index.php\/wp-json\/wp\/v2\/types\/post"}],"author":[{"embeddable":true,"href":"https:\/\/www.piuomenopop.it\/index.php\/wp-json\/wp\/v2\/users\/1"}],"replies":[{"embeddable":true,"href":"https:\/\/www.piuomenopop.it\/index.php\/wp-json\/wp\/v2\/comments?post=14713"}],"version-history":[{"count":2,"href":"https:\/\/www.piuomenopop.it\/index.php\/wp-json\/wp\/v2\/posts\/14713\/revisions"}],"predecessor-version":[{"id":14717,"href":"https:\/\/www.piuomenopop.it\/index.php\/wp-json\/wp\/v2\/posts\/14713\/revisions\/14717"}],"wp:featuredmedia":[{"embeddable":true,"href":"https:\/\/www.piuomenopop.it\/index.php\/wp-json\/wp\/v2\/media\/14715"}],"wp:attachment":[{"href":"https:\/\/www.piuomenopop.it\/index.php\/wp-json\/wp\/v2\/media?parent=14713"}],"wp:term":[{"taxonomy":"category","embeddable":true,"href":"https:\/\/www.piuomenopop.it\/index.php\/wp-json\/wp\/v2\/categories?post=14713"},{"taxonomy":"post_tag","embeddable":true,"href":"https:\/\/www.piuomenopop.it\/index.php\/wp-json\/wp\/v2\/tags?post=14713"}],"curies":[{"name":"wp","href":"https:\/\/api.w.org\/{rel}","templated":true}]}}