{"id":15253,"date":"2017-03-08T10:34:03","date_gmt":"2017-03-08T09:34:03","guid":{"rendered":"http:\/\/www.piuomenopop.it\/?p=15253"},"modified":"2018-01-01T15:05:47","modified_gmt":"2018-01-01T14:05:47","slug":"intervista-a-gregory-alan-isakov-in-occasione-del-suo-concerto-al-circolo-arci-magnolia-mi","status":"publish","type":"post","link":"https:\/\/www.piuomenopop.it\/index.php\/2017\/03\/08\/intervista-a-gregory-alan-isakov-in-occasione-del-suo-concerto-al-circolo-arci-magnolia-mi\/","title":{"rendered":"Intervista a Gregory Alan Isakov in occasione del suo concerto al Circolo Arci Magnolia (MI)"},"content":{"rendered":"<p><img loading=\"lazy\" decoding=\"async\" class=\"alignnone size-medium wp-image-15273 aligncenter\" src=\"http:\/\/www.piuomenopop.it\/wp-content\/uploads\/2017\/03\/Gregory-Alan-Isakof-300x221.jpg\" alt=\"\" width=\"300\" height=\"221\" srcset=\"https:\/\/www.piuomenopop.it\/wp-content\/uploads\/2017\/03\/Gregory-Alan-Isakof-300x221.jpg 300w, https:\/\/www.piuomenopop.it\/wp-content\/uploads\/2017\/03\/Gregory-Alan-Isakof-80x60.jpg 80w, https:\/\/www.piuomenopop.it\/wp-content\/uploads\/2017\/03\/Gregory-Alan-Isakof.jpg 320w\" sizes=\"auto, (max-width: 300px) 100vw, 300px\" \/><\/p>\n<p>&nbsp;<\/p>\n<p>Il 16 Marzo sar\u00e0 a Milano al <a href=\"https:\/\/www.facebook.com\/CircoloMagnolia\/?fref=ts\" target=\"_blank\">Circolo Arci Magnolia<\/a>, per un\u2019unica data italiana, <a href=\"https:\/\/www.facebook.com\/gregoryalanisakov\/\" target=\"_blank\">Gregory Alan Isakov<\/a>, definito dalla critica come un \u201cgenio lirico\u201d che si ispira a maestri come<strong> Leonard Cohen <\/strong>e<strong> Bruce Springsteen<\/strong>.<br \/>\nNato a Johannesburg, in Sud Africa, e residente in Colorado, <strong>Gregory Alan Isakov<\/strong> ha viaggiato per tutta la vita. E le sue canzoni parlano proprio di questo: raccontano, con un talento e una raffinatezza unici, storie di chilometri percorsi e nuovi paesaggi tutti da scoprire.<br \/>\nRecentemente \u00e8 uscito un suo disco realizzato in collaborazione con<strong> The Colorado Symphony <\/strong>che include 11 canzoni prese da precedenti album dello stesso Isakov (\u201c<em>The Weatherman\u201d, \u201cThis Empty Northern Hemisphere\u201d, \u201cThat Sea, The Gambler<\/em>\u201d).<\/p>\n<div>Dopo varie suggestive esibizioni in giro per gli USA insieme all\u2019Orchestra e in tutto il mondo come apertura ai live di <b><i>Passenger<\/i><\/b>, ora <b><i><span class=\"il\">Gregory<\/span> <span class=\"il\">Alan<\/span> <span class=\"il\">Isakov<\/span><\/i><\/b> torna ad esibirsi con la propria <b>band<\/b> (<b>Jeb Bows<\/b> al violino, <b>John Grigsby<\/b> al basso, <b>Max Barcelow<\/b> alla batteria e <b><i>Steve Varney<\/i><\/b> alla chitarra e banjo) ed \u00e8 proprio con questa formazione che lo vedremo a Milano.<\/div>\n<div><\/div>\n<div><em>In occasione del suo concerto in Italia abbiamo pensato di rivolgere qualche domanda al cantante per sapere qualcosa di pi\u00f9 sul nuovo disco e sul tour europeo.<\/em><\/div>\n<div><\/div>\n<div><\/div>\n<div><img loading=\"lazy\" decoding=\"async\" class=\"alignnone size-medium wp-image-15274 aligncenter\" src=\"http:\/\/www.piuomenopop.it\/wp-content\/uploads\/2017\/03\/Gregory-Alan-Isakof-tour-Milano-300x200.jpg\" alt=\"\" width=\"300\" height=\"200\" srcset=\"https:\/\/www.piuomenopop.it\/wp-content\/uploads\/2017\/03\/Gregory-Alan-Isakof-tour-Milano-300x200.jpg 300w, https:\/\/www.piuomenopop.it\/wp-content\/uploads\/2017\/03\/Gregory-Alan-Isakof-tour-Milano.jpg 321w\" sizes=\"auto, (max-width: 300px) 100vw, 300px\" \/><\/div>\n<div><\/div>\n<p>&nbsp;<\/p>\n<p><strong>Ciao e un grosso in bocca al lupo per il tour europeo che ti appresti a cominciare. Girerai davvero su e gi\u00f9 per l\u2019Europa, qual \u00e8 il posto dove ti piace di pi\u00f9 suonare?<\/strong><\/p>\n<p>Innanzitutto grazie e crepi il lupo! Amo l&#8217;Italia e per me \u00e8 fantastico tornarci dopo solo pochi mesi dall\u2019ultima volta. Sar\u00e0 la terza volta che suono a Milano e sono davvero molto emozionato.<\/p>\n<p>&nbsp;<\/p>\n<p><strong>Sappiamo che in Italia ti esibirai con la tua band. \u00c8 questa la formazione che senti pi\u00f9 tua?<\/strong><\/p>\n<p>Si, assolutamente, ho scritto i miei pezzi per questa band ed \u00e8 la formazione con la quale preferisco esibirmi durante i miei live.<br \/>\n<strong>Raccontaci invece com&#8217;\u00e8 stato suonare con un&#8217;orchestra&#8230;<\/strong><\/p>\n<p>Suonare con la <em>Symphony<\/em> \u00e8 stato incredibile, come puoi immaginare. All&#8217;inizio ero davvero agitato, mi sembrava impossibile, la realizzazione di un sogno. Ma pian piano, mettendo su i pezzi insieme all&#8217;orchestra mi sono ritrovato in questo suono avvolgente come l&#8217;oceano dietro di noi. Il tempo era sfuggente e in continuo movimento e avrei voluto che non potesse finire mai.<br \/>\n<strong>A proposito dell\u2019orchestra Colorado Symphony, da cosa \u00e8 nata l\u2019idea di riproporre alcuni dei tuoi pezzi facendoti accompagnare da un\u2019orchestra? Da ascoltatrice, posso dirti che il risultato \u00e8 speciale, regala ancora qualcosa in pi\u00f9 da un punto di vista emozionale, da brividi!<\/strong><\/p>\n<p>Grazie mille! Era una sorta di chimera per me, un sogno che credevo non potesse mai avverarsi. Non riesco ancora a crederci!<\/p>\n<p>&nbsp;<\/p>\n<p><strong>Qual \u00e8 il tuo rapporto col cinema? Credo che quest\u2019album possa essere un\u2019ottima colonna sonora, visto la capacit\u00e0 che ha, grazie a questa nuova veste sonora, di regalare suggestioni visive cinematografiche.<\/strong><\/p>\n<p>Amo il legame profondo che c&#8217;\u00e8 tra la musica e il cinema, l&#8217;ho sempre percepito in maniera profonda. Le mie canzoni hanno fatto parte del mondo cinematografico in piccola parte ma mi piacerebbe fare di pi\u00f9.<\/p>\n<p>&nbsp;<\/p>\n<p><strong>A proposito di emozioni volevo farti i complimenti per \u201cLiars\u201d e il nuovo video, capace di trasportare in nuovi mondi e di trasmettere la voglia di viaggiare, di cambiare, di cercare di andare oltre. Mi spieghi com\u2019\u00e8 nata la canzone e la realizzazione del video?<\/strong><\/p>\n<p>Grazie davvero, questo brano \u00e8 stato scritto da un amico che ha gi\u00e0 collaborato con me in diversi pezzi, <em>Ron Scott<\/em>. Lui viene da Austin, in Texas ed \u00e8 in assoluto uno dei miei scrittori preferiti. Il video \u00e8 stato girato in parte nei pressi dell&#8217;azienda agricola in cui vivo e lavoro ed in parte in un locale in cui ho suonato, il <em>Red Rocks<\/em>.<\/p>\n<p>&nbsp;<\/p>\n<p><strong>Hai girato tanto. Qual \u00e8 il posto che consideri la tua vera casa? C\u2019\u00e8 qualche luogo che non conosci e che ti piacerebbe visitare?<\/strong><\/p>\n<p>La cosa buffa \u00e8 che ho viaggiato davvero tanto ed \u00e8 difficile per me pensare ad un posto come ad una casa, ma, probabilmente, il luogo che gli si avvicina di pi\u00f9 \u00e8 il <em>Colorado<\/em>. Tempo fa ho vissuto in <em>Scozia<\/em> ed ho fatto un internato in una fattoria e questo paese secondo me ha tanto da darmi.<\/p>\n<p>&nbsp;<\/p>\n<p><strong>Ho letto della tua passione per l\u2019artigianato e del tuo talento nel creare oggetti in legno. Credi che questa passione e quella per la musica siano in qualche modo legate?<br \/>\n<\/strong><\/p>\n<p>Credo che tutti i tipi di arte, in cui rientra sicuramente anche l&#8217;artigianato, siano strettamente legati. Questo succede perch\u00e9 se il lavoro che facciamo ci piace, in esso mettiamo la stessa grande passione.<\/p>\n<p>&nbsp;<\/p>\n<p><strong>Quali sono i tuoi progetti per il futuro?<\/strong><\/p>\n<p>Sto lavorando per un nuovo disco e sono davvero emozionato nel provare a suonare qualcuna delle mie nuove canzoni durante questo tour. Ho fatto crescere anche un p\u00f2 di sementi di ortaggi per una piccola societ\u00e0 di semi in Boulder, nel Colorado, con la quale spero di lavorare presto.<\/p>\n<p>&nbsp;<\/p>\n<p>&nbsp;<\/p>\n<p style=\"text-align: center;\"><iframe loading=\"lazy\" src=\"https:\/\/www.youtube.com\/embed\/LOGmE7bKH8c\" width=\"560\" height=\"315\" frameborder=\"0\" allowfullscreen=\"allowfullscreen\"><\/iframe><\/p>\n","protected":false},"excerpt":{"rendered":"<div class=\"mh-excerpt\"><p>&nbsp; Il 16 Marzo sar\u00e0 a Milano al Circolo Arci Magnolia, per un\u2019unica data italiana, Gregory Alan Isakov, definito dalla critica come un \u201cgenio lirico\u201d <a class=\"mh-excerpt-more\" href=\"https:\/\/www.piuomenopop.it\/index.php\/2017\/03\/08\/intervista-a-gregory-alan-isakov-in-occasione-del-suo-concerto-al-circolo-arci-magnolia-mi\/\" title=\"Intervista a Gregory Alan Isakov in occasione del suo concerto al Circolo Arci Magnolia (MI)\">[&#8230;]<\/a><\/p>\n<\/div>","protected":false},"author":10,"featured_media":15274,"comment_status":"closed","ping_status":"closed","sticky":false,"template":"","format":"standard","meta":{"sfsi_plus_gutenberg_text_before_share":"","sfsi_plus_gutenberg_show_text_before_share":"","sfsi_plus_gutenberg_icon_type":"","sfsi_plus_gutenberg_icon_alignemt":"","sfsi_plus_gutenburg_max_per_row":"","footnotes":"","_links_to":"","_links_to_target":""},"categories":[2399,227,4,985],"tags":[2988,2989,2987,1424,1371,65,2990],"class_list":["post-15253","post","type-post","status-publish","format-standard","has-post-thumbnail","hentry","category-cantautorato","category-folk","category-interviste","category-tour","tag-bruce-springsteen","tag-circolo-arci-magnolia","tag-gregory-alan-isakov","tag-leonard-cohen","tag-live-tour","tag-milano","tag-the-colorado-symphony"],"aioseo_notices":[],"_links":{"self":[{"href":"https:\/\/www.piuomenopop.it\/index.php\/wp-json\/wp\/v2\/posts\/15253","targetHints":{"allow":["GET"]}}],"collection":[{"href":"https:\/\/www.piuomenopop.it\/index.php\/wp-json\/wp\/v2\/posts"}],"about":[{"href":"https:\/\/www.piuomenopop.it\/index.php\/wp-json\/wp\/v2\/types\/post"}],"author":[{"embeddable":true,"href":"https:\/\/www.piuomenopop.it\/index.php\/wp-json\/wp\/v2\/users\/10"}],"replies":[{"embeddable":true,"href":"https:\/\/www.piuomenopop.it\/index.php\/wp-json\/wp\/v2\/comments?post=15253"}],"version-history":[{"count":3,"href":"https:\/\/www.piuomenopop.it\/index.php\/wp-json\/wp\/v2\/posts\/15253\/revisions"}],"predecessor-version":[{"id":15275,"href":"https:\/\/www.piuomenopop.it\/index.php\/wp-json\/wp\/v2\/posts\/15253\/revisions\/15275"}],"wp:featuredmedia":[{"embeddable":true,"href":"https:\/\/www.piuomenopop.it\/index.php\/wp-json\/wp\/v2\/media\/15274"}],"wp:attachment":[{"href":"https:\/\/www.piuomenopop.it\/index.php\/wp-json\/wp\/v2\/media?parent=15253"}],"wp:term":[{"taxonomy":"category","embeddable":true,"href":"https:\/\/www.piuomenopop.it\/index.php\/wp-json\/wp\/v2\/categories?post=15253"},{"taxonomy":"post_tag","embeddable":true,"href":"https:\/\/www.piuomenopop.it\/index.php\/wp-json\/wp\/v2\/tags?post=15253"}],"curies":[{"name":"wp","href":"https:\/\/api.w.org\/{rel}","templated":true}]}}