{"id":17065,"date":"2017-04-12T13:49:57","date_gmt":"2017-04-12T11:49:57","guid":{"rendered":"http:\/\/www.piuomenopop.it\/?p=17065"},"modified":"2017-10-17T12:23:20","modified_gmt":"2017-10-17T10:23:20","slug":"les-enfants-esce-il-5-maggio-isole-latteso-primo-album-per-uma-records","status":"publish","type":"post","link":"https:\/\/www.piuomenopop.it\/index.php\/2017\/04\/12\/les-enfants-esce-il-5-maggio-isole-latteso-primo-album-per-uma-records\/","title":{"rendered":"LES ENFANTS : esce il 5 maggio ISOLE, l&#8217;atteso primo album per UMA Records"},"content":{"rendered":"<p style=\"text-align: center;\"><strong>In bilico tra dream pop e cantautorato\u00a0 ISOLE \u00e8 il primo LP in uscita il 5 maggio per l\u2019etichetta UMA Records<\/strong><\/p>\n<p style=\"text-align: center;\"><img loading=\"lazy\" decoding=\"async\" class=\"alignnone wp-image-17066 \" src=\"http:\/\/www.piuomenopop.it\/wp-content\/uploads\/2017\/04\/les-enfants.jpg\" alt=\"\" width=\"701\" height=\"701\" srcset=\"https:\/\/www.piuomenopop.it\/wp-content\/uploads\/2017\/04\/les-enfants.jpg 400w, https:\/\/www.piuomenopop.it\/wp-content\/uploads\/2017\/04\/les-enfants-150x150.jpg 150w, https:\/\/www.piuomenopop.it\/wp-content\/uploads\/2017\/04\/les-enfants-300x300.jpg 300w, https:\/\/www.piuomenopop.it\/wp-content\/uploads\/2017\/04\/les-enfants-768x768.jpg 768w, https:\/\/www.piuomenopop.it\/wp-content\/uploads\/2017\/04\/les-enfants-60x60.jpg 60w\" sizes=\"auto, (max-width: 701px) 100vw, 701px\" \/><\/p>\n<p style=\"text-align: justify;\">I <a href=\"http:\/\/facebook.com\/LesEnfantsArt\" target=\"_blank\"><strong>Les Enfants<\/strong><\/a><strong>\u00a0<\/strong>sono quattro ragazzi di Milano che con i primi lavori hanno sorpreso al primo ascolto grazie al loro sound internazionale: un\u00a0<em>dream pop\u00a0<\/em>cantato in italiano unico nel suo genere. Dopo i due EP che li hanno fatti emergere e girare live per tutta Italia, sono finalmente pronti per il loro album di debutto\u00a0<strong>ISOLE<\/strong>\u00a0in uscita il prossimo 5 maggio 2017 per l\u2019etichetta\u00a0<strong>UMA Records<\/strong>.<\/p>\n<blockquote><p><em>\u201cISOLE \u00e8 un esperimento, un\u2019esplorazione di nuovi mondi sonori e ritmici, \u00e8 incontro e confronto con altre visioni musicali. ISOLE siamo noi lontani ma vicini, \u00e8 parlarsi senza ascoltarsi, \u00e8 aspettare di vivere. ISOLE \u00e8 il posto perfetto dove rifugiarsi, dove scappare. ISOLE \u00e8 bisogno di restare da soli, \u00e8 richiesta di aiuto. ISOLE sono i brani del nostro primo disco, ogni Isola ha un mondo suo, \u00e8 unica e diversa dalle altre. ISOLE \u00e8 elettronico e rock, \u00e8 synth e chitarre. ISOLE \u00e8 il nostro primo disco e il frutto di 3 anni di esperienze, concerti, collaborazioni. ISOLE \u00e8 un Miracolo dopo una lunga notte persi in mare.\u201d<\/em><\/p><\/blockquote>\n<p style=\"text-align: justify;\">I\u00a0<a href=\"http:\/\/facebook.com\/LesEnfantsArt\" target=\"_blank\"><strong>Les Enfants<\/strong><\/a>\u00a0fanno sognare con melodie semplici ma avvolgenti, ricamate con synth e chitarre che ben si fondono con la batteria,\u00a0la voce di Marco e i suoi testi tra l\u2019essenziale e l\u2019evocativo. Il loro album di debutto\u00a0<strong>ISOLE<\/strong>\u00a0\u00e8 un esperimento creativo privo di costrizioni: un ibrido sonoro in cui\u00a0dream pop, cantautorato,\u00a0pop e inserti elettronici si incontrano e tessono nuove e originali trame musicali in continua evoluzione. Il disco \u00e8 il frutto di un lavoro a 5 mani tra i membri della band e l\u2019impronta inconfondibile di\u00a0<strong>Giuliano Dottori<\/strong>, con il quale hanno creato, scritto e arrangiato\u00a0<strong>ISOLE<\/strong>. La produzione artistica \u00e8 interamente affidata a\u00a0<strong>Dottori<\/strong>\u00a0presso il\u00a0<strong>Jacuzi Studio<\/strong>\u00a0mentre il mastering a\u00a0<strong>Giovanni Versari<\/strong>, a esclusione del brano\u00a0<em>Isole<\/em>\u00a0affidato alla produzione di\u00a0<strong>Antonio Filippelli<\/strong>, mixato e masterizzato poi da\u00a0<strong>Cristian Milani.<\/strong><\/p>\n<p style=\"text-align: justify;\"><strong>I Les Enfants sono:<\/strong><br \/>\nMarco Manini (voce, batteria)<br \/>\nFrancesco Di Pierro (chitarra)<br \/>\nUmberto Del Gobbo (farfisa &amp; synth, chitarra, metallofono)<br \/>\nMichele Oggioni (basso)<\/p>\n","protected":false},"excerpt":{"rendered":"<div class=\"mh-excerpt\"><p>In bilico tra dream pop e cantautorato\u00a0 ISOLE \u00e8 il primo LP in uscita il 5 maggio per l\u2019etichetta UMA Records I Les Enfants\u00a0sono quattro <a class=\"mh-excerpt-more\" href=\"https:\/\/www.piuomenopop.it\/index.php\/2017\/04\/12\/les-enfants-esce-il-5-maggio-isole-latteso-primo-album-per-uma-records\/\" title=\"LES ENFANTS : esce il 5 maggio ISOLE, l&#8217;atteso primo album per UMA Records\">[&#8230;]<\/a><\/p>\n<\/div>","protected":false},"author":1,"featured_media":17066,"comment_status":"closed","ping_status":"closed","sticky":false,"template":"","format":"standard","meta":{"sfsi_plus_gutenberg_text_before_share":"","sfsi_plus_gutenberg_show_text_before_share":"","sfsi_plus_gutenberg_icon_type":"","sfsi_plus_gutenberg_icon_alignemt":"","sfsi_plus_gutenburg_max_per_row":"","footnotes":"","_links_to":"","_links_to_target":""},"categories":[2016,3,8,939],"tags":[153,833,3287],"class_list":["post-17065","post","type-post","status-publish","format-standard","has-post-thumbnail","hentry","category-dream-pop","category-news","category-uscite","category-pop","tag-astarteagency","tag-radar-concerti","tag-uma-records"],"aioseo_notices":[],"_links":{"self":[{"href":"https:\/\/www.piuomenopop.it\/index.php\/wp-json\/wp\/v2\/posts\/17065","targetHints":{"allow":["GET"]}}],"collection":[{"href":"https:\/\/www.piuomenopop.it\/index.php\/wp-json\/wp\/v2\/posts"}],"about":[{"href":"https:\/\/www.piuomenopop.it\/index.php\/wp-json\/wp\/v2\/types\/post"}],"author":[{"embeddable":true,"href":"https:\/\/www.piuomenopop.it\/index.php\/wp-json\/wp\/v2\/users\/1"}],"replies":[{"embeddable":true,"href":"https:\/\/www.piuomenopop.it\/index.php\/wp-json\/wp\/v2\/comments?post=17065"}],"version-history":[{"count":1,"href":"https:\/\/www.piuomenopop.it\/index.php\/wp-json\/wp\/v2\/posts\/17065\/revisions"}],"predecessor-version":[{"id":17067,"href":"https:\/\/www.piuomenopop.it\/index.php\/wp-json\/wp\/v2\/posts\/17065\/revisions\/17067"}],"wp:featuredmedia":[{"embeddable":true,"href":"https:\/\/www.piuomenopop.it\/index.php\/wp-json\/wp\/v2\/media\/17066"}],"wp:attachment":[{"href":"https:\/\/www.piuomenopop.it\/index.php\/wp-json\/wp\/v2\/media?parent=17065"}],"wp:term":[{"taxonomy":"category","embeddable":true,"href":"https:\/\/www.piuomenopop.it\/index.php\/wp-json\/wp\/v2\/categories?post=17065"},{"taxonomy":"post_tag","embeddable":true,"href":"https:\/\/www.piuomenopop.it\/index.php\/wp-json\/wp\/v2\/tags?post=17065"}],"curies":[{"name":"wp","href":"https:\/\/api.w.org\/{rel}","templated":true}]}}