{"id":17516,"date":"2017-04-20T13:28:35","date_gmt":"2017-04-20T11:28:35","guid":{"rendered":"http:\/\/www.piuomenopop.it\/?p=17516"},"modified":"2017-10-09T21:34:48","modified_gmt":"2017-10-09T19:34:48","slug":"trentemoller-quattro-date-in-estate-per-il-produttore-danese","status":"publish","type":"post","link":"https:\/\/www.piuomenopop.it\/index.php\/2017\/04\/20\/trentemoller-quattro-date-in-estate-per-il-produttore-danese\/","title":{"rendered":"TRENTEM\u00d8LLER &#8211; QUATTRO DATE IN ESTATE PER IL PRODUTTORE DANESE"},"content":{"rendered":"<p style=\"text-align: center;\"><strong>Ricami melodici che colpiscono al cuore, attenzione al suono in ogni minimo dettaglio, la capacit\u00e0 di combinare sensibilit\u00e0 indie e quelle elettroniche con un piglio raro, molto personale: \u00e8 con queste armi che il danese <a href=\"https:\/\/www.facebook.com\/trentemoller\/\" target=\"_blank\">Anders Trentem\u00f8ller<\/a> \u00e8 diventato uno degli artisti pi\u00f9 amati dell\u2019ultimo decennio.<\/strong><\/p>\n<p style=\"text-align: center;\"><img loading=\"lazy\" decoding=\"async\" class=\"alignnone wp-image-17518 size-full\" src=\"http:\/\/www.piuomenopop.it\/wp-content\/uploads\/2017\/04\/trentemoller-e1492687477411.jpg\" alt=\"\" width=\"600\" height=\"800\" srcset=\"https:\/\/www.piuomenopop.it\/wp-content\/uploads\/2017\/04\/trentemoller-e1492687477411.jpg 300w, https:\/\/www.piuomenopop.it\/wp-content\/uploads\/2017\/04\/trentemoller-e1492687477411-225x300.jpg 225w\" sizes=\"auto, (max-width: 600px) 100vw, 600px\" \/><\/p>\n<p style=\"text-align: justify;\">Una storia d\u2019amore, quella fra lui e un pubblico fin dall\u2019inizio molto vasto, preparato e trasversale, iniziata dalle sue prime produzioni (una serie di EP a partire dal 2003) e soprattutto dal suo album d\u2019esordio <strong>\u201cThe Last Resort\u201d,<\/strong> anno 2006, finito all\u2019epoca in moltissime classifiche sui migliori album dell\u2019anno, dandogli definitiva consacrazione. I successivi <strong>\u201cInto The Great Wide Yonder\u201d<\/strong> (2010) e <strong>\u201cLost\u201d<\/strong> (2013) non hanno fatto che confermare il suo status di artista sia di culto, sia in grado di parlare a pubblici diversi, sfaccettati.<\/p>\n<p style=\"text-align: justify;\">La musica di <a href=\"https:\/\/www.facebook.com\/trentemoller\/\" target=\"_blank\">Trentem\u00f8ller <\/a>sfugge infatti catalogazioni precise: il suo tocco molto personale nell\u2019attraversare le coordinate comprese fra elettronica ed indie non si fa in alcun modo ingabbiare in traiettorie predeterminate. <strong>\u201cFixion\u201d,<\/strong> uscito a settembre 2016, pi\u00f9 che essere una rivoluzione rispetto al suo predecessore<strong> \u201cLost\u201d<\/strong> (lavoro che probabilmente meglio di tutti \u00e8 riuscito a catturare e raccontare lo spirito della musica <a href=\"https:\/\/www.facebook.com\/trentemoller\/\" target=\"_blank\">Trentem\u00f8ller<\/a> nella sua traduzione live, l\u00ec dove gli album precedenti erano pi\u00f9 \u201cavventure da studio\u201d) ne \u00e8 una prosecuzione ideale. Restano alcuni fondamentali tratti distintivi: il tocco malinconico, la preziosit\u00e0 delle soluzioni melodice ed armoniche, un romanticismo di fondo molto scuro.<\/p>\n<p style=\"text-align: justify;\">\u00a0Energia che contrassegna sempre pi\u00f9 il suo aspetto live, dal 2007 con una vera e propria band e non pi\u00f9 in solitaria. Il tour che segue l\u2019uscita di <strong>\u201cFixion\u201d<\/strong> vede Anders <a href=\"https:\/\/www.facebook.com\/trentemoller\/\" target=\"_blank\">Trentem\u00f8ller<\/a> sul palco con altri quattro rodati compagni d\u2019avventura, tra cui Marie Fisker alla voce, pronti a destreggiarsi tra basso, chitarra, batteria e vari synth. Un organico di grande impatto, la cui forza \u00e8 ulteriormente valorizzata dal solito attentissimo lavoro su luci e visuals e dal contributo dell\u2019artista svedese Andreas Ermenius (gi\u00e0 responsabile dell\u2019artwork di \u201cFixion\u201d e regista dei video dei tre singoli da esso estratti), che ha curato il design del palco.<\/p>\n<p style=\"text-align: center;\">\n<p style=\"text-align: center;\"><strong>26 Luglio 2017 &#8211; Milano &#8211; Magnolia Estate<\/strong><br \/>\n<strong>Earlybird a 10\u20ac + d.p.<\/strong><br \/>\n<strong>\u00a0Biglietto: 18\u20ac + d.p. e 20\u20ac in cassa.<\/strong><\/p>\n<p style=\"text-align: center;\"><strong>\u00a0 <\/strong><br \/>\n<strong>27 Luglio 2017 &#8211; Sesto Al Reghena (PN) -Sexto\u2019nplugged<\/strong><br \/>\n<strong>Sesto Al Reghena (PN), Piazza Castello, 4<\/strong><br \/>\n<strong>\u00a0Biglietto: 20 Euro + d.p.<\/strong><\/p>\n<p style=\"text-align: center;\"><strong>\u00a0<\/strong><\/p>\n<p style=\"text-align: center;\"><strong>28 Luglio 2017 &#8211; San Mauro Pascoli (FC) &#8211; A Cielo Aperto<\/strong><br \/>\n<strong>biglietto: 22 + dp e 25 euro alla cassa<\/strong><br \/>\n<strong>\u00a0 <\/strong><\/p>\n<p style=\"text-align: center;\"><strong>29 Luglio 2017 &#8211; Vasto (CH) &#8211; Siren festival<\/strong><br \/>\n<strong>Abbonamenti early bird per il festival a 50 euro+d.p.<\/strong><\/p>\n","protected":false},"excerpt":{"rendered":"<div class=\"mh-excerpt\"><p>Ricami melodici che colpiscono al cuore, attenzione al suono in ogni minimo dettaglio, la capacit\u00e0 di combinare sensibilit\u00e0 indie e quelle elettroniche con un piglio <a class=\"mh-excerpt-more\" href=\"https:\/\/www.piuomenopop.it\/index.php\/2017\/04\/20\/trentemoller-quattro-date-in-estate-per-il-produttore-danese\/\" title=\"TRENTEM\u00d8LLER &#8211; QUATTRO DATE IN ESTATE PER IL PRODUTTORE DANESE\">[&#8230;]<\/a><\/p>\n<\/div>","protected":false},"author":1,"featured_media":17518,"comment_status":"closed","ping_status":"closed","sticky":false,"template":"","format":"standard","meta":{"sfsi_plus_gutenberg_text_before_share":"","sfsi_plus_gutenberg_show_text_before_share":"","sfsi_plus_gutenberg_icon_type":"","sfsi_plus_gutenberg_icon_alignemt":"","sfsi_plus_gutenburg_max_per_row":"","footnotes":"","_links_to":"","_links_to_target":""},"categories":[236,2363,2344,3],"tags":[597],"class_list":["post-17516","post","type-post","status-publish","format-standard","has-post-thumbnail","hentry","category-elettronica","category-indie","category-indie-rock","category-news","tag-dna-concerti"],"aioseo_notices":[],"_links":{"self":[{"href":"https:\/\/www.piuomenopop.it\/index.php\/wp-json\/wp\/v2\/posts\/17516","targetHints":{"allow":["GET"]}}],"collection":[{"href":"https:\/\/www.piuomenopop.it\/index.php\/wp-json\/wp\/v2\/posts"}],"about":[{"href":"https:\/\/www.piuomenopop.it\/index.php\/wp-json\/wp\/v2\/types\/post"}],"author":[{"embeddable":true,"href":"https:\/\/www.piuomenopop.it\/index.php\/wp-json\/wp\/v2\/users\/1"}],"replies":[{"embeddable":true,"href":"https:\/\/www.piuomenopop.it\/index.php\/wp-json\/wp\/v2\/comments?post=17516"}],"version-history":[{"count":3,"href":"https:\/\/www.piuomenopop.it\/index.php\/wp-json\/wp\/v2\/posts\/17516\/revisions"}],"predecessor-version":[{"id":17521,"href":"https:\/\/www.piuomenopop.it\/index.php\/wp-json\/wp\/v2\/posts\/17516\/revisions\/17521"}],"wp:featuredmedia":[{"embeddable":true,"href":"https:\/\/www.piuomenopop.it\/index.php\/wp-json\/wp\/v2\/media\/17518"}],"wp:attachment":[{"href":"https:\/\/www.piuomenopop.it\/index.php\/wp-json\/wp\/v2\/media?parent=17516"}],"wp:term":[{"taxonomy":"category","embeddable":true,"href":"https:\/\/www.piuomenopop.it\/index.php\/wp-json\/wp\/v2\/categories?post=17516"},{"taxonomy":"post_tag","embeddable":true,"href":"https:\/\/www.piuomenopop.it\/index.php\/wp-json\/wp\/v2\/tags?post=17516"}],"curies":[{"name":"wp","href":"https:\/\/api.w.org\/{rel}","templated":true}]}}