{"id":18518,"date":"2017-05-08T21:45:01","date_gmt":"2017-05-08T19:45:01","guid":{"rendered":"http:\/\/www.piuomenopop.it\/?p=18518"},"modified":"2017-10-02T15:53:54","modified_gmt":"2017-10-02T13:53:54","slug":"moda-movie-2017","status":"publish","type":"post","link":"https:\/\/www.piuomenopop.it\/index.php\/2017\/05\/08\/moda-movie-2017\/","title":{"rendered":"Moda Movie 2017"},"content":{"rendered":"<p><img loading=\"lazy\" decoding=\"async\" class=\"alignnone size-full wp-image-18524 aligncenter\" src=\"http:\/\/www.piuomenopop.it\/wp-content\/uploads\/2017\/05\/logo-modamovie.png\" alt=\"\" width=\"288\" height=\"125\" \/><\/p>\n<p>&nbsp;<\/p>\n<p><a href=\"http:\/\/www.modamovie.it\/\" target=\"_blank\" rel=\"noopener noreferrer\"><strong>Moda Movie<\/strong><\/a> \u00e8 un&#8217;interessantissima iniziativa culturale cosentina di <strong>creazione e immagine, <\/strong>giunta alla sua ventunesima edizione\u00a0 che nasce con l\u2019intento di celebrare e far conoscere la relazione che c\u2019\u00e8 tra moda e arte con un\u2019attenzione particolare al mondo del cinema.<strong> Moda Movie<\/strong> \u00e8 riuscita negli anni a crescere e dare sempre nuovo spazio e opportunit\u00e0 a giovani talenti: <em>Fashion Designer, registi, fotografi, attori<\/em> hanno utilizzato quest\u2019importante vetrina per \u00a0far conoscere la loro proposta artistica. Un&#8217;attenzione particolare viene data ogni anno anche alla musica e alle colonne sonore, ricordiamo ad esempio la splendida esibizione, lo scorso anno, di <strong>Paolo Vivaldi<\/strong>, compositore di colonne sonore per il cinema, televisione e teatro.<\/p>\n<p>S\u2019intitola \u201c<em>1200 km di Bellezza &#8211; Il cinema racconta l\u2019Italia<\/em>\u201d la rassegna cinematografica che ogni luned\u00ec rinnover\u00e0 lo sguardo sulle meraviglie naturalistiche del Bel Paese attraverso 4 pellicole ritenute particolarmente significative dalla curatrice <strong>Loredana Ciliberto<\/strong>, responsabile della sezione <em>Cinema<\/em> del progetto <strong>Moda Movie<\/strong>.<br \/>\nTema di questa 21esima edizione del <em>festival dei talenti della moda, del cinema e dell\u2019arte<\/em> \u00e8 infatti \u201c<em>Bellezza, tesoro d\u2019Italia<\/em>\u201d, fonte d\u2019ispirazione delle realizzazioni dei 15 finalisti e sfondo possente delle immagini che la rassegna &#8211; anche quest\u2019anno parte integrante del ricco programma legato al fashion contest &#8211; restituir\u00e0 sugli schermi del cinema Modernissimo di Cosenza ogni luned\u00ec dalle 20.15 per tutto il mese di maggio.<br \/>\nSi comincia l\u20198 con il film di <strong>Giuseppe Tornatore<\/strong> \u201c<em>La corrispondenza<\/em>\u201d (2016) che vede i protagonisti, gli attori <strong>Jeremy Irons<\/strong> e <strong>Olga Kurylenko<\/strong>, muoversi sullo sfondo della splendida isola di San Giulio, nel lago d\u2019Orta a Novara.<br \/>\nLuned\u00ec 15 maggio verr\u00e0 proiettato il documentario che d\u00e0 il titolo alla rassegna, \u201c<em>1200 km di bellezza<\/em>\u201d, realizzato da Italo Moscati per raccontare l\u2019Italia di ieri e di oggi con l\u2019ausilio delle splendide immagini dell\u2019Istituto Luce.<br \/>\n\u201c<em>Un paese quasi perfett<\/em>o\u201d (2015) \u00e8 il titolo della pellicola che verr\u00e0 proiettata il 22 maggio: scritto e diretto da <strong>Massimo Gaudioso<\/strong>, il film \u00e8 ambientato in un piccolo paese della Basilicata e ha come interpreti principali <strong>Fabio Volo, Silvio Orlando e Carlo Buccirosso.<\/strong><br \/>\nL\u2019ultimo appuntamento, il 29 maggio, \u00e8 con un classico del cinema americano. \u201c<em>Vacanze romane<\/em>\u201d (1953), di\u00a0<strong>William Wyler<\/strong> , immortala una Roma sorniona e fiabesca, luogo ideale per far innamorare i mitici <strong>Audrey Hepburn e Gregory Peck<\/strong>.<br \/>\nIl progetto<strong> Moda Movie,<\/strong> da sempre attento al sociale, appoggia la campagna di sensibilizzazione sulla donazione \u201c<em>Usa il cervello, fallo col cuore<\/em>\u201d e prima di ogni film verr\u00e0 proiettato lo spot realizzato dal CSV di Cosenza \u201c<em>La tua indifferenza fa male\u201d.<\/em><br \/>\nLa rassegna si concluder\u00e0 l&#8217;11 Giugno con una serata evento che ti terr\u00e0 nella splendida cornice del <strong>Castello Svevo<\/strong> di Cosenza e vedr\u00e0 la commistione di Cinema, con la gi\u00e0 annunciata presenza di<strong> Italo Moscati<\/strong>, Moda e Musica nel tradizionale stile fresco ed elegante che da sempre caratterizza Moda Movie.<\/p>\n<p><strong>Pi\u00f9 o Meno Pop<\/strong> seguir\u00e0 le giornate della rassegna in qualit\u00e0 di mediapartner della sezione cinema.<\/p>\n","protected":false},"excerpt":{"rendered":"<div class=\"mh-excerpt\"><p>&nbsp; Moda Movie \u00e8 un&#8217;interessantissima iniziativa culturale cosentina di creazione e immagine, giunta alla sua ventunesima edizione\u00a0 che nasce con l\u2019intento di celebrare e far <a class=\"mh-excerpt-more\" href=\"https:\/\/www.piuomenopop.it\/index.php\/2017\/05\/08\/moda-movie-2017\/\" title=\"Moda Movie 2017\">[&#8230;]<\/a><\/p>\n<\/div>","protected":false},"author":1,"featured_media":18524,"comment_status":"closed","ping_status":"closed","sticky":false,"template":"","format":"standard","meta":{"sfsi_plus_gutenberg_text_before_share":"","sfsi_plus_gutenberg_show_text_before_share":"","sfsi_plus_gutenberg_icon_type":"","sfsi_plus_gutenberg_icon_alignemt":"","sfsi_plus_gutenburg_max_per_row":"","footnotes":"","_links_to":"","_links_to_target":""},"categories":[729,730,3],"tags":[684,43,3461,3460,3459,3462,253,3463],"class_list":["post-18518","post","type-post","status-publish","format-standard","has-post-thumbnail","hentry","category-arte","category-festival","category-news","tag-castello-svevo","tag-cosenza","tag-giuseppe-tornatore","tag-italo-moscati","tag-loredana-ciliberto","tag-massimo-gaudioso","tag-moda-movie","tag-william-wyler"],"aioseo_notices":[],"_links":{"self":[{"href":"https:\/\/www.piuomenopop.it\/index.php\/wp-json\/wp\/v2\/posts\/18518","targetHints":{"allow":["GET"]}}],"collection":[{"href":"https:\/\/www.piuomenopop.it\/index.php\/wp-json\/wp\/v2\/posts"}],"about":[{"href":"https:\/\/www.piuomenopop.it\/index.php\/wp-json\/wp\/v2\/types\/post"}],"author":[{"embeddable":true,"href":"https:\/\/www.piuomenopop.it\/index.php\/wp-json\/wp\/v2\/users\/1"}],"replies":[{"embeddable":true,"href":"https:\/\/www.piuomenopop.it\/index.php\/wp-json\/wp\/v2\/comments?post=18518"}],"version-history":[{"count":1,"href":"https:\/\/www.piuomenopop.it\/index.php\/wp-json\/wp\/v2\/posts\/18518\/revisions"}],"predecessor-version":[{"id":18525,"href":"https:\/\/www.piuomenopop.it\/index.php\/wp-json\/wp\/v2\/posts\/18518\/revisions\/18525"}],"wp:featuredmedia":[{"embeddable":true,"href":"https:\/\/www.piuomenopop.it\/index.php\/wp-json\/wp\/v2\/media\/18524"}],"wp:attachment":[{"href":"https:\/\/www.piuomenopop.it\/index.php\/wp-json\/wp\/v2\/media?parent=18518"}],"wp:term":[{"taxonomy":"category","embeddable":true,"href":"https:\/\/www.piuomenopop.it\/index.php\/wp-json\/wp\/v2\/categories?post=18518"},{"taxonomy":"post_tag","embeddable":true,"href":"https:\/\/www.piuomenopop.it\/index.php\/wp-json\/wp\/v2\/tags?post=18518"}],"curies":[{"name":"wp","href":"https:\/\/api.w.org\/{rel}","templated":true}]}}