{"id":19825,"date":"2017-06-12T08:00:07","date_gmt":"2017-06-12T06:00:07","guid":{"rendered":"http:\/\/www.piuomenopop.it\/?p=19825"},"modified":"2017-09-24T18:24:36","modified_gmt":"2017-09-24T16:24:36","slug":"un-tuffo-nellestate-de-la-rappresentante-di-lista","status":"publish","type":"post","link":"https:\/\/www.piuomenopop.it\/index.php\/2017\/06\/12\/un-tuffo-nellestate-de-la-rappresentante-di-lista\/","title":{"rendered":"Un tuffo nell&#8217;estate de La Rappresentante di Lista"},"content":{"rendered":"<p><img loading=\"lazy\" decoding=\"async\" class=\"aligncenter wp-image-19854 size-full\" src=\"http:\/\/www.piuomenopop.it\/wp-content\/uploads\/2017\/06\/la-rappresentante-di-lista-2.jpg\" alt=\"\" width=\"1200\" height=\"456\" srcset=\"https:\/\/www.piuomenopop.it\/wp-content\/uploads\/2017\/06\/la-rappresentante-di-lista-2.jpg 1200w, https:\/\/www.piuomenopop.it\/wp-content\/uploads\/2017\/06\/la-rappresentante-di-lista-2-300x114.jpg 300w, https:\/\/www.piuomenopop.it\/wp-content\/uploads\/2017\/06\/la-rappresentante-di-lista-2-768x292.jpg 768w, https:\/\/www.piuomenopop.it\/wp-content\/uploads\/2017\/06\/la-rappresentante-di-lista-2-1024x389.jpg 1024w\" sizes=\"auto, (max-width: 1200px) 100vw, 1200px\" \/><\/p>\n<p>Riparte il tour de <a href=\"https:\/\/www.facebook.com\/larappresentantedilistaufficiale\/\" target=\"_blank\" rel=\"noopener noreferrer\">La Rappresentante di Lista <\/a>che dall&#8217;uscita di Bu Bu Sad a fine 2015 per <a href=\"https:\/\/www.facebook.com\/garrinchadischi\/\" target=\"_blank\" rel=\"noopener noreferrer\">Garrincha Dischi<\/a> non si \u00e8 ancora mai fermata. Un crescendo quello di Veronica e Dario che mese dopo mese si sono fatti largo nella scena musicale italiana a colpi di live tanto apprezzati quanto seguiti.<\/p>\n<p>&#8220;<em>Una band dalle enormi potenzialit\u00e0, che sta gradualmente guadagnando terreno, pur non agendo in ossequio ad alcuna logica di mercato, indipendente tra gli indipendenti [&#8230;] intenta solo a viversi fino in fondo quasta sua ipotesi di folk\/jazz\/soul\/funky pop metropolitanno ed insieme ancestrale, su cui la vocalit\u00e0 di Veronica, vero dono divino, svetta come di narratrice poestessa in pubblica piazza..<\/em>.&#8221; queste le parole di Piergiorgio Pardo dopo il loro live al Goganga di Milano de lo scorso marzo.<br \/>\nSul palco, quindi, una delle voci pi\u00f9 potenti della scena italiana, quella di Veronica Lucchesi, accompagnata da Dario Mangiaracina (attore, poli-strumentista e membro fondatore insieme a Veronica), Enrico Lupi (tromba e synth), Marta Cannuscio (fisarmonicista prestata alle percussioni) ed Erika Gold (corista con in tasca la pietra filosofale).<\/p>\n<blockquote>\n<p style=\"text-align: justify;\">\u00a0&#8220;<em>Cantare \u00e8 un atto pubblico. Un atto salvifico per chi dice e per chi ascolta. \u00c8 in quell&#8217;atto che ci si assume la responsabilit\u00e0 di realizzare un&#8217;azione concreta, in grado di scardinare gli appigli di un disco inciso e finito ed esaurito che si ripete sempre uguale all&#8217;ascolto. Suonare sul palco \u00e8 un rito. Un mezzo per trasformare in un incontro vivo ci\u00f2 che \u00e8 scritto. Incontrare occhi, parole, significati, ha dato nuova vita a Bu bu sad<\/em>&#8221; (La rappresentente di lista).<\/p>\n<\/blockquote>\n<div style=\"text-align: center;\"><strong>17\/6 Cassano d&#8217;Adda (MI) \/\/ Festa dei Popoli<\/strong><\/div>\n<div style=\"text-align: center;\"><strong>18\/6 Roccabianca (PR) \/\/ Riparty<\/strong><\/div>\n<div style=\"text-align: center;\"><strong>30\/6 Oderzo (TV) \/\/ Indipendenza Sonora<\/strong><\/div>\n<div style=\"text-align: center;\"><strong>01\/7 Bergamo \/\/ Edon\u00e8<\/strong><\/div>\n<div style=\"text-align: center;\"><strong>06\/7 Bologna \/\/ Covo Summer<\/strong><\/div>\n<div style=\"text-align: center;\"><strong>07\/7 Aielli (AQ) \/\/ Festival Borgo Universo<\/strong><\/div>\n<div style=\"text-align: center;\"><strong>08\/7 Salsomaggiore T.me (PR) \/\/ Area Festa<\/strong><\/div>\n<div style=\"text-align: center;\"><strong>** calendario in aggiornamento<\/strong><\/div>\n","protected":false},"excerpt":{"rendered":"<div class=\"mh-excerpt\"><p>Riparte il tour de La Rappresentante di Lista che dall&#8217;uscita di Bu Bu Sad a fine 2015 per Garrincha Dischi non si \u00e8 ancora mai <a class=\"mh-excerpt-more\" href=\"https:\/\/www.piuomenopop.it\/index.php\/2017\/06\/12\/un-tuffo-nellestate-de-la-rappresentante-di-lista\/\" title=\"Un tuffo nell&#8217;estate de La Rappresentante di Lista\">[&#8230;]<\/a><\/p>\n<\/div>","protected":false},"author":1,"featured_media":19854,"comment_status":"closed","ping_status":"closed","sticky":false,"template":"","format":"standard","meta":{"sfsi_plus_gutenberg_text_before_share":"","sfsi_plus_gutenberg_show_text_before_share":"","sfsi_plus_gutenberg_icon_type":"","sfsi_plus_gutenberg_icon_alignemt":"","sfsi_plus_gutenburg_max_per_row":"","footnotes":"","_links_to":"","_links_to_target":""},"categories":[3,985],"tags":[996],"class_list":["post-19825","post","type-post","status-publish","format-standard","has-post-thumbnail","hentry","category-news","category-tour","tag-garrincha-dischi"],"aioseo_notices":[],"_links":{"self":[{"href":"https:\/\/www.piuomenopop.it\/index.php\/wp-json\/wp\/v2\/posts\/19825","targetHints":{"allow":["GET"]}}],"collection":[{"href":"https:\/\/www.piuomenopop.it\/index.php\/wp-json\/wp\/v2\/posts"}],"about":[{"href":"https:\/\/www.piuomenopop.it\/index.php\/wp-json\/wp\/v2\/types\/post"}],"author":[{"embeddable":true,"href":"https:\/\/www.piuomenopop.it\/index.php\/wp-json\/wp\/v2\/users\/1"}],"replies":[{"embeddable":true,"href":"https:\/\/www.piuomenopop.it\/index.php\/wp-json\/wp\/v2\/comments?post=19825"}],"version-history":[{"count":3,"href":"https:\/\/www.piuomenopop.it\/index.php\/wp-json\/wp\/v2\/posts\/19825\/revisions"}],"predecessor-version":[{"id":19856,"href":"https:\/\/www.piuomenopop.it\/index.php\/wp-json\/wp\/v2\/posts\/19825\/revisions\/19856"}],"wp:featuredmedia":[{"embeddable":true,"href":"https:\/\/www.piuomenopop.it\/index.php\/wp-json\/wp\/v2\/media\/19854"}],"wp:attachment":[{"href":"https:\/\/www.piuomenopop.it\/index.php\/wp-json\/wp\/v2\/media?parent=19825"}],"wp:term":[{"taxonomy":"category","embeddable":true,"href":"https:\/\/www.piuomenopop.it\/index.php\/wp-json\/wp\/v2\/categories?post=19825"},{"taxonomy":"post_tag","embeddable":true,"href":"https:\/\/www.piuomenopop.it\/index.php\/wp-json\/wp\/v2\/tags?post=19825"}],"curies":[{"name":"wp","href":"https:\/\/api.w.org\/{rel}","templated":true}]}}