{"id":21293,"date":"2017-07-09T17:02:19","date_gmt":"2017-07-09T15:02:19","guid":{"rendered":"http:\/\/www.piuomenopop.it\/?p=21293"},"modified":"2018-11-10T23:08:54","modified_gmt":"2018-11-10T22:08:54","slug":"volersi-bene-intervista-agli-ex-otago","status":"publish","type":"post","link":"https:\/\/www.piuomenopop.it\/index.php\/2017\/07\/09\/volersi-bene-intervista-agli-ex-otago\/","title":{"rendered":"Volersi Bene \u2013 Intervista agli Ex-Otago"},"content":{"rendered":"<p>A cura di <a href=\"https:\/\/www.facebook.com\/paolo.cunico.1\" target=\"_blank\" rel=\"noopener noreferrer\"><strong>Paolo Cunico \u00a0<\/strong> <\/a><\/p>\n<p><strong>Mercoled\u00ec 21 Giugno<\/strong> sono andato al <span style=\"font-size: 14pt;\"><a href=\"http:\/\/www.piuomenopop.it\/index.php\/2017\/06\/20\/lumen-festival\/\" target=\"_blank\" rel=\"noopener noreferrer\"><strong>Lumen Festival<\/strong><\/a><\/span> a vedere ed intervistare gli <span style=\"font-size: 14pt;\"><a href=\"https:\/\/www.facebook.com\/exotago\/\" target=\"_blank\" rel=\"noopener noreferrer\"><strong>Ex-Otago<\/strong><\/a><\/span>, band ligure che \u00e8 da poco ripartita con il tour estivo di <a href=\"http:\/\/www.piuomenopop.it\/index.php\/2016\/10\/28\/ex-otago-riportando-tutto-a-casa\/\" target=\"_blank\" rel=\"noopener noreferrer\"><em><strong>Marassi<\/strong><\/em><\/a>, ultima loro fatica discografica, che dopo anni di gavetta li ha portati alla ribalta calcando i pi\u00f9 prestigiosi club italiani in inverno.<\/p>\n<p>Dopo mille disguidi sull\u2019orario dovuti a messaggi partiti e mai arrivati, alla faccia del quattrog\u00ec, sono stati cos\u00ec gentili da concedermi un momento prima della loro cena nel bellissimo centro di Vicenza.<\/p>\n<p>Il pensiero di dover chiacchierare con una band che \u00e8 stata intervistata da personaggi ben pi\u00f9 rilevanti e con un pi\u00f9 ampio bacino d\u2019utenza alle spalle del sottoscritto, per di pi\u00f9 affamata, mi ha innervosito alquanto.<\/p>\n<p>Con questo spirito mi sono seduto a tavola assieme a <strong>Maurizio Carucci<\/strong> (voce e tastiere) e <strong>Francesco Bacci<\/strong> (chitarra elettrica, basso e tastiere all\u2019occorrenza).<\/p>\n<p>&nbsp;<\/p>\n<p><img loading=\"lazy\" decoding=\"async\" class=\"aligncenter wp-image-21295\" src=\"http:\/\/www.piuomenopop.it\/wp-content\/uploads\/2017\/07\/ex_otago.jpg\" alt=\"\" width=\"550\" height=\"367\" srcset=\"https:\/\/www.piuomenopop.it\/wp-content\/uploads\/2017\/07\/ex_otago.jpg 960w, https:\/\/www.piuomenopop.it\/wp-content\/uploads\/2017\/07\/ex_otago-300x200.jpg 300w, https:\/\/www.piuomenopop.it\/wp-content\/uploads\/2017\/07\/ex_otago-768x512.jpg 768w\" sizes=\"auto, (max-width: 550px) 100vw, 550px\" \/><\/p>\n<p>&nbsp;<\/p>\n<p><strong>Ragazzi come state? Come vi sentite con questa tournee iniziata col botto allo Sherwood?<\/strong><\/p>\n<p><strong>Francesco<\/strong>: \/cough\/ (tossisce) Io ho la tosse! \/ahahah\/ (ridendo) No dai, stiamo bene, siamo contenti come delle pasque, ieri sera a Bologna (20 giugno n.d.r.) \u00e8 stata una grandissima bomba, la prima data del tour era a Padova e non poteva iniziare meglio perch\u00e9 allo Sherwood c\u2019erano quasi 10&#8217;000 persone, quindi \u00e8 stato fighissimo.<\/p>\n<p><strong>Maurizio:<\/strong>\u00a0Sta andando bene, come si pu\u00f2 dire, siamo accovacciati su questa bella onda.<\/p>\n<p>&nbsp;<\/p>\n<p><strong>Beh, con il materassino griffato Marassi mi sembra la combinazione perfetta.<\/strong><\/p>\n<p><strong>F:<\/strong>\u00a0Ahahah, esattamente, bravo.<\/p>\n<p>&nbsp;<\/p>\n<p><strong>Fra l\u2019altro <a href=\"http:\/\/www.piuomenopop.it\/index.php\/2017\/06\/26\/la-strana-coppia-ex-otago-e-sick-tamburo-allo-sherwood\/\" target=\"_blank\" rel=\"noopener noreferrer\">sono venuto a vedervi allo Sherwood<\/a> ed \u00e8 stato un concerto bellissimo, per\u00f2 sono stato un po\u2019 deluso dal fatto che non ho sentito nemmeno un bel\u00ecn provenire dal palco.<\/strong><\/p>\n<p><strong>F:<\/strong>\u00a0\u00c8 vero, lo mettiamo in scaletta!<\/p>\n<p><strong>M:<\/strong> Mettiamo un bel\u00ecn in scaletta.<\/p>\n<p><strong>F:<\/strong>\u00a0Mettiamo due bel\u00ecn in scaletta! Uno verso l\u2019inizio e uno verso la fine. Effettivamente lo usiamo poco devo dire.<\/p>\n<p><strong>M:<\/strong> Amiamo scimmiottare i dialetti altrui, non \u00e8 che siamo bravissimi anche se Francesco ci fa sempre molto ridere. Per\u00f2 col nostro effettivamente non lo siamo molto, siamo un po\u2019 pudici.<\/p>\n<p><strong>F:<\/strong>\u00a0\u00c8 vero, ogni tanto ci esce un genovesismo pesissimo a caso.<\/p>\n<p><strong>M:<\/strong> Esatto, anche perch\u00e9 il genovese del furgone Otago non \u00e8 un genovese proprio di citt\u00e0, ma \u00e8 un genovese delle campagne peggiori, frustrato, anche levantino, il pi\u00f9 greve, grezzo che ci sia.<\/p>\n<p><strong>F:<\/strong> E\u2019 vero, \u00e8 veramente brutto a volte, quindi ogni tanto ci bossiamo, come si dice da noi, facciamo finta di niente.<\/p>\n<figure id=\"attachment_20498\" aria-describedby=\"caption-attachment-20498\" style=\"width: 550px\" class=\"wp-caption aligncenter\"><img loading=\"lazy\" decoding=\"async\" class=\"wp-image-20498\" src=\"http:\/\/www.piuomenopop.it\/wp-content\/uploads\/2017\/06\/ex-ottago-@-SherwoodFestival-14-1024x683.jpg\" alt=\"\" width=\"550\" height=\"367\" srcset=\"https:\/\/www.piuomenopop.it\/wp-content\/uploads\/2017\/06\/ex-ottago-@-SherwoodFestival-14-1024x683.jpg 1024w, https:\/\/www.piuomenopop.it\/wp-content\/uploads\/2017\/06\/ex-ottago-@-SherwoodFestival-14-300x200.jpg 300w, https:\/\/www.piuomenopop.it\/wp-content\/uploads\/2017\/06\/ex-ottago-@-SherwoodFestival-14-768x512.jpg 768w, https:\/\/www.piuomenopop.it\/wp-content\/uploads\/2017\/06\/ex-ottago-@-SherwoodFestival-14.jpg 1200w\" sizes=\"auto, (max-width: 550px) 100vw, 550px\" \/><figcaption id=\"caption-attachment-20498\" class=\"wp-caption-text\">\u00a9 Matteo Leonardi<\/figcaption><\/figure>\n<p><strong>Su questo tema vi vorrei chiedere, ora che avete trovato un meritato successo dopo una lunga gavetta: quanto ancora vi sentite legati a quello che avete passato ed al vostro territorio? Chiamando il disco Marassi mi sembra che un legame ci sia, \u00e8 una cosa che vi portate ancora dentro?<\/strong><\/p>\n<p><strong>M:<\/strong> Arrivati a questo punto io credo che noi dovremmo stare attenti a mantenerlo questo legame, perch\u00e9 se no il rischio grosso che possiamo correre \u00e8 quello di omologarci molto a quella fetta di musica mainstream che scala le classifiche ma rischia a volte anche di annoiare. E rischia, soprattutto, di disaffezionare anche molto. Invece noi vorremmo provare a continuare questo percorso pop nostro, perch\u00e9 noi alla fine pop lo siamo sempre stati, mantenendo per\u00f2 sempre un\u2019identit\u00e0 forte nostra.<\/p>\n<p><strong>F:<\/strong> Poi sai, attitudinalmente siamo, da buoni genovesi ed anche da buoni marassini, gente con i piedi di piombo, quindi ci concediamo s\u00ec dei voli pindarici ma non \u00e8 che il successo che abbiamo raggiunto ci abbia scostato molto dall\u2019attitudine che ci caratterizza da sempre: quella di voler cambiare, mettersi in discussione costantemente, di cercare di rimanere anche a modo, calmi, di continuare a fare le solite battute brutte, queste cose qua.<\/p>\n<p>&nbsp;<\/p>\n<p><strong>Oggi \u00e8 comunque importante anche saper intercettare un linguaggio che non si diffonde solo nell\u2019area locale o in chi si identifica nella sola provenienza geografica. Chiaro che \u00e8 importante, come avete appena detto, non dimenticare da dove si \u00e8 arrivati, ma al tempo stesso saper intercettare un linguaggio sia con la musica che con tutti gli altri mezzi possibili. Visto che oggi le connessioni sono fortissime una persona pu\u00f2 arrivare a conoscere una band anche grazie alle magliette che la band vende prima ancora che con la musica.<\/strong><\/p>\n<p><strong>F:<\/strong> \u00a0In realt\u00e0 ci sono molto regionalismi o cittadinismi che sono sempre validi, pensa agli <strong>Zen Circus<\/strong> con il loro <em>Pisa Merda<\/em>, o ad <strong>I Cani<\/strong> e i loro testi su Roma oppure anche <strong>Liberato<\/strong> con i suoi due pezzi estremamente connessi con Napoli. Sono quelle cose che sono s\u00ec locali, ma al tempo stesso nelle quali ognuno pu\u00f2 rispecchiarsi, questo \u00e8 intercettare un linguaggio che in realt\u00e0 \u00e8 comune a tutti.<\/p>\n<p><strong>M:<\/strong>\u00a0Anche perch\u00e9 questo rappresenta quel salto di qualit\u00e0 che rende gli artisti credibili e, soprattutto, interessanti. Perch\u00e9 trovi il coraggio di parlare di posti che in realt\u00e0 non ti appartengono ma riesci comunque a far affezionare chi ti ascolta.<\/p>\n<p>&nbsp;<\/p>\n<p><strong>Tutti portiamo un po\u2019 nel cuore la nostra provincia. Nonostante tutti facciamo un po\u2019 a gara per scappare via, alla fine quando trovi nelle canzoni aspetti che te la fanno ricordare \u00e8 sempre piacevole. Poi penso che oggi sia forse pi\u00f9 facile trovare degli aspetti comuni perch\u00e9 alla fine i social ci hanno permesso di trasformarci un po\u2019 in un\u2019unica grande provincia.<\/strong><\/p>\n<p><strong>M:<\/strong> Eh, hai voglia.<\/p>\n<p><strong>F:<\/strong>\u00a0Come possiamo tradurre tutto questo\u2026. alla fine tutto il social \u00e8 paese.<\/p>\n<p>&nbsp;<\/p>\n<p><strong>Io personalmente sono molto contento di vedere che un gruppo come voi sia riuscito a trovare un successo meritato. Mi fa piacere perch\u00e9 per anni il pop \u00e8 arrivato sempre dagli stessi canali, addirittura gli stessi nomi (che comunque rimangono). Oggi per\u00f2 c\u2019\u00e8 spazio per molte altre realt\u00e0, una cosa che 10, 15 anni fa era impensabile.<\/strong><\/p>\n<p><strong>M:<\/strong> Si \u00e8 vero, difatti questo \u00e8 un gran periodo per la musica italiana e per il pop, noi abbiamo avuto la fortuna, e forse qualche merito, di poterci entrare dentro. Ora spetta un po\u2019 anche a noi il compito di mantenere vivo questo fuoco, ce la mettiamo tutta ovviamente, per\u00f2 \u00e8 sicuramente un periodo non comune, speriamo lo diventi.<\/p>\n<p><strong>F:<\/strong>\u00a0La cosa che d\u00e0 forza a questo periodo \u00e8 anche il suo carattere un po\u2019 generazionale. C\u2019\u00e8 un sentimento forte di appartenenza ad una scena che esiste, che \u00e8 trasversale; \u00e8 un po\u2019 come con l\u2019indie d\u2019importazione dei primi anni 2000, che aveva un forte carattere d\u2019unione con i suoi beni e mali. Invece ora viviamo una cosa simile che per\u00f2 \u00e8 autoctona e genuina.<\/p>\n<p><strong>M:<\/strong> Soprattutto \u00e8 orgogliosa di essere italiana, non ci si vergogna pi\u00f9 ad essere paragonati o a parlare di Vasco\u00a0o di Venditti. Quegli autori che qualche tempo fa i ragazzetti dicevano \u201cPfff figurati, io volo pi\u00f9 alto, altro che Vasco\u201d oggi sono state rivalutati, ci si \u00e8 resi conto che hanno fatto delle gran figate che sarebbe bene valorizzarle, ed anche riprenderle. Io ad esempio personalmente sto rivalutando molto <strong>Fabio Concato<\/strong>, che non se lo incula nessuno poveraccio, per\u00f2 ha scritto delle perle che io mi sto studiando e che ritroveremo nel prossimo disco degli Ex-Otago.<\/p>\n<figure id=\"attachment_20501\" aria-describedby=\"caption-attachment-20501\" style=\"width: 550px\" class=\"wp-caption aligncenter\"><img loading=\"lazy\" decoding=\"async\" class=\"wp-image-20501\" src=\"http:\/\/www.piuomenopop.it\/wp-content\/uploads\/2017\/06\/ex-ottago-@-SherwoodFestival-17.jpg\" alt=\"\" width=\"550\" height=\"367\" srcset=\"https:\/\/www.piuomenopop.it\/wp-content\/uploads\/2017\/06\/ex-ottago-@-SherwoodFestival-17.jpg 1200w, https:\/\/www.piuomenopop.it\/wp-content\/uploads\/2017\/06\/ex-ottago-@-SherwoodFestival-17-300x200.jpg 300w, https:\/\/www.piuomenopop.it\/wp-content\/uploads\/2017\/06\/ex-ottago-@-SherwoodFestival-17-768x512.jpg 768w, https:\/\/www.piuomenopop.it\/wp-content\/uploads\/2017\/06\/ex-ottago-@-SherwoodFestival-17-1024x683.jpg 1024w\" sizes=\"auto, (max-width: 550px) 100vw, 550px\" \/><figcaption id=\"caption-attachment-20501\" class=\"wp-caption-text\">\u00a9 Matteo Leonardi<\/figcaption><\/figure>\n<p><strong>Banalmente una volta quando dicevi che ascoltavi Battisti i giovani ti prendevano per matto, oggi invece, prendendo in mano Anima Latina, ti rendi conto che era avanti anni luce.<\/strong><\/p>\n<p><strong>F:<\/strong> Un saggio diceva \u201cogni generazione litiga con i propri padri e fa pace con i propri nonni.<\/p>\n<p><strong><a href=\"https:\/\/www.facebook.com\/williepeyote\/\" target=\"_blank\" rel=\"noopener noreferrer\">Willie Peyote<\/a>:<\/strong> Che saggio, quanto sei saggio, quanto cazzo sei saggio.<\/p>\n<p><strong>F:<\/strong> Scusa Willie. (ridendo)<\/p>\n<p><strong>M:<\/strong> Per\u00f2 citi il saggio ma non dici che saggio era! (ridendo)<\/p>\n<p><strong>F:<\/strong>\u00a0Era Lewis Mumford. \u00c8 un po\u2019 quello il punto, ti parlo a livello molto personale, per\u00f2 ad un certo punto la musica dei miei genitori non la ascoltavo a prescindere. \u00c8 quel momento dell\u2019adolescenza in cui si prende la porta e si dice \u201cvaffanculo te e tutto ci\u00f2 che ti rappresenta\u201d. Poi si fa pace e si ritrovano delle grandissime figate. Io all\u2019alba dei 28 anni mi sto ripescando tutti i lavori di Battisti, di Dalla, sono devastanti, era tanta roba.<\/p>\n<p>&nbsp;<\/p>\n<p><strong>Tu Maurizio produci vino naturale, come ti poni fra biologico e biodinamico?<\/strong><\/p>\n<p><strong>M:<\/strong>\u00a0Guarda non sono uno che ama inserirsi in una categoria n\u00e9 nella musica, n\u00e9 nella vita, tanto meno nel vino. Sicuramente quello che mi interessa \u00e8 fare dei vini naturali, che nutrono, che fanno bene e che fanno anche un po\u2019 sognare, ma non amo essere in una categoria o schematizzato in un genere\u2026 biologico, biodinamico\u2026 io dico che faccio vino naturale, quello che mi interessa \u00e8 questo. \u00c8 credo che l\u2019unico vino possibile sia naturale, questo \u00e8 il mio pensiero.<\/p>\n<p>&nbsp;<\/p>\n<p><strong>Ma la cassa di vino brandizzata Marassi \u00e8 un progetto che avete in cantiere?<\/strong><\/p>\n<p><strong>M:\u00a0<\/strong>(Ridendo) Beh fare una linea Ex-Otago sarebbe figo.<\/p>\n<p><strong>F:<\/strong>\u00a0Spaccherebbe.<\/p>\n<p><strong>M:<\/strong>\u00a0Chiss\u00e0, in futuro magari\u2026<\/p>\n<p>&nbsp;<\/p>\n<p><strong>Beh alla fine anche Renzo Rosso si \u00e8 messo a farlo dal nulla e dice che \u00e8 strafigo.<\/strong><\/p>\n<p><strong>M:<\/strong> Scusami ma non ho idea di chi sia Renzo Rosso<\/p>\n<p><strong>P:<\/strong>\u00a0\u00c8 il Fondatore di Diesel, qui \u00e8 molto popolare e si \u00e8 messo a fare anche lui due vini che dice siano incredibili. Il punto \u00e8 che costano cos\u00ec tanto che non ho ancora trovato qualcuno che lo abbia veramente assaggiato.<\/p>\n<p><strong>M<\/strong>: \u00a0Ah\u2026 tutti dicono ci fidiamo, insomma. (ridendo)<\/p>\n<p><strong>F:<\/strong>\u00a0Beh lui a livello di marketing \u00e8 un drago, era riuscito a far passare come un valore positivo e straordinario l\u2019essere stupidi, ti ricordi? Aveva fatto la campagna pubblicitaria \u201cBe Stupid\u201d con gli emblemi degli stupidi, dove era fighissimo essere stupidi. (spiegando a Maurizio) \u00c8 un dragone lui!<\/p>\n<p>&nbsp;<\/p>\n<p><strong>Come procede la tua attivit\u00e0 vinicola, Maurizio?<\/strong><\/p>\n<p><strong>M:<\/strong>\u00a0Procede abbastanza bene, in realt\u00e0 abbiamo avuto qualche problema con il gelo del 20 Aprile, che da noi ha fatto un gran casino ed ha strinato tutte le piante. Non so se anche qui abbiate avuto problemi.<\/p>\n<p>&nbsp;<\/p>\n<p><strong>Onestamente non ricordo, ti dico per ora siamo stati fortunati che non abbiamo ancora avuto grossi problemi di grandine. Comunque peccato che siate in tour questo week end (23 Giugno scorso, n.d.r.) perch\u00e9 se no sareste potuti venire alla vespaiolona a Breganze. Si girano molte cantine della zona e si beve discretamente bene e poi dalle 10 e mezza in poi ti fai una spremuta concentrata di provincia alto vicentina.<\/strong><\/p>\n<p><strong>M:<\/strong>\u00a0Figata! E tu sei il benvenuto a venire a trovarci in cantina, il progetto si chiama <a href=\"https:\/\/www.facebook.com\/CascinaBarban\/\" target=\"_blank\" rel=\"noopener noreferrer\">Cascina Barb\u00e0n<\/a>!<\/p>\n<p>&nbsp;<\/p>\n<p><strong>Grazie ragazzi, \u00e8 stato veramente un piacere, buon appetito e buon concerto!<\/strong><\/p>\n<p>&nbsp;<\/p>\n<p>Ed \u00e8 cos\u00ec che termina un\u2019intervista rincorsa e temuta che \u00e8 andata benissimo. Vorrei ringraziare personalmente Maurizio e Francesco per la loro gentilezza e la disponibilit\u00e0 ad essere intervistati. Un grazie va anche a tutto il resto della band, alla tour manager Federica ed a Willie Peyote per l\u2019amichevole intrusione.<\/p>\n<p>Grazie per l\u2019invito in cantina, anche se forse sottostimate la pericolosit\u00e0 di invitare un Veneto in un posto zeppo di vino buono\u2026<\/p>\n<p>Alla prossima!<\/p>\n<p>&nbsp;<\/p>\n<p>Leggi anche:<\/p>\n<p><a href=\"http:\/\/www.piuomenopop.it\/index.php\/2017\/06\/26\/la-strana-coppia-ex-otago-e-sick-tamburo-allo-sherwood\/\" target=\"_blank\" rel=\"noopener noreferrer\">La strana coppia \u2013 Ex-Otago e Sick Tamburo allo Sherwood<\/a><\/p>\n<p><a href=\"http:\/\/www.piuomenopop.it\/index.php\/2017\/05\/03\/unestate-a-tutto-marassi-il-tour-estivo-degli-ex-otago\/\" target=\"_blank\" rel=\"noopener noreferrer\">Un\u2019estate a tutto Marassi: il tour estivo degli Ex-Otago<\/a><\/p>\n<p><a href=\"http:\/\/www.piuomenopop.it\/index.php\/2016\/10\/28\/ex-otago-riportando-tutto-a-casa\/\" target=\"_blank\" rel=\"noopener noreferrer\">Recensione:\u00a0Ex-Otago: riportando tutto a casa<\/a><\/p>\n<p>Foto copertina:\u00a0Giulia Pistone<\/p>\n","protected":false},"excerpt":{"rendered":"<div class=\"mh-excerpt\"><p>A cura di Paolo Cunico \u00a0 Mercoled\u00ec 21 Giugno sono andato al Lumen Festival a vedere ed intervistare gli Ex-Otago, band ligure che \u00e8 da <a class=\"mh-excerpt-more\" href=\"https:\/\/www.piuomenopop.it\/index.php\/2017\/07\/09\/volersi-bene-intervista-agli-ex-otago\/\" title=\"Volersi Bene \u2013 Intervista agli Ex-Otago\">[&#8230;]<\/a><\/p>\n<\/div>","protected":false},"author":18,"featured_media":21296,"comment_status":"closed","ping_status":"closed","sticky":false,"template":"","format":"standard","meta":{"sfsi_plus_gutenberg_text_before_share":"","sfsi_plus_gutenberg_show_text_before_share":"","sfsi_plus_gutenberg_icon_type":"","sfsi_plus_gutenberg_icon_alignemt":"","sfsi_plus_gutenburg_max_per_row":"","footnotes":"","_links_to":"","_links_to_target":""},"categories":[4,3572,939],"tags":[1263,92,3649,3745,1639],"class_list":["post-21293","post","type-post","status-publish","format-standard","has-post-thumbnail","hentry","category-interviste","category-mediapartner","category-pop","tag-ex-otago","tag-intervista","tag-lumen-festival","tag-marassi","tag-paolo-cunico"],"aioseo_notices":[],"_links":{"self":[{"href":"https:\/\/www.piuomenopop.it\/index.php\/wp-json\/wp\/v2\/posts\/21293","targetHints":{"allow":["GET"]}}],"collection":[{"href":"https:\/\/www.piuomenopop.it\/index.php\/wp-json\/wp\/v2\/posts"}],"about":[{"href":"https:\/\/www.piuomenopop.it\/index.php\/wp-json\/wp\/v2\/types\/post"}],"author":[{"embeddable":true,"href":"https:\/\/www.piuomenopop.it\/index.php\/wp-json\/wp\/v2\/users\/18"}],"replies":[{"embeddable":true,"href":"https:\/\/www.piuomenopop.it\/index.php\/wp-json\/wp\/v2\/comments?post=21293"}],"version-history":[{"count":6,"href":"https:\/\/www.piuomenopop.it\/index.php\/wp-json\/wp\/v2\/posts\/21293\/revisions"}],"predecessor-version":[{"id":21306,"href":"https:\/\/www.piuomenopop.it\/index.php\/wp-json\/wp\/v2\/posts\/21293\/revisions\/21306"}],"wp:featuredmedia":[{"embeddable":true,"href":"https:\/\/www.piuomenopop.it\/index.php\/wp-json\/wp\/v2\/media\/21296"}],"wp:attachment":[{"href":"https:\/\/www.piuomenopop.it\/index.php\/wp-json\/wp\/v2\/media?parent=21293"}],"wp:term":[{"taxonomy":"category","embeddable":true,"href":"https:\/\/www.piuomenopop.it\/index.php\/wp-json\/wp\/v2\/categories?post=21293"},{"taxonomy":"post_tag","embeddable":true,"href":"https:\/\/www.piuomenopop.it\/index.php\/wp-json\/wp\/v2\/tags?post=21293"}],"curies":[{"name":"wp","href":"https:\/\/api.w.org\/{rel}","templated":true}]}}