{"id":21757,"date":"2017-07-15T10:41:20","date_gmt":"2017-07-15T08:41:20","guid":{"rendered":"http:\/\/www.piuomenopop.it\/?p=21757"},"modified":"2017-09-20T07:26:04","modified_gmt":"2017-09-20T05:26:04","slug":"liberidi-festival-212223-luglio-2017-presso-castello-s-rocco-provaglio-diseo-bs","status":"publish","type":"post","link":"https:\/\/www.piuomenopop.it\/index.php\/2017\/07\/15\/liberidi-festival-212223-luglio-2017-presso-castello-s-rocco-provaglio-diseo-bs\/","title":{"rendered":"LIBERIDI FESTIVAL 21\/22\/23 LUGLIO 2017 presso Castello S.Rocco Provaglio D&#8217;Iseo (BS)"},"content":{"rendered":"<p style=\"text-align: center;\"><a href=\"https:\/\/www.facebook.com\/AssociazioneLiberidi\/\" target=\"_blank\" rel=\"noopener\">ASSOCIAZIONE LIBERIDI&#8217;<\/a><br \/>\ncon il patrocinio del comune di Provaglio d&#8217;Iseo<br \/>\npresenta<br \/>\n<strong><a href=\"https:\/\/www.facebook.com\/events\/294528640987800\/?acontext=%7B%22action_history%22%3A%22[%7B%5C%22surface%5C%22%3A%5C%22page%5C%22%2C%5C%22mechanism%5C%22%3A%5C%22page_upcoming_events_card%5C%22%2C%5C%22extra_data%5C%22%3A[]%7D]%22%2C%22has_source%22%3Atrue%7D\" target=\"_blank\" rel=\"noopener\">LIBERIDI FESTIVAL<\/a>\u00a0<\/strong><br \/>\n<strong>21\/22\/23 LUGLIO 2017<\/strong><br \/>\npresso<br \/>\nCastello S.Rocco<br \/>\nPian delle Viti<br \/>\nProvaglio D&#8217;Iseo (BS)<\/p>\n<p><img loading=\"lazy\" decoding=\"async\" class=\"aligncenter wp-image-21758\" src=\"http:\/\/www.piuomenopop.it\/wp-content\/uploads\/2017\/07\/liberidi.jpg\" alt=\"\" width=\"700\" height=\"260\" srcset=\"https:\/\/www.piuomenopop.it\/wp-content\/uploads\/2017\/07\/liberidi.jpg 1000w, https:\/\/www.piuomenopop.it\/wp-content\/uploads\/2017\/07\/liberidi-300x111.jpg 300w, https:\/\/www.piuomenopop.it\/wp-content\/uploads\/2017\/07\/liberidi-768x285.jpg 768w\" sizes=\"auto, (max-width: 700px) 100vw, 700px\" \/><\/p>\n<p>&nbsp;<\/p>\n<p>Il <a href=\"https:\/\/www.facebook.com\/events\/294528640987800\/?active_tab=about\" target=\"_blank\" rel=\"noopener\"><strong>festival Liberid\u00ec<\/strong><\/a> nasce nel 2015 con l&#8217;intenzione di promuovere musica originale, questo \u00e8 il terzo anno del festival organizzato nel comune di Provaglio d&#8217;Iseo.<\/p>\n<p style=\"text-align: center;\">\n<strong>VENERDI 21 LUGLIO 2017<\/strong><br \/>\n<strong>INDIPENDENT DAY<\/strong><br \/>\ncon<br \/>\n<a href=\"https:\/\/www.facebook.com\/dinoistessiealtrimondi\" target=\"_blank\" rel=\"noopener\"><strong>DI NOI STESSI e ALTRI MONDI<\/strong><\/a><br \/>\nDi noi stessi nasce su un treno, cresce davanti a una birra e ha bisogno di tanto tempo, tante cene, tanto vino e tante parole per venire allo scoperto. Registrano un Ep tutto in presa diretta, senza avere bene in mente come si faccia o che cosa sia. Una chitarra, una batteria, delle parole, i suoni di un organo, il battito di un cuore, annegare nel riverbero.Per suonare le parole e parlare con la musica.Di noi stessi e altri mondi sono Marco, Mattia, Thomas e Francesco.<\/p>\n<p style=\"text-align: center;\"><a href=\"https:\/\/www.facebook.com\/mlkvc\" target=\"_blank\" rel=\"noopener\"><strong>MALKOVIC<\/strong><\/a><br \/>\nI Malkovic sono una band alternative rock italiana.Si formano a Milano nel 2014 ad opera di Giovanni Pedersini (voce, chitarra) e Elia Pastori (batteria, elettronica) e trovano la loro formazione definitiva con l\u2019entrata di Fabio Copeta al basso.\u00a0 Nel Marzo 2016 entrano in studio per registrare il loro primo EP omonimo che vedr\u00e0 la sua uscita a Novembre 2016.<\/p>\n<p style=\"text-align: center;\"><strong><a href=\"https:\/\/www.facebook.com\/endri goband\" target=\"_blank\" rel=\"noopener\">ENDRIGO<\/a>\u00a0<\/strong><br \/>\nGli Endrigo sono quattro amici da sempre che nascono in un posto che si chiama assurdamente Villaggio Sereno, quasi a Brescia ma non abbastanza, rubano un nome gi\u00e0 pronto e cominciano a suonare rock\u2019n\u2019roll. Discograficamente attivi dal 2012 con due EP, \u201cSpara\u201d e \u201cBuona Tempesta\u201d.Sul finire del 2016 si sono chiusi nella Casa Vacanze Macchione, adibita a studio di registrazione, per registrare il primo vero album, prodotto da Andrea Marmorini (Woodworm, La Quiete) e Jacopo Gigliotti (Fast Animals and slow kids). \u201cOssa rotte, occhi rossi\u201d uscir\u00e0 il 17 marzo 2017 per IndieBox Music (distr. digitale Artist First \u2013 distr. fisica Self) e sar\u00e0 anticipato il 17 febbraio dal videoclip e dalla release digitale del brano di apertura \u201cStraight outta Villaggio Sereno (BS)\u201d.<\/p>\n<p style=\"text-align: center;\">e a seguire\u00a0<strong>LUCA FERRARI (VERDENA) DJ SET<\/strong><\/p>\n<p>&nbsp;<\/p>\n<p style=\"text-align: center;\"><strong>SABATO 22 LUGLIO 2017<\/strong><br \/>\n<strong>I LOVE REGGAE<\/strong><br \/>\ncon<br \/>\n<a href=\"https:\/\/www.facebook.com\/jakal aofficial\" target=\"_blank\" rel=\"noopener\"><strong>JAKALA<\/strong><\/a><br \/>\nLa Jakala Reggae Band nasce a Brescia nel Settembre 2012 da un&#8217;idea di Andrea Paderno (batteria) e Michele Pellegrini (basso).Poco alla volta sono venuti ad aggiungersi gli altri componenti della band, raggiungendo in breve tempo una formazione completa. La band \u00e8 caratterizzata da un binomio di voci soliste, accompagnate da un sound giovane volenteroso di apprendere insegnamenti dalle radici della musica gi\u00e0 affermata, ma anche attento a non cadere in banali sonorit\u00e0 gi\u00e0 ascoltate.<\/p>\n<p style=\"text-align: center;\"><a href=\"https:\/\/www.facebook.com\/rebel rootz\" target=\"_blank\" rel=\"noopener\"><strong>REBEL ROOTZ<\/strong><\/a><br \/>\nLa band, nata a Trento nel 2010, si fonda sul reggae e sull\u2019incontro delle personalit\u00e0 dei suoi componenti: Massimo Fontanari (voce e chitarra), Carlo Villotti (chitarra e cori), Francesco Dallago (basso), Pietro Toniolli (tastiere), Michele Tasin (tastiere e cori) e Loris Dallago (batteria). Il loro primo singolo, nel 2011, \u00e8 Tu sei musica, seguito dall\u2019album Radice ribelle e dal video della canzone Fragile. Nel 2014 hanno inciso il nuovo disco, Sotterraneo.<\/p>\n<p style=\"text-align: center;\"><strong>DOMENICA 23 LUGLIO 2017<\/strong><br \/>\n<a href=\"https:\/\/www.facebook.com\/Lucio -Corsi-695292530493208\/\" target=\"_blank\" rel=\"noopener\"><strong>LUCIO CORSI<\/strong><\/a><br \/>\nLucio Corsi \u00e8 un cantautore maremmano di 22 anni, di Val Di Campo di Vetulonia, provincia di Grosseto. Nelle sue canzoni (il suo esordio \u00e8 di un paio di anni fa circa) per Picicca Dischi, Lucio ha spesso raccontato la Maremma e i suoi abitanti, intesi come gli animali che la popolano. Oggi ha deciso di scrivere un vero e proprio &#8220;Bestiario Musicale&#8221;, prendendo spunto dai tradizionali Bestiari Illustrati di cui tutti abbiamo memoria. Ha scelto quindi 8 animali tipici della zona, annotandosi anche la mitologia che si portano dietro, e ha scritto una canzone per ognuno di loro. Lucio Corsi \u00e8 un cantautore toscano proveniente da Val di Campo di Vetulonia. Nel 2012 sconfigge la Matematica e dopo varie esperienze con gruppi della zona incomincia a comporre canzoni proprie influenzato dai cantautori italiani e dal glam rock di David Bowie e Lou Reed. Un giorno a Firenze riesce ad abbracciare Iggy Pop e dopo esser tornato soddisfatto a casa ed aver esplorato bene le tombe etrusche della sua zona si trasferisce a Milano. Nella citt\u00e0 tentacolare, con una buona dose di cocomeri, dinosauri, farfalle e sigarette per la testa decide di intraprendere la carriera solista proponendo brani propri in italiano. Il 13 gennaio 2015 \u00e8 uscito il suo disco d\u2019esordio \u201cAltalena Boy \/ Vetulonia Dakar\u201d, prodotto da Federico Dragogna e pubblicato da Picicca Dischi.<\/p>\n<p>&nbsp;<\/p>\n<p>Tutte le sere Live Painting con Danilo Diprizio, Sabato sera postazione fissa con Telescopio per guardare le stelle, Domenica h.15.00 Tornep semilampo di scacchi iscrizioni al 3282767388.<br \/>\nArea Ristori con Birra, panini e menu&#8217; Fiorentina By Osteria Pian delle viti.<br \/>\nBus Navetta dal parcheggio in via sebina provaglio<br \/>\nInizio concerti ore 20.30<\/p>\n<p>Dalle 15.00<br \/>\nIngresso libero<\/p>\n<p>INFOLINE 3351588831<br \/>\n<a href=\"https:\/\/www.facebook.com\/AssociazioneLiberidi\/\" target=\"_blank\" rel=\"noopener\">https:\/\/www.facebook.com\/Assoc iazioneLiberidi\/<\/a><\/p>\n","protected":false},"excerpt":{"rendered":"<div class=\"mh-excerpt\"><p>ASSOCIAZIONE LIBERIDI&#8217; con il patrocinio del comune di Provaglio d&#8217;Iseo presenta LIBERIDI FESTIVAL\u00a0 21\/22\/23 LUGLIO 2017 presso Castello S.Rocco Pian delle Viti Provaglio D&#8217;Iseo (BS) <a class=\"mh-excerpt-more\" href=\"https:\/\/www.piuomenopop.it\/index.php\/2017\/07\/15\/liberidi-festival-212223-luglio-2017-presso-castello-s-rocco-provaglio-diseo-bs\/\" title=\"LIBERIDI FESTIVAL 21\/22\/23 LUGLIO 2017 presso Castello S.Rocco Provaglio D&#8217;Iseo (BS)\">[&#8230;]<\/a><\/p>\n<\/div>","protected":false},"author":1,"featured_media":21758,"comment_status":"closed","ping_status":"closed","sticky":false,"template":"","format":"standard","meta":{"sfsi_plus_gutenberg_text_before_share":"","sfsi_plus_gutenberg_show_text_before_share":"","sfsi_plus_gutenberg_icon_type":"","sfsi_plus_gutenberg_icon_alignemt":"","sfsi_plus_gutenburg_max_per_row":"","footnotes":"","_links_to":"","_links_to_target":""},"categories":[730,3],"tags":[3799,3123,3798,3801,3800,2416,1933,3802],"class_list":["post-21757","post","type-post","status-publish","format-standard","has-post-thumbnail","hentry","category-festival","category-news","tag-di-noi-stessi-e-altri-mondi","tag-endrigo","tag-festival-liveridi","tag-jakala","tag-luca-ferrari","tag-lucio-corsi","tag-malkovic","tag-rebel-rootz"],"aioseo_notices":[],"_links":{"self":[{"href":"https:\/\/www.piuomenopop.it\/index.php\/wp-json\/wp\/v2\/posts\/21757","targetHints":{"allow":["GET"]}}],"collection":[{"href":"https:\/\/www.piuomenopop.it\/index.php\/wp-json\/wp\/v2\/posts"}],"about":[{"href":"https:\/\/www.piuomenopop.it\/index.php\/wp-json\/wp\/v2\/types\/post"}],"author":[{"embeddable":true,"href":"https:\/\/www.piuomenopop.it\/index.php\/wp-json\/wp\/v2\/users\/1"}],"replies":[{"embeddable":true,"href":"https:\/\/www.piuomenopop.it\/index.php\/wp-json\/wp\/v2\/comments?post=21757"}],"version-history":[{"count":1,"href":"https:\/\/www.piuomenopop.it\/index.php\/wp-json\/wp\/v2\/posts\/21757\/revisions"}],"predecessor-version":[{"id":21759,"href":"https:\/\/www.piuomenopop.it\/index.php\/wp-json\/wp\/v2\/posts\/21757\/revisions\/21759"}],"wp:featuredmedia":[{"embeddable":true,"href":"https:\/\/www.piuomenopop.it\/index.php\/wp-json\/wp\/v2\/media\/21758"}],"wp:attachment":[{"href":"https:\/\/www.piuomenopop.it\/index.php\/wp-json\/wp\/v2\/media?parent=21757"}],"wp:term":[{"taxonomy":"category","embeddable":true,"href":"https:\/\/www.piuomenopop.it\/index.php\/wp-json\/wp\/v2\/categories?post=21757"},{"taxonomy":"post_tag","embeddable":true,"href":"https:\/\/www.piuomenopop.it\/index.php\/wp-json\/wp\/v2\/tags?post=21757"}],"curies":[{"name":"wp","href":"https:\/\/api.w.org\/{rel}","templated":true}]}}