{"id":22133,"date":"2017-07-24T23:28:45","date_gmt":"2017-07-24T21:28:45","guid":{"rendered":"http:\/\/www.piuomenopop.it\/?p=22133"},"modified":"2017-09-20T07:17:08","modified_gmt":"2017-09-20T05:17:08","slug":"not-in-my-house-la-comunita-hip-hop-di-reggio-calabria-contro-casapound","status":"publish","type":"post","link":"https:\/\/www.piuomenopop.it\/index.php\/2017\/07\/24\/not-in-my-house-la-comunita-hip-hop-di-reggio-calabria-contro-casapound\/","title":{"rendered":"Not in my house: la comunit\u00e0 Hip Hop di Reggio Calabria contro CasaPound"},"content":{"rendered":"<p>La comunit\u00e0 hip hop di Reggio Calabria alza la voce contro un evento privato organizzato da Casapound nella citt\u00e0 dello stretto, in sui si esibir\u00e0 un gruppo di sedicenti nazi rapper.<br \/>\nContro ogni forma di razzismo e di prevaricazione, il rapper reggino <strong>Kento<\/strong>, in nome di tutta la crew hip hop della sua citt\u00e0, ha pubblicato\u00a0<strong><a href=\"https:\/\/www.facebook.com\/notes\/kento\/la-comunit%C3%A0-hip-hop-di-reggio-calabria-rifiuta-il-nazi-rap\/1458013964255415\/\" target=\"_blank\" rel=\"noopener\">una nota<\/a><\/strong> sul suo <a href=\"https:\/\/www.facebook.com\/ilrapdikento\/\" target=\"_blank\" rel=\"noopener\">profilo facebook<\/a> in cui prende le distanze da questo evento.<\/p>\n<p>Lo condividiamo esprimendo, anche noi, il \u00a0rifiuto totale di qualsiasi forma di fascismo e razzismo.<\/p>\n<p><img loading=\"lazy\" decoding=\"async\" class=\"aligncenter wp-image-19813\" src=\"http:\/\/www.piuomenopop.it\/wp-content\/uploads\/2017\/06\/kento.jpg\" alt=\"\" width=\"500\" height=\"282\" srcset=\"https:\/\/www.piuomenopop.it\/wp-content\/uploads\/2017\/06\/kento.jpg 650w, https:\/\/www.piuomenopop.it\/wp-content\/uploads\/2017\/06\/kento-300x169.jpg 300w, https:\/\/www.piuomenopop.it\/wp-content\/uploads\/2017\/06\/kento-243x136.jpg 243w\" sizes=\"auto, (max-width: 500px) 100vw, 500px\" \/><\/p>\n<blockquote>\n<div><\/div>\n<div class=\"_2cuy _3dgx _2vxa\">\n<p>Siamo un gruppo di mc, dj, writer, b-boy e b-girl di Reggio Calabria con diversa estrazione e differenti visioni politiche e sociali, uniti dall\u2019amore verso la cultura Hip-Hop e verso la nostra terra.<\/p>\n<\/div>\n<div class=\"_2cuy _3dgx _2vxa\">\n<p>&nbsp;<\/p>\n<p>Abbiamo scoperto che, tra qualche giorno, vicino alla nostra citt\u00e0 si esibir\u00e0 un gruppo nazi-rap, scarsissimo tecnicamente e aberrante nei contenuti, di cui non vogliamo nemmeno scrivere il nome per non dargli la visibilit\u00e0 e l\u2019eco che non merita assolutamente.<\/p>\n<\/div>\n<div class=\"_2cuy _3dgx _2vxa\">\n<p>&nbsp;<\/p>\n<p>Riteniamo comunque che sia il caso di prendere posizione in modo esplicito contro questo tipo di manifestazioni che, sebbene rinchiuse all\u2019interno di spazi privati e destinate a un esiguo gruppo di fanatici, sono in ogni caso un\u2019offesa ai valori dell\u2019Hip-Hop \u2013 genere nato nei quartieri popolari afroamericani\u2013 e della nostra terra, da cui un esercito di emigranti \u00e8 partito per cercare lavoro e dignit\u00e0 in altre parti d\u2019Italia o del pianeta.<\/p>\n<\/div>\n<div class=\"_2cuy _3dgx _2vxa\">\n<p>&nbsp;<\/p>\n<p>Noi non dimentichiamo i nostri padri che sono stati per secoli dalla parte sbagliata dei muri, vittime della discriminazione anti italiana e anti meridionale. Noi non dimentichiamo i principi di pace, amore e unit\u00e0 \u2013 ma anche di riscatto personale e sociale &#8211; su cui si basa la nostra filosofia e le nostre espressioni artistiche. All\u2019ignoranza dei nazi-rapper contrapponiamo la cultura millenaria del luogo dove verranno a sputare le loro bugie. Alla loro superficialit\u00e0, il nostro impegno quotidiano in strada. Alla loro intolleranza, altrettanta intolleranza nei confronti del razzismo e di chiunque in nome del razzismo parla e agisce.<\/p>\n<\/div>\n<div class=\"_2cuy _3dgx _2vxa\">\n<p>&nbsp;<\/p>\n<p>Queste parole appartengono a chiunque voglia farle proprie. Condividetele e fatele girare nel modo che ritenete pi\u00f9 opportuno.<\/p>\n<\/div>\n<div><\/div>\n<div class=\"_2cuy _3dgx _2vxa\"><em>\u201cAscolta le parole nei testi delle canzoni, e dimmi se sono autentiche, se significano qualcosa per te, mi capisci? Ascolta ci\u00f2 che dicono, non muovere semplicemente la testa a tempo: cerca il senso e ascolta ci\u00f2 che dico. Ritienici responsabili dei nostri testi.\u201d<\/em><\/div>\n<div class=\"_2cuy _3dgx _2vxa\">(Tupac Amaru Shakur)<\/div>\n<\/blockquote>\n","protected":false},"excerpt":{"rendered":"<div class=\"mh-excerpt\"><p>La comunit\u00e0 hip hop di Reggio Calabria alza la voce contro un evento privato organizzato da Casapound nella citt\u00e0 dello stretto, in sui si esibir\u00e0 <a class=\"mh-excerpt-more\" href=\"https:\/\/www.piuomenopop.it\/index.php\/2017\/07\/24\/not-in-my-house-la-comunita-hip-hop-di-reggio-calabria-contro-casapound\/\" title=\"Not in my house: la comunit\u00e0 Hip Hop di Reggio Calabria contro CasaPound\">[&#8230;]<\/a><\/p>\n<\/div>","protected":false},"author":1,"featured_media":22195,"comment_status":"closed","ping_status":"closed","sticky":false,"template":"","format":"standard","meta":{"sfsi_plus_gutenberg_text_before_share":"","sfsi_plus_gutenberg_show_text_before_share":"","sfsi_plus_gutenberg_icon_type":"","sfsi_plus_gutenberg_icon_alignemt":"","sfsi_plus_gutenburg_max_per_row":"","footnotes":"","_links_to":"","_links_to_target":""},"categories":[312,311,3,310],"tags":[3837,314,1568,3838],"class_list":["post-22133","post","type-post","status-publish","format-standard","has-post-thumbnail","hentry","category-alternative-hip-hop","category-hip-hop","category-news","category-rap","tag-antifa","tag-hip-hop","tag-kento","tag-reggio-calabria"],"aioseo_notices":[],"_links":{"self":[{"href":"https:\/\/www.piuomenopop.it\/index.php\/wp-json\/wp\/v2\/posts\/22133","targetHints":{"allow":["GET"]}}],"collection":[{"href":"https:\/\/www.piuomenopop.it\/index.php\/wp-json\/wp\/v2\/posts"}],"about":[{"href":"https:\/\/www.piuomenopop.it\/index.php\/wp-json\/wp\/v2\/types\/post"}],"author":[{"embeddable":true,"href":"https:\/\/www.piuomenopop.it\/index.php\/wp-json\/wp\/v2\/users\/1"}],"replies":[{"embeddable":true,"href":"https:\/\/www.piuomenopop.it\/index.php\/wp-json\/wp\/v2\/comments?post=22133"}],"version-history":[{"count":7,"href":"https:\/\/www.piuomenopop.it\/index.php\/wp-json\/wp\/v2\/posts\/22133\/revisions"}],"predecessor-version":[{"id":22200,"href":"https:\/\/www.piuomenopop.it\/index.php\/wp-json\/wp\/v2\/posts\/22133\/revisions\/22200"}],"wp:featuredmedia":[{"embeddable":true,"href":"https:\/\/www.piuomenopop.it\/index.php\/wp-json\/wp\/v2\/media\/22195"}],"wp:attachment":[{"href":"https:\/\/www.piuomenopop.it\/index.php\/wp-json\/wp\/v2\/media?parent=22133"}],"wp:term":[{"taxonomy":"category","embeddable":true,"href":"https:\/\/www.piuomenopop.it\/index.php\/wp-json\/wp\/v2\/categories?post=22133"},{"taxonomy":"post_tag","embeddable":true,"href":"https:\/\/www.piuomenopop.it\/index.php\/wp-json\/wp\/v2\/tags?post=22133"}],"curies":[{"name":"wp","href":"https:\/\/api.w.org\/{rel}","templated":true}]}}