{"id":22557,"date":"2017-07-31T21:10:55","date_gmt":"2017-07-31T19:10:55","guid":{"rendered":"http:\/\/www.piuomenopop.it\/?p=22557"},"modified":"2018-11-10T23:06:03","modified_gmt":"2018-11-10T22:06:03","slug":"la-pace-dei-sensi-jose-gonzalez-in-concerto-allanfiteatro-del-venda","status":"publish","type":"post","link":"https:\/\/www.piuomenopop.it\/index.php\/2017\/07\/31\/la-pace-dei-sensi-jose-gonzalez-in-concerto-allanfiteatro-del-venda\/","title":{"rendered":"La pace dei sensi: Jos\u00e9 Gonz\u00e1lez in concerto all\u2019Anfiteatro del Venda"},"content":{"rendered":"<p>A cura di\u00a0<strong><a href=\"https:\/\/www.facebook.com\/paolo.cunico.1\" target=\"_blank\" rel=\"noopener\">Paolo Cunico<\/a><\/strong><\/p>\n<p><img loading=\"lazy\" decoding=\"async\" class=\"aligncenter wp-image-22590\" src=\"http:\/\/www.piuomenopop.it\/wp-content\/uploads\/2017\/07\/Jose3.jpg\" alt=\"\" width=\"500\" height=\"282\" srcset=\"https:\/\/www.piuomenopop.it\/wp-content\/uploads\/2017\/07\/Jose3.jpg 1000w, https:\/\/www.piuomenopop.it\/wp-content\/uploads\/2017\/07\/Jose3-678x381.jpg 678w, https:\/\/www.piuomenopop.it\/wp-content\/uploads\/2017\/07\/Jose3-300x169.jpg 300w, https:\/\/www.piuomenopop.it\/wp-content\/uploads\/2017\/07\/Jose3-768x432.jpg 768w, https:\/\/www.piuomenopop.it\/wp-content\/uploads\/2017\/07\/Jose3-243x136.jpg 243w\" sizes=\"auto, (max-width: 500px) 100vw, 500px\" \/><\/p>\n<p>Non \u00e8 una novit\u00e0 che l\u2019<strong><a href=\"http:\/\/anfiteatrodelvenda.it\/\" target=\"_blank\" rel=\"noopener\">Anfiteatro del Venda<\/a><\/strong>, in provincia di Padova,\u00a0sia uno dei posti pi\u00f9 belli in cui si possa assistere ad un concerto, nel Nord Italia e non solo. Magari non sar\u00e0 uno dei pi\u00f9 comodi, ma di sicuro qualsiasi spettacolo qui ha un sapore diverso, speciale, unico. Anche per questo non vedevo l\u2019ora di venire a vedere <span style=\"font-size: 14pt;\"><strong><a href=\"https:\/\/www.facebook.com\/josegonzalezmusic\/\" target=\"_blank\" rel=\"noopener\">Jos\u00e9 Gonz\u00e1lez<\/a><\/strong><\/span>, artista che ho conosciuto per il suo lavoro nel film di <strong>Ben Stiller,\u00a0<\/strong><em>I sogni segreti di Walter Mitty<\/em>.<\/p>\n<p>\u00c8 il 20 Luglio. Come prevedibile, l\u2019atmosfera \u00e8 incredibile ancora prima dell\u2019inizio del concerto, con tutto il pubblico abbarbicato nel ripido pendio dell\u2019anfiteatro avvolto dall\u2019oscurit\u00e0, illuminato solo dalle luci del palco e dalle fioche lucine appese agli alberi che guidano verso l\u2019uscita.<\/p>\n<p>Il concerto inizia con un paio di minuti di ritardo, ma nessuno dei presenti si rammarica della cosa, dal momento che, fin dalla prima nota, <strong>Gonz\u00e1lez<\/strong> incanta l\u2019intero anfiteatro lasciando il pubblico incredulo di fronte a tale meraviglia.<\/p>\n<p>I polpastrelli di Gonz\u00e1lez accarezzano dolcemente le sei corde della chitarra producendo melodie che cullano i presenti fra le atmosfere del repertorio musicale del <em>c<\/em><em style=\"line-height: inherit;\">antautore svedese<\/em><span style=\"line-height: inherit;\">. La cosa che mi stupisce maggiormente \u00e8 l&#8217;abilit\u00e0 tecnica di Gonz\u00e1lez alla chitarra e l\u2019espressivit\u00e0 che riesce a trasmettere con lo strumento. Si passa dalla pi\u00f9 intima <\/span><em style=\"line-height: inherit;\">Heartbeats<\/em><span style=\"line-height: inherit;\"> alla pi\u00f9 ritmata<\/span><em style=\"line-height: inherit;\"> Stories We Build, Stories We Tell<\/em><span style=\"line-height: inherit;\"> senza mai uno scossone o un taglio netto, come quando si naviga in un mare piatto con una leggera brezza alle spalle.<\/span><\/p>\n<p>L\u2019unico rammarico \u00e8 che questa regata sia durata poco meno di un\u2019ora e mezza perch\u00e9 io e tutti i presenti saremmo rimasti a bordo per tanto tempo ancora, lasciandoci trasportare da questo ragazzo di origine argentine che ha saputo mescolare ad arte la contemplazione dei paesaggi scandinavi con la musica passionale e sanguigna del Sud America.<\/p>\n<p>Alla fine la sensazione che pervade sia me che la maggior parte dei presenti, stando almeno al chiacchiericcio post concerto, \u00e8 quella di aver assistito a qualcosa di pi\u00f9 unico che raro, <strong>una performance difficile da descrivere che ricorderemo per molto tempo ancora.<\/strong><\/p>\n","protected":false},"excerpt":{"rendered":"<div class=\"mh-excerpt\"><p>A cura di\u00a0Paolo Cunico Non \u00e8 una novit\u00e0 che l\u2019Anfiteatro del Venda, in provincia di Padova,\u00a0sia uno dei posti pi\u00f9 belli in cui si possa <a class=\"mh-excerpt-more\" href=\"https:\/\/www.piuomenopop.it\/index.php\/2017\/07\/31\/la-pace-dei-sensi-jose-gonzalez-in-concerto-allanfiteatro-del-venda\/\" title=\"La pace dei sensi: Jos\u00e9 Gonz\u00e1lez in concerto all\u2019Anfiteatro del Venda\">[&#8230;]<\/a><\/p>\n<\/div>","protected":false},"author":18,"featured_media":22590,"comment_status":"closed","ping_status":"closed","sticky":false,"template":"","format":"standard","meta":{"sfsi_plus_gutenberg_text_before_share":"","sfsi_plus_gutenberg_show_text_before_share":"","sfsi_plus_gutenberg_icon_type":"","sfsi_plus_gutenberg_icon_alignemt":"","sfsi_plus_gutenburg_max_per_row":"","footnotes":"","_links_to":"","_links_to_target":""},"categories":[227,2661,5,985],"tags":[3869,3868,593,592],"class_list":["post-22557","post","type-post","status-publish","format-standard","has-post-thumbnail","hentry","category-folk","category-indie-folk","category-report","category-tour","tag-anfiteatro-del-venda","tag-jose-gonzalez","tag-live-concert","tag-live-music"],"aioseo_notices":[],"_links":{"self":[{"href":"https:\/\/www.piuomenopop.it\/index.php\/wp-json\/wp\/v2\/posts\/22557","targetHints":{"allow":["GET"]}}],"collection":[{"href":"https:\/\/www.piuomenopop.it\/index.php\/wp-json\/wp\/v2\/posts"}],"about":[{"href":"https:\/\/www.piuomenopop.it\/index.php\/wp-json\/wp\/v2\/types\/post"}],"author":[{"embeddable":true,"href":"https:\/\/www.piuomenopop.it\/index.php\/wp-json\/wp\/v2\/users\/18"}],"replies":[{"embeddable":true,"href":"https:\/\/www.piuomenopop.it\/index.php\/wp-json\/wp\/v2\/comments?post=22557"}],"version-history":[{"count":7,"href":"https:\/\/www.piuomenopop.it\/index.php\/wp-json\/wp\/v2\/posts\/22557\/revisions"}],"predecessor-version":[{"id":22592,"href":"https:\/\/www.piuomenopop.it\/index.php\/wp-json\/wp\/v2\/posts\/22557\/revisions\/22592"}],"wp:featuredmedia":[{"embeddable":true,"href":"https:\/\/www.piuomenopop.it\/index.php\/wp-json\/wp\/v2\/media\/22590"}],"wp:attachment":[{"href":"https:\/\/www.piuomenopop.it\/index.php\/wp-json\/wp\/v2\/media?parent=22557"}],"wp:term":[{"taxonomy":"category","embeddable":true,"href":"https:\/\/www.piuomenopop.it\/index.php\/wp-json\/wp\/v2\/categories?post=22557"},{"taxonomy":"post_tag","embeddable":true,"href":"https:\/\/www.piuomenopop.it\/index.php\/wp-json\/wp\/v2\/tags?post=22557"}],"curies":[{"name":"wp","href":"https:\/\/api.w.org\/{rel}","templated":true}]}}