{"id":2322,"date":"2016-06-26T10:00:46","date_gmt":"2016-06-26T08:00:46","guid":{"rendered":"http:\/\/www.piuomenopop.it\/?p=2322"},"modified":"2018-01-01T19:32:34","modified_gmt":"2018-01-01T18:32:34","slug":"del-mondo-c-s-i","status":"publish","type":"post","link":"https:\/\/www.piuomenopop.it\/index.php\/2016\/06\/26\/del-mondo-c-s-i\/","title":{"rendered":"Del Mondo &#8211; C.S.I."},"content":{"rendered":"<p><img loading=\"lazy\" decoding=\"async\" class=\"aligncenter wp-image-2324\" src=\"http:\/\/www.piuomenopop.it\/wp-content\/uploads\/2016\/06\/A34-300x194.jpg\" alt=\"A34\" width=\"474\" height=\"307\" srcset=\"https:\/\/www.piuomenopop.it\/wp-content\/uploads\/2016\/06\/A34-300x194.jpg 300w, https:\/\/www.piuomenopop.it\/wp-content\/uploads\/2016\/06\/A34.jpg 196w\" sizes=\"auto, (max-width: 474px) 100vw, 474px\" \/><\/p>\n<p>Ho mal di gola. E fa pi\u00f9 male se penso ai 30 gradi di una notte di un&#8217;estate che sta finendo.<br \/>\nGli alberi sono immobili e le strade quasi deserte.<\/p>\n<p><strong>Lo spazio attorno si autodistrugger\u00e0, giusto o meno che sia.<\/strong><\/p>\n<p>Oggi o domani, sotto scariche di Telecaster che piovono dal cielo, si autodistrugger\u00e0.<\/p>\n<p>Non riesco a schiodare gli occhi dal pavimento, lo percorro palmo dopo palmo, tra le piastrelle spezzate per i troppi colpi dati coi tacchi. Lo sguardo radente, sottile, rettile, che si allarga e si stringe a cercare un appiglio tra le crepe.<br \/>\nScivolo con le punte dei piedi. Riprovo a spingere e scivolo di nuovo.<br \/>\nProietto gli occhi un metro pi\u00f9 in l\u00e0, a guardare passi svelti lungo corridoi sconosciuti, le mie braccia non si muovono, strette in questo vestito da sera bianco che mi porto addosso, a stento le dita si abbracciano una all&#8217;altra.<br \/>\nNon ho pi\u00f9 coscienza, non sento le voci, solo un indistinto brusio di labbra che confusamente si sovrappongono.<\/p>\n<p>Cerco di rotolarmi, come un animale pronto al macello.<\/p>\n<p>Finisco gambe all&#8217;aria a guardare il soffitto, in fondo \u00e8 partito tutto da l\u00ec e tutto ci torna.<br \/>\nAvrei ancora divergenze da appianare, discussioni da evitare, altre da infiammare, alzando la voce. Ma ho la gola in fiamme, e non va.<br \/>\nIl brusio si fa pi\u00f9 forte, quando inizia il conto alla rovescia per la fine dello spazio.<br \/>\nE chi deve premere il bottone sa gi\u00e0 che tutto \u00e8 al suo posto da un po&#8217;, e che stiamo cercando solo di renderlo pi\u00f9 simile al capodanno che non ci sar\u00e0, al primo non giorno del nuovo non anno.<br \/>\n<strong>Di una nuova non vita.<\/strong><br \/>\nO qualcosa del genere, qualcosa che nasca e muoia di continuo senza lasciar segno. \u00a0Senza fermarsi, senza aspettare di essere cancellati da qualcun altro.<\/p>\n<p>Non c&#8217;\u00e8 pi\u00f9 brusio, non c&#8217;\u00e8 rumore di fondo.<\/p>\n<p>La sensazione di leggerezza \u00e8 quella che accompagna l&#8217;ultimo passo.<\/p>\n<p>Ho mal di gola. Lo spazio \u00e8 finito, il muro che ho davanti \u00e8 compatto, senza crepe.<\/p>\n<p>Provo a girare lo sguardo indietro, ma il muro che ho alle spalle, anche l\u00ec, mi impedisce di vedere cosa c\u2019\u00e8.<\/p>\n<p>E non c\u2019\u00e8 niente,<\/p>\n<p>niente di niente.<\/p>\n<p>Niente davanti,<\/p>\n<p>niente dietro.<\/p>\n<p><strong>Niente<\/strong>.<\/p>\n<p>&nbsp;<\/p>\n<p><em><strong>IL BRANO<\/strong><\/em><\/p>\n<p><em>&#8220;All&#8217;origine di tutto ci\u00f2 che posseggo c&#8217;\u00e8 l&#8217;alfabeto<\/em><br \/>\n<em> L&#8217;abbecedario su cui imparai a scrivere e leggere: a come albero, b come barca&#8230;&#8221;<\/em> *<\/p>\n<p>e C come CSI, D come Del Mondo, E come Epifania, F come Ferretti.<\/p>\n<p>La mia e tante altre vite, &#8220;artistiche&#8221; e non solo, possono essere spiegate semplicemente cos\u00ec.<\/p>\n<p>*(GLF &#8211; Gente d&#8217;appennino)<\/p>\n<p>&nbsp;<\/p>\n","protected":false},"excerpt":{"rendered":"<div class=\"mh-excerpt\"><p>Ho mal di gola. E fa pi\u00f9 male se penso ai 30 gradi di una notte di un&#8217;estate che sta finendo. Gli alberi sono immobili <a class=\"mh-excerpt-more\" href=\"https:\/\/www.piuomenopop.it\/index.php\/2016\/06\/26\/del-mondo-c-s-i\/\" title=\"Del Mondo &#8211; C.S.I.\">[&#8230;]<\/a><\/p>\n<\/div>","protected":false},"author":4,"featured_media":2324,"comment_status":"closed","ping_status":"closed","sticky":false,"template":"","format":"standard","meta":{"sfsi_plus_gutenberg_text_before_share":"","sfsi_plus_gutenberg_show_text_before_share":"","sfsi_plus_gutenberg_icon_type":"","sfsi_plus_gutenberg_icon_alignemt":"","sfsi_plus_gutenburg_max_per_row":"","footnotes":"","_links_to":"","_links_to_target":""},"categories":[55,134],"tags":[500,501,502],"class_list":["post-2322","post","type-post","status-publish","format-standard","has-post-thumbnail","hentry","category-just-push-play","category-pop-stories","tag-csi","tag-giovanni-lindo-ferretti","tag-ko-de-mondo"],"aioseo_notices":[],"_links":{"self":[{"href":"https:\/\/www.piuomenopop.it\/index.php\/wp-json\/wp\/v2\/posts\/2322","targetHints":{"allow":["GET"]}}],"collection":[{"href":"https:\/\/www.piuomenopop.it\/index.php\/wp-json\/wp\/v2\/posts"}],"about":[{"href":"https:\/\/www.piuomenopop.it\/index.php\/wp-json\/wp\/v2\/types\/post"}],"author":[{"embeddable":true,"href":"https:\/\/www.piuomenopop.it\/index.php\/wp-json\/wp\/v2\/users\/4"}],"replies":[{"embeddable":true,"href":"https:\/\/www.piuomenopop.it\/index.php\/wp-json\/wp\/v2\/comments?post=2322"}],"version-history":[{"count":4,"href":"https:\/\/www.piuomenopop.it\/index.php\/wp-json\/wp\/v2\/posts\/2322\/revisions"}],"predecessor-version":[{"id":2327,"href":"https:\/\/www.piuomenopop.it\/index.php\/wp-json\/wp\/v2\/posts\/2322\/revisions\/2327"}],"wp:featuredmedia":[{"embeddable":true,"href":"https:\/\/www.piuomenopop.it\/index.php\/wp-json\/wp\/v2\/media\/2324"}],"wp:attachment":[{"href":"https:\/\/www.piuomenopop.it\/index.php\/wp-json\/wp\/v2\/media?parent=2322"}],"wp:term":[{"taxonomy":"category","embeddable":true,"href":"https:\/\/www.piuomenopop.it\/index.php\/wp-json\/wp\/v2\/categories?post=2322"},{"taxonomy":"post_tag","embeddable":true,"href":"https:\/\/www.piuomenopop.it\/index.php\/wp-json\/wp\/v2\/tags?post=2322"}],"curies":[{"name":"wp","href":"https:\/\/api.w.org\/{rel}","templated":true}]}}