{"id":24248,"date":"2017-09-03T12:00:38","date_gmt":"2017-09-03T10:00:38","guid":{"rendered":"http:\/\/www.piuomenopop.it\/?p=24248"},"modified":"2017-09-13T18:25:32","modified_gmt":"2017-09-13T16:25:32","slug":"lamb-tre-date-italiane-per-il-21-anniversario-del-debut-album-omonimo","status":"publish","type":"post","link":"https:\/\/www.piuomenopop.it\/index.php\/2017\/09\/03\/lamb-tre-date-italiane-per-il-21-anniversario-del-debut-album-omonimo\/","title":{"rendered":"LAMB: Tre date italiane per il 21\u00b0 anniversario del debut album omonimo"},"content":{"rendered":"<p style=\"text-align: center;\"><strong>LAMB: Torna la band di Manchester per tre imperdibili date italiane per il 21\u00b0 anniversario del celebre debut album<\/strong><\/p>\n<p><img loading=\"lazy\" decoding=\"async\" class=\"aligncenter wp-image-24249 size-full\" src=\"http:\/\/www.piuomenopop.it\/wp-content\/uploads\/2017\/09\/LAMB_.jpg\" alt=\"\" width=\"600\" height=\"845\" srcset=\"https:\/\/www.piuomenopop.it\/wp-content\/uploads\/2017\/09\/LAMB_.jpg 600w, https:\/\/www.piuomenopop.it\/wp-content\/uploads\/2017\/09\/LAMB_-213x300.jpg 213w\" sizes=\"auto, (max-width: 600px) 100vw, 600px\" \/><\/p>\n<p>&nbsp;<\/p>\n<p style=\"text-align: justify;\"><strong>RADAR Concerti<\/strong> annuncia tre imperdibili date italiane per la band di Manchester <a href=\"https:\/\/www.facebook.com\/LambOfficial\/\" target=\"_blank\" rel=\"noopener\">LAMB<\/a>, per la celebrazione del ventunesimo anno dall\u2019uscita del loro acclamato debut album omonimo del 1996.<br \/>\nIl tour, che partir\u00e0 a settembre e che porter\u00e0 la band in Europa fino in Russia, arriver\u00e0 in Italia il prossimo novembre per tre tappe esclusive, <strong>l\u20198 novembre al Circolo Magnolia di Milano, il 9 novembre al Locomotiv di Bologna e il 10 novembre all\u2019Auditorium Parco della Musica, Sala Sinopoli, Roma.<\/strong><\/p>\n<p>Era il 1996 quando i <a href=\"https:\/\/www.facebook.com\/LambOfficial\/\" target=\"_blank\" rel=\"noopener\">LAMB<\/a> presentarono il primo, acclamato album omonimo per Fontana Records, subito entrato nel cuore della scena alternativa inglese. Con il singolo <strong>Gorecki<\/strong>, inserito nella colonna sonora del film Moulin Rouge, negli spot Guinnes, nel videogioco Tomb Rider ed entrato a pieno merito nei primi trenta posti della UK chart, i <a href=\"https:\/\/www.facebook.com\/LambOfficial\/\" target=\"_blank\" rel=\"noopener\">LAMB<\/a>superano i confini dell\u2019Inghilterra e preparano il terreno per Fear of Fours (Polygram Records), album che li consacra al grande pubblico.<\/p>\n<p style=\"text-align: justify;\">Trip Hop, folk, drum and bass, sperimentazioni e songwriting si fondono nelle due anime della band, il produttore Andy Barlow e la cantautrice Lou Rodhes, autori di sei album in studio ed entrambi impegnati in progetti solisti di indubbia qualit\u00e0 fin dal 2004, con collaborazioni del calibro di Damien Rice (Back To Beginning).<\/p>\n<p>Dopo la reunion e i due ultimi 5 (2011) e Backspace Unwind (2014), i Lamb tornano in tour per celebrare il 21\u00b0 anno dal loro debutto. Un live imperdibile, per gli amanti di Tricky, Laika e Morcheeba, del post trip hop venato di techno alla Chemical Brothers, della sensualit\u00e0 di Goldfrapp e dell\u2019intensit\u00e0 dei Royksopp.<\/p>\n<p style=\"text-align: center;\"><strong>8 novembre \u2013 Circolo Magnolia, Milano<\/strong><br \/>\n<strong>9 novembre \u2013 Locomotiv, Bologna<\/strong><br \/>\n<strong>10 novembre \u2013 Auditorium Parco della Musica, Roma<\/strong><\/p>\n","protected":false},"excerpt":{"rendered":"<div class=\"mh-excerpt\"><p>LAMB: Torna la band di Manchester per tre imperdibili date italiane per il 21\u00b0 anniversario del celebre debut album &nbsp; RADAR Concerti annuncia tre imperdibili <a class=\"mh-excerpt-more\" href=\"https:\/\/www.piuomenopop.it\/index.php\/2017\/09\/03\/lamb-tre-date-italiane-per-il-21-anniversario-del-debut-album-omonimo\/\" title=\"LAMB: Tre date italiane per il 21\u00b0 anniversario del debut album omonimo\">[&#8230;]<\/a><\/p>\n<\/div>","protected":false},"author":1,"featured_media":24249,"comment_status":"closed","ping_status":"closed","sticky":false,"template":"","format":"standard","meta":{"sfsi_plus_gutenberg_text_before_share":"","sfsi_plus_gutenberg_show_text_before_share":"","sfsi_plus_gutenberg_icon_type":"","sfsi_plus_gutenberg_icon_alignemt":"","sfsi_plus_gutenburg_max_per_row":"","footnotes":"","_links_to":"","_links_to_target":""},"categories":[564,3],"tags":[3324,833],"class_list":["post-24248","post","type-post","status-publish","format-standard","has-post-thumbnail","hentry","category-alternative","category-news","tag-astarte-agency","tag-radar-concerti"],"aioseo_notices":[],"_links":{"self":[{"href":"https:\/\/www.piuomenopop.it\/index.php\/wp-json\/wp\/v2\/posts\/24248","targetHints":{"allow":["GET"]}}],"collection":[{"href":"https:\/\/www.piuomenopop.it\/index.php\/wp-json\/wp\/v2\/posts"}],"about":[{"href":"https:\/\/www.piuomenopop.it\/index.php\/wp-json\/wp\/v2\/types\/post"}],"author":[{"embeddable":true,"href":"https:\/\/www.piuomenopop.it\/index.php\/wp-json\/wp\/v2\/users\/1"}],"replies":[{"embeddable":true,"href":"https:\/\/www.piuomenopop.it\/index.php\/wp-json\/wp\/v2\/comments?post=24248"}],"version-history":[{"count":1,"href":"https:\/\/www.piuomenopop.it\/index.php\/wp-json\/wp\/v2\/posts\/24248\/revisions"}],"predecessor-version":[{"id":24250,"href":"https:\/\/www.piuomenopop.it\/index.php\/wp-json\/wp\/v2\/posts\/24248\/revisions\/24250"}],"wp:featuredmedia":[{"embeddable":true,"href":"https:\/\/www.piuomenopop.it\/index.php\/wp-json\/wp\/v2\/media\/24249"}],"wp:attachment":[{"href":"https:\/\/www.piuomenopop.it\/index.php\/wp-json\/wp\/v2\/media?parent=24248"}],"wp:term":[{"taxonomy":"category","embeddable":true,"href":"https:\/\/www.piuomenopop.it\/index.php\/wp-json\/wp\/v2\/categories?post=24248"},{"taxonomy":"post_tag","embeddable":true,"href":"https:\/\/www.piuomenopop.it\/index.php\/wp-json\/wp\/v2\/tags?post=24248"}],"curies":[{"name":"wp","href":"https:\/\/api.w.org\/{rel}","templated":true}]}}