{"id":24472,"date":"2017-09-08T12:49:51","date_gmt":"2017-09-08T10:49:51","guid":{"rendered":"http:\/\/www.piuomenopop.it\/?p=24472"},"modified":"2017-09-08T15:31:09","modified_gmt":"2017-09-08T13:31:09","slug":"michele-gazich-domenica-17-settembre-in-concerto-allalba-presso-il-monastero-di-astino-a-bergamo","status":"publish","type":"post","link":"https:\/\/www.piuomenopop.it\/index.php\/2017\/09\/08\/michele-gazich-domenica-17-settembre-in-concerto-allalba-presso-il-monastero-di-astino-a-bergamo\/","title":{"rendered":"MICHELE GAZICH: domenica 17 settembre in concerto all&#8217;alba presso il Monastero di Astino a Bergamo"},"content":{"rendered":"<p style=\"text-align: justify;\"><strong>Domenica 17 settembre<\/strong>, all&#8217;interno del festival<strong> Molte Fedi sotto lo stesso Cielo<\/strong> organizzato da Acli Bergamo, <a href=\"https:\/\/www.facebook.com\/michele.gazich?fref=ts\" target=\"_blank\" rel=\"noopener\"><strong>Michele Gazich<\/strong><\/a> terr\u00e0 un concerto all&#8217;alba, alle ore 5.30, nei luoghi suggestivi del Monastero di Astino a Bergamo (ingresso 12 \u20ac, 10 \u20ac con card; in caso di pioggia il concerto si svolger\u00e0 nella Basilica di Santa Maria Maggiore in citt\u00e0 alta)<\/p>\n<p><img loading=\"lazy\" decoding=\"async\" class=\"aligncenter wp-image-24473 size-full\" src=\"http:\/\/www.piuomenopop.it\/wp-content\/uploads\/2017\/09\/michele-gazich_.jpg\" alt=\"\" width=\"448\" height=\"298\" srcset=\"https:\/\/www.piuomenopop.it\/wp-content\/uploads\/2017\/09\/michele-gazich_.jpg 448w, https:\/\/www.piuomenopop.it\/wp-content\/uploads\/2017\/09\/michele-gazich_-300x200.jpg 300w\" sizes=\"auto, (max-width: 448px) 100vw, 448px\" \/><\/p>\n<p style=\"text-align: justify;\">Quello del musicista e compositore bresciano sar\u00e0 un concerto spirituale, che muover\u00e0 da quello al Duomo Vecchio di Brescia nel 2012 registrato e sigillato in un cd-dvd dal titolo <strong>\u201cVerso Damasco\u201d<\/strong> ma con alcune importanti acquisizioni e qualche avamposto di scrittura futura. Ad Astino Gazich proporr\u00e0 infatti i pezzi pi\u00f9 \u201cverticali\u201d del suo repertorio, insieme a due inediti: <strong>\u201cFarfalla, fal\u00eca, favilla\u201d<\/strong>, che aprir\u00e0 il concerto e sar\u00e0 un omaggio al Divano Occidentale-Orientale di Goethe, laddove il poeta tedesco avviava un aperto dialogo con la poesia e la mistica araba sovrapponendole, in forte anticipo sui tempi, con quelle occidentali; e <strong>\u201cIl vecchio e la notte\u201d<\/strong>, un nuovo brano scritto per l&#8217;occasione, che nasce dalla produzione poetica di David Maria Turoldo e dalla visita al monastero di Fontanelle.<\/p>\n<p style=\"text-align: justify;\">Ma nel concerto bergamasco ci sar\u00e0 spazio anche per le canzoni dell pi\u00f9 recente <strong>\u201cLa via del sale\u201d<\/strong>, album che grazie al brano <strong>\u201cStoria dell&#8217;uomo che vendette la sua ombra\u201d<\/strong> \u00e8 giunto fra i cinque finalisti del <strong>Premio Tenco 2017<\/strong>.<\/p>\n<p style=\"text-align: justify;\">Un concerto di\u00a0<a href=\"https:\/\/www.facebook.com\/michele.gazich?fref=ts\" target=\"_blank\" rel=\"noopener\"><strong>Michele Gazich<\/strong><\/a> non \u00e8 mai solo un concerto, ma un viaggio interiore da portarsi nel cuore, un rito ma senza ostentazione, una celebrazione d\u2019amore in un mondo sempre pi\u00f9 carico d\u2019odio. Al cuore dell&#8217;appuntamento di domenica l\u2019ampio affresco di \u201cVerso Damasco\u201d, brano non pi\u00f9 eseguito dal 2012 che verr\u00e0 suonato in una nuova versione e riproporr\u00e0 il confronto, quantomai attuale, fra la Damasco di San Paolo e quella di oggi, distrutta da \u201cbombe intelligenti per donne con il velo\u201d.<\/p>\n<p style=\"text-align: justify;\">In conclusione<strong> \u201cIl latte nero dell\u2019alba<\/strong>\u201d, dedicata a Paul Celan, tra i maggiori poeti di cultura ebraica del Novecento. Questo brano simbolo della memoria dell&#8217;Olocausto \u2013 tradotto in molte lingue, tra cui l&#8217;Yiddish e il greco moderno \u2013 \u00e8 stato eseguito per la prima volta a Cracovia nel 2012; al Senato spagnolo nel 2015, alla presenza del Re Felipe VI e dei rappresentanti della comunit\u00e0 ebraica e rom, e a Venezia nel 2017 al festival Incroci di civilt\u00e0.<\/p>\n<p style=\"text-align: justify;\">Con <strong>Michele Gazich<\/strong> (voce, violino, viola, pianoforte) ci saranno gli ormai storici collaboratori <strong>Marco Lamberti<\/strong> (chitarra, bouzouki, seconda voce) e <strong>Francesca Rossi<\/strong> (violoncello, seconda voce) per un concerto che sar\u00e0 la testimonianza pi\u00f9 viva e pulsante dell&#8217;essenza di un musicista sempre in viaggio, animato da una dimensione di nomadismo artistico e di ricerca costante che \u00e8 diventata esistenziale. Michele Gazich, sempre con il suo violino: incarnazione contemporanea dell\u2019ebreo errante.<\/p>\n<p style=\"text-align: center;\"><strong>MICHELE GAZICH live<\/strong><br \/>\n<strong>Domenica 17 settembre, Bergamo<\/strong><br \/>\n<strong>Monastero di Astino, per Molte Fedi sotto lo stesso Cielo<\/strong><br \/>\n<strong>ingresso 12 \u20ac, 10 \u20ac con card<\/strong><\/p>\n<p>&nbsp;<\/p>\n<p><iframe loading=\"lazy\" title=\"Michele Gazich - Storia dell&#039;uomo che vendette la sua ombra   official videoclip\" width=\"500\" height=\"281\" src=\"https:\/\/www.youtube.com\/embed\/EKKjjy0Bvr0?feature=oembed\" frameborder=\"0\" allow=\"accelerometer; autoplay; clipboard-write; encrypted-media; gyroscope; picture-in-picture; web-share\" referrerpolicy=\"strict-origin-when-cross-origin\" allowfullscreen><\/iframe><\/p>\n","protected":false},"excerpt":{"rendered":"<div class=\"mh-excerpt\"><p>Domenica 17 settembre, all&#8217;interno del festival Molte Fedi sotto lo stesso Cielo organizzato da Acli Bergamo, Michele Gazich terr\u00e0 un concerto all&#8217;alba, alle ore 5.30, <a class=\"mh-excerpt-more\" href=\"https:\/\/www.piuomenopop.it\/index.php\/2017\/09\/08\/michele-gazich-domenica-17-settembre-in-concerto-allalba-presso-il-monastero-di-astino-a-bergamo\/\" title=\"MICHELE GAZICH: domenica 17 settembre in concerto all&#8217;alba presso il Monastero di Astino a Bergamo\">[&#8230;]<\/a><\/p>\n<\/div>","protected":false},"author":1,"featured_media":24473,"comment_status":"closed","ping_status":"closed","sticky":false,"template":"","format":"standard","meta":{"sfsi_plus_gutenberg_text_before_share":"","sfsi_plus_gutenberg_show_text_before_share":"","sfsi_plus_gutenberg_icon_type":"","sfsi_plus_gutenberg_icon_alignemt":"","sfsi_plus_gutenburg_max_per_row":"","footnotes":"","_links_to":"","_links_to_target":""},"categories":[3],"tags":[408],"class_list":["post-24472","post","type-post","status-publish","format-standard","has-post-thumbnail","hentry","category-news","tag-macrame-trame-comunicative"],"aioseo_notices":[],"_links":{"self":[{"href":"https:\/\/www.piuomenopop.it\/index.php\/wp-json\/wp\/v2\/posts\/24472","targetHints":{"allow":["GET"]}}],"collection":[{"href":"https:\/\/www.piuomenopop.it\/index.php\/wp-json\/wp\/v2\/posts"}],"about":[{"href":"https:\/\/www.piuomenopop.it\/index.php\/wp-json\/wp\/v2\/types\/post"}],"author":[{"embeddable":true,"href":"https:\/\/www.piuomenopop.it\/index.php\/wp-json\/wp\/v2\/users\/1"}],"replies":[{"embeddable":true,"href":"https:\/\/www.piuomenopop.it\/index.php\/wp-json\/wp\/v2\/comments?post=24472"}],"version-history":[{"count":1,"href":"https:\/\/www.piuomenopop.it\/index.php\/wp-json\/wp\/v2\/posts\/24472\/revisions"}],"predecessor-version":[{"id":24474,"href":"https:\/\/www.piuomenopop.it\/index.php\/wp-json\/wp\/v2\/posts\/24472\/revisions\/24474"}],"wp:featuredmedia":[{"embeddable":true,"href":"https:\/\/www.piuomenopop.it\/index.php\/wp-json\/wp\/v2\/media\/24473"}],"wp:attachment":[{"href":"https:\/\/www.piuomenopop.it\/index.php\/wp-json\/wp\/v2\/media?parent=24472"}],"wp:term":[{"taxonomy":"category","embeddable":true,"href":"https:\/\/www.piuomenopop.it\/index.php\/wp-json\/wp\/v2\/categories?post=24472"},{"taxonomy":"post_tag","embeddable":true,"href":"https:\/\/www.piuomenopop.it\/index.php\/wp-json\/wp\/v2\/tags?post=24472"}],"curies":[{"name":"wp","href":"https:\/\/api.w.org\/{rel}","templated":true}]}}