{"id":24569,"date":"2017-09-12T17:13:48","date_gmt":"2017-09-12T15:13:48","guid":{"rendered":"http:\/\/www.piuomenopop.it\/?p=24569"},"modified":"2017-09-12T17:14:05","modified_gmt":"2017-09-12T15:14:05","slug":"stefano-bollani-piano-solo-venerdi-15-settembre-al-castello-svevo-di-cosenza","status":"publish","type":"post","link":"https:\/\/www.piuomenopop.it\/index.php\/2017\/09\/12\/stefano-bollani-piano-solo-venerdi-15-settembre-al-castello-svevo-di-cosenza\/","title":{"rendered":"Stefano Bollani \u201cPiano Solo\u201d &#8211; Venerd\u00ec 15 Settembre al Castello Svevo di Cosenza"},"content":{"rendered":"<p style=\"text-align: center;\"><strong>Grande attesa per il concerto di <span style=\"font-size: 14pt;\"><a href=\"http:\/\/www.stefanobollani.com\/\" target=\"_blank\" rel=\"noopener\">Stefano Bollani<\/a><\/span> al Castello Svevo della citt\u00e0 di Cosenza.<\/strong><\/p>\n<p style=\"text-align: center;\"><strong>Venerd\u00ec 15 settembre l\u2019artista sar\u00e0 ospite di Piano B per la rassegna <em>\u201cExit deviazioni in Arte e Musica\u201d<\/em>.<\/strong><\/p>\n<p><img loading=\"lazy\" decoding=\"async\" class=\"aligncenter wp-image-24570\" src=\"http:\/\/www.piuomenopop.it\/wp-content\/uploads\/2017\/09\/LOCANDINA-CONCERTO_bollani.jpg\" alt=\"\" width=\"427\" height=\"600\" srcset=\"https:\/\/www.piuomenopop.it\/wp-content\/uploads\/2017\/09\/LOCANDINA-CONCERTO_bollani.jpg 640w, https:\/\/www.piuomenopop.it\/wp-content\/uploads\/2017\/09\/LOCANDINA-CONCERTO_bollani-213x300.jpg 213w\" sizes=\"auto, (max-width: 427px) 100vw, 427px\" \/><\/p>\n<p>Il concerto di <span style=\"font-size: 14pt;\"><a href=\"http:\/\/www.stefanobollani.com\/\" target=\"_blank\" rel=\"noopener\"><strong>Stefano Bollani<\/strong><\/a><\/span> \u00e8 sicuramente il concerto di punta della rassegna artistica e musicale <em><strong>\u201cExit. Deviazioni in arte e musica\u201d<\/strong><\/em>, ideata e organizzata da <a href=\"https:\/\/www.facebook.com\/pianobeventiproduzioni\/\" target=\"_blank\" rel=\"noopener\"><strong>Piano B<\/strong><\/a> e che, nel corso dell\u2019estate, ha portato al <strong>Castello Normanno Svevo<\/strong> della citt\u00e0 di <strong>Cosenza<\/strong> \u2013 simbolo dell\u2019antica citt\u00e0 dei Bruzi \u2013 nomi dell\u2019eccellenza musicale come Paolo Zanarella, conosciuto in tutto il mondo come \u201cil pianista fuori posto\u201d; la donna del jazz Rita Marcotulli e la giovanissima Floriana Cangiano, in arte Flo, una delle figure pi\u00f9 importanti della nuova canzone d&#8217;autore al femminile. Non casuale \u00e8 stata la scelta degli artisti che, a loro modo, sono \u201cEXIT\u201d, ovvero con la loro musica riescono a suggerire nuove vie di fuga, evasioni, \u201cDeviazioni in arte e musica\u201d invitando gli spettatori ad osservare gli eventi da un altro punto di vista, provare a vivere secondo un altro ritmo ed un\u2019altra dimensione.<br \/>\nIn questa prospettiva si inserisce a pieno titolo l\u2019esibizione di <strong>Stefano Bollani<\/strong> in <strong><em>\u201cPiano Solo\u201d<\/em><\/strong>, uno sbalorditivo viaggio musicale con imprevedibili incursioni in differenti generi, ritmi e sonorit\u00e0.\u00a0Nella sua formazione solistica <strong>Bollani<\/strong> \u00e8 in realt\u00e0 accompagnato dai diversi personaggi che fa vivere, voce e tastiera, scherzando con il pubblico, in un infinito gioco di provocazione tra humor e poesia.<br \/>\nPiano Solo, pi\u00f9 che un tradizionale concerto al pianoforte, \u00e8 un omaggio all\u2019arte dell\u2019improvvisazione. Nel momento in cui <strong>Stefano Bollani<\/strong> sale sul palco per il suo <strong>one man show<\/strong>, tutto pu\u00f2 accadere. Non esiste nessuna scaletta, nessun programma di sala a cui aggrapparsi per seguire il succedersi dei brani. Lo spettatore \u00e8 trascinato in un\u2019avventura diversa in ogni brano, un viaggio a perdifiato attraverso orizzonti musicali solo apparentemente lontani. Si pu\u00f2 passare cos\u00ec da Bach ai Beatles, da Stravinskij ai ritmi brasiliani, con improvvise incursioni nel pop o nel repertorio italiano degli anni Quaranta. In questo vero e proprio flusso di coscienza musicale, il riso e l\u2019emozione si amalgamano, lasciando spazio ad una sola certezza: alla fine del concerto sar\u00e0 il pubblico protagonista a decidere il bis, in un medley imprevedibile in cui il virtuosismo si mescola all\u2019irriverenza.<\/p>\n<p>L\u2019esclusivo evento per la citt\u00e0 di Cosenza \u00e8 quindi al suo countdown per assistere alla performance di uno tra i pianista pi\u00f9 eclettici e talentuosi della scena internazionale per il mondo degli ottantotto tasti.<\/p>\n<p>&nbsp;<\/p>\n<p>L\u2019organizzazione precisa che in caso di pioggia il concerto \u2013 previsto per le ore 21.00 &#8211; si svolger\u00e0 regolarmente in luogo al chiuso che sar\u00e0 tempestivamente comunicato.<\/p>\n<p><span style=\"font-size: 10pt;\">INFO E PREVENDITE<\/span><br \/>\n<span style=\"font-size: 10pt;\">Costo biglietto \u20ac 38,00<\/span><br \/>\n<span style=\"font-size: 10pt;\">Posti numerati &#8211; limitati alla capienza della venue\u00a0<\/span><br \/>\n<span style=\"font-size: 10pt;\">si consiglia acquisto in prevendita.<\/span><\/p>\n<p><span style=\"font-size: 10pt;\">INPRIMAFILA COSENZA<\/span><br \/>\n<span style=\"font-size: 10pt;\">Via Marconi, 140 &#8211; 87100 Cosenza<\/span><br \/>\n<span style=\"font-size: 10pt;\"><a href=\"http:\/\/www.inprimafila.net\/\" target=\"_blank\" rel=\"noopener\">www.inprimafila.net<\/a>\u00a0<\/span><br \/>\n<span style=\"font-size: 10pt;\">tel 0984.795699<\/span><\/p>\n<p>&nbsp;<\/p>\n<p>&nbsp;<\/p>\n","protected":false},"excerpt":{"rendered":"<div class=\"mh-excerpt\"><p>Grande attesa per il concerto di Stefano Bollani al Castello Svevo della citt\u00e0 di Cosenza. Venerd\u00ec 15 settembre l\u2019artista sar\u00e0 ospite di Piano B per <a class=\"mh-excerpt-more\" href=\"https:\/\/www.piuomenopop.it\/index.php\/2017\/09\/12\/stefano-bollani-piano-solo-venerdi-15-settembre-al-castello-svevo-di-cosenza\/\" title=\"Stefano Bollani \u201cPiano Solo\u201d &#8211; Venerd\u00ec 15 Settembre al Castello Svevo di Cosenza\">[&#8230;]<\/a><\/p>\n<\/div>","protected":false},"author":1,"featured_media":24572,"comment_status":"closed","ping_status":"closed","sticky":false,"template":"","format":"standard","meta":{"sfsi_plus_gutenberg_text_before_share":"","sfsi_plus_gutenberg_show_text_before_share":"","sfsi_plus_gutenberg_icon_type":"","sfsi_plus_gutenberg_icon_alignemt":"","sfsi_plus_gutenburg_max_per_row":"","footnotes":"","_links_to":"","_links_to_target":""},"categories":[2859,3],"tags":[684,43,4092,4093,4091],"class_list":["post-24569","post","type-post","status-publish","format-standard","has-post-thumbnail","hentry","category-classica","category-news","tag-castello-svevo","tag-cosenza","tag-piano-b","tag-piano-solo","tag-stefano-bollani"],"aioseo_notices":[],"_links":{"self":[{"href":"https:\/\/www.piuomenopop.it\/index.php\/wp-json\/wp\/v2\/posts\/24569","targetHints":{"allow":["GET"]}}],"collection":[{"href":"https:\/\/www.piuomenopop.it\/index.php\/wp-json\/wp\/v2\/posts"}],"about":[{"href":"https:\/\/www.piuomenopop.it\/index.php\/wp-json\/wp\/v2\/types\/post"}],"author":[{"embeddable":true,"href":"https:\/\/www.piuomenopop.it\/index.php\/wp-json\/wp\/v2\/users\/1"}],"replies":[{"embeddable":true,"href":"https:\/\/www.piuomenopop.it\/index.php\/wp-json\/wp\/v2\/comments?post=24569"}],"version-history":[{"count":3,"href":"https:\/\/www.piuomenopop.it\/index.php\/wp-json\/wp\/v2\/posts\/24569\/revisions"}],"predecessor-version":[{"id":24575,"href":"https:\/\/www.piuomenopop.it\/index.php\/wp-json\/wp\/v2\/posts\/24569\/revisions\/24575"}],"wp:featuredmedia":[{"embeddable":true,"href":"https:\/\/www.piuomenopop.it\/index.php\/wp-json\/wp\/v2\/media\/24572"}],"wp:attachment":[{"href":"https:\/\/www.piuomenopop.it\/index.php\/wp-json\/wp\/v2\/media?parent=24569"}],"wp:term":[{"taxonomy":"category","embeddable":true,"href":"https:\/\/www.piuomenopop.it\/index.php\/wp-json\/wp\/v2\/categories?post=24569"},{"taxonomy":"post_tag","embeddable":true,"href":"https:\/\/www.piuomenopop.it\/index.php\/wp-json\/wp\/v2\/tags?post=24569"}],"curies":[{"name":"wp","href":"https:\/\/api.w.org\/{rel}","templated":true}]}}