{"id":24999,"date":"2017-09-18T13:49:40","date_gmt":"2017-09-18T11:49:40","guid":{"rendered":"http:\/\/www.piuomenopop.it\/?p=24999"},"modified":"2017-09-18T13:49:40","modified_gmt":"2017-09-18T11:49:40","slug":"ghemon-un-temporale-il-nuovo-video","status":"publish","type":"post","link":"https:\/\/www.piuomenopop.it\/index.php\/2017\/09\/18\/ghemon-un-temporale-il-nuovo-video\/","title":{"rendered":"Ghemon : &#8220;Un Temporale&#8221; &#8211; il nuovo video"},"content":{"rendered":"<p>&nbsp;<\/p>\n<p style=\"text-align: center;\"><span class=\"m_-4119201335826989392Stile171\"><strong><span style=\"font-family: Tahoma;\">GHEMON &#8211; &#8220;Un Temporale&#8221;<\/span><\/strong><\/span><\/p>\n<p style=\"text-align: center;\"><strong class=\"m_-4119201335826989392Stile2\"><span style=\"font-family: Tahoma;\">IL NUOVO VIDEO estratto dal NUOVO ALBUM &#8220;Mezzanotte&#8221;<\/span><\/strong><\/p>\n<p>&nbsp;<\/p>\n<p><iframe loading=\"lazy\" title=\"Ghemon - Un Temporale (Official Video)\" width=\"500\" height=\"281\" src=\"https:\/\/www.youtube.com\/embed\/yypRHEONX4E?feature=oembed\" frameborder=\"0\" allow=\"accelerometer; autoplay; clipboard-write; encrypted-media; gyroscope; picture-in-picture; web-share\" referrerpolicy=\"strict-origin-when-cross-origin\" allowfullscreen><\/iframe><\/p>\n<p style=\"text-align: justify;\"><span class=\"m_-4119201335826989392Stile41\" style=\"font-family: georgia,palatino,serif; font-size: 12pt;\"><strong>&#8220;Mezzanotte&#8221;<\/strong><strong> \u00e8 il nuovo album di <\/strong><a href=\"https:\/\/www.facebook.com\/ghemonofficial\/\" target=\"_blank\" rel=\"noopener\"><strong>GHEMON<\/strong><\/a><strong>, disponibile da<\/strong><strong> Venerd\u00ec 22 Settembre<\/strong><strong> in tutti gli store digitali e in versione cd e vinile per <\/strong><strong>Macro Beats<\/strong><strong>, distribuito da <\/strong><strong>A1 Entertainment<\/strong><strong>.<\/strong><\/span><br \/>\n<span style=\"font-family: georgia,palatino,serif; font-size: 12pt;\"> <strong><span class=\"m_-4119201335826989392Stile4\"><br \/>\n&#8220;Un Temporale&#8221;<\/span><\/strong><span class=\"m_-4119201335826989392Stile4\"> \u00e8 il primo singolo estratto, gi\u00e0 in alta rotazione <span class=\"m_-4119201335826989392Stile41\">nelle radio italiane \u00e8 rimasto stabile al per pi\u00f9 di una settimana al <strong>primo posto nella Viral 50 &#8211; Italia su Spotify<\/strong>, ha esordito come la <strong>piu&#8217; alta nuova entrata nella classifica dei brani italiani pi\u00f9 trasmessi <\/strong>dalle radio secondo EarOne, la <strong>s<\/strong><strong>econda pi\u00f9 alta nuova entrata della classifica generale<\/strong>, entrando nella <strong>top 10 dei brani indipendenti pi\u00f9 suonati secondo Earone.<\/strong><\/span><\/span><\/span><\/p>\n<p style=\"text-align: justify;\"><span style=\"font-family: georgia,palatino,serif; font-size: 12pt;\"><span class=\"m_-4119201335826989392Stile4\"><span class=\"m_-4119201335826989392Stile41\">Disponibile da oggi il <strong>NUOVO VIDEO <\/strong>di<strong> &#8220;Un Temporale&#8221;<\/strong>, <\/span><span class=\"m_-4119201335826989392Stile41\">regia di<\/span> Matteo Podini e Matteo Bombarda per Undervilla &amp; Frame24 aka Framevilla<\/span><span class=\"m_-4119201335826989392Stile41\">.<\/span><\/span><\/p>\n<p style=\"text-align: justify;\"><span style=\"font-family: georgia,palatino,serif; font-size: 12pt;\"><strong>GHEMON ritorna dopo il grande successo di critica e pubblico del suo ultimo disco &#8220;ORCHIdee&#8221;, un album interamente suonato che ha cambiato il modo di intendere il rap e la musica black in Italia<\/strong>, con una ricchezza musicale e lessicale caratterizzata da una forte parte melodica che ha portato l&#8217;artista di Avellino sempre pi\u00f9 verso il cantato. GHEMON ha lavorato duramente in studio insieme alla sua band e nel nuovo album<strong> &#8220;Mezzanotte&#8221;<\/strong>, oltre che nella stesura dei testi e delle melodie, si \u00e8 cimentato anche nella composizione delle musiche, un lavoro che lo ha portato alla creazione di un suono unico e assolutamente inedito senza termini di paragone in Italia.<\/span><\/p>\n<p style=\"text-align: justify;\"><span style=\"font-family: georgia,palatino,serif; font-size: 12pt;\"><strong>GHEMON<\/strong> continua cos\u00ec a percorrere la sua strada con <strong>un album sempre pi\u00f9 cantato che ha l&#8217;immediatezza per essere capito da tutti e una profondit\u00e0 capace di coinvolgere ascoltatori pi\u00f9 adulti e attenti alle sfumature. <\/strong><\/span><br \/>\n<span style=\"font-family: georgia,palatino,serif; font-size: 12pt;\"> <strong><br \/>\nIl TOUR di &#8220;Mezzanotte&#8221; toccher\u00e0 tutti i migliori club italiani, la prima data \u00e8 fissata per Gioved\u00ec 30 Novembre alla Santeria Social Club di Milano, sono gi\u00e0 aperte le prevendite: http:\/\/www.mailticket.it\/ evento\/11384<\/strong>\u00a0\u00a0<\/span><\/p>\n<p class=\"m_-4119201335826989392Stile4\" style=\"text-align: justify;\" align=\"justify\"><span style=\"font-family: georgia,palatino,serif; font-size: 12pt;\"><strong>&#8220;Mezzanotte&#8221; \u00e8 un album coraggioso, carnale, fisico, la musica come terapia per riemergere da momenti difficili, un bilancio sincero nonostante i successi e gli eccessi, un&#8217;autoanalisi dell&#8217;uomo Gianluca prima che dell&#8217;artista GHEMON. <\/strong>Non uno sfogo, ma le considerazione di un giovane adulto che continua a lavorare su se stesso, rivelando un lato pi\u00f9 sporco, diretto, senza filtri nel raccontare il suo mondo interiore dove <strong>le cose che prima erano sussurrate con eleganza ora sono urlate con forza<\/strong>. <\/span><\/p>\n<p class=\"m_-4119201335826989392Stile4\" style=\"text-align: justify;\" align=\"justify\"><img loading=\"lazy\" decoding=\"async\" class=\"size-medium wp-image-23932 aligncenter\" src=\"http:\/\/www.piuomenopop.it\/wp-content\/uploads\/2017\/08\/ghemon_cover-300x300.jpg\" alt=\"\" width=\"300\" height=\"300\" srcset=\"https:\/\/www.piuomenopop.it\/wp-content\/uploads\/2017\/08\/ghemon_cover-300x300.jpg 300w, https:\/\/www.piuomenopop.it\/wp-content\/uploads\/2017\/08\/ghemon_cover-150x150.jpg 150w, https:\/\/www.piuomenopop.it\/wp-content\/uploads\/2017\/08\/ghemon_cover-768x768.jpg 768w, https:\/\/www.piuomenopop.it\/wp-content\/uploads\/2017\/08\/ghemon_cover-1024x1024.jpg 1024w, https:\/\/www.piuomenopop.it\/wp-content\/uploads\/2017\/08\/ghemon_cover-60x60.jpg 60w, https:\/\/www.piuomenopop.it\/wp-content\/uploads\/2017\/08\/ghemon_cover.jpg 1500w\" sizes=\"auto, (max-width: 300px) 100vw, 300px\" \/><\/p>\n<p><span style=\"font-family: georgia,palatino,serif; font-size: 12pt;\"><strong>&#8220;Mezzanotte&#8221;<\/strong> racconta di sofferenza e rinascita, solitudine e delusione non come emozioni fine a se stesse, ma come difficolt\u00e0 da cui trarre insegnamenti positivi per una nuova consapevolezza di s\u00e9. Durante i quattordici brani del disco GHEMON affronta da una differente angolazione le donne, i rapporti interpersonali, le cadute e le risalite, nel buio pesto di una galleria la cui fine per\u00f2 lascia sempre intravedere una luce. L&#8217;album \u00e8 stato interamente suonato da GHEMON e la sua band con l&#8217;aggiunta dei fiati di Domenico Mamone e le percussioni di Daniel Plentz. L&#8217;album \u00e8 stato registrato e prodotto tra le <strong>Officine Meccaniche<\/strong> e il <strong>Red Bull Studio Mobile<\/strong> di Milano da <strong>Tommaso Colliva<\/strong>, gi\u00e0 vincitore di un Grammy, mentre il master \u00e8 stato affidato a <strong>Giovanni Versari<\/strong>.<\/span><\/p>\n<p align=\"justify\"><span class=\"m_-4119201335826989392Stile4\" style=\"font-family: georgia,palatino,serif; font-size: 12pt;\"><strong>Se &#8220;ORCHIdee&#8221; \u00e8 stato un primo esperimento di mischiare pop, rap, soul, funk e jazz, &#8220;Mezzanotte&#8221; \u00e8 la consacrazione di qualcosa di unico, dove le influenze black si legano alla musica italiana riuscendo anche a trovare uno spazio vitale per la tradizione Hip Hop.<\/strong> Mosso dalla sua grande cultura musicale e dalla frenesia della scoperta, GHEMON \u00e8 riuscito finalmente a riversare su disco tutte le sue influenze e il suo complesso mondo interiore, senza per\u00f2 mai rinunciare alla sua inconfondibile poetica.<\/span><\/p>\n<p><strong><span style=\"font-family: Tahoma;\">\u00a0<\/span><\/strong><\/p>\n<p class=\"m_-4119201335826989392Stile4\" style=\"text-align: center;\" align=\"center\"><span style=\"font-size: 12pt;\"><em><span class=\"m_-4119201335826989392Stile4\" style=\"font-family: georgia,palatino,serif;\"><strong>GHEMON<\/strong>\u00a0incontrer\u00e0 i fan in una serie di<strong>\u00a0INSTORE in tutta Italia<\/strong>, in cui sar\u00e0 possibile acquistare <strong>&#8220;Mezzanotte&#8221;<\/strong> sia in formato cd che in vinile e incontrare l&#8217;artista: <\/span><\/em><\/span><\/p>\n<p><span style=\"font-size: 12pt;\"><em><span class=\"m_-4119201335826989392Stile4\" style=\"font-family: georgia,palatino,serif;\">VENERDI 22.09 &#8211;<strong> MILANO<\/strong> &#8211; Feltrinelli, Piazza Piemonte &#8211; ore 17.00<strong><br \/>\n<\/strong>SABATO 23.09 &#8211;<strong> VARESE <\/strong> &#8211; Varese Dischi &#8211; ore 14.00 +<strong> COMO<\/strong> &#8211; Frigerio Dischi &#8211; ore 18.00<strong><br \/>\n<\/strong>DOMENICA 24.09 &#8211;<strong> TORINO <\/strong>&#8211; Mondadori Megastore, via Monte di Piet\u00e0 2 &#8211; ore 17.00<strong><br \/>\n<\/strong>LUNEDI 25.09 &#8211;<strong> BOLOGNA <\/strong>&#8211; Feltrinelli, Piazza Ravegnana &#8211; ore 18.00<strong><br \/>\n<\/strong>MARTEDI 26.09 &#8211;<strong> FIRENZE <\/strong>&#8211; Galleria Del Disco &#8211; ore 15.00 + <strong>LUCCA <\/strong>&#8211; Sky Stone &#8211; ore 18.00<br \/>\nMERCOLEDI 27.09 &#8211;<strong> PERUGIA &#8211; <\/strong>Petrolio Shop &#8211; ore 18:00<strong><br \/>\n<\/strong>GIOVEDI 28.09 &#8211;<strong> ROMA <\/strong>&#8211; Discoteca Laziale &#8211; ore 18.00<strong><br \/>\n<\/strong>VENERDI 29.09 &#8211;<strong> BARI <\/strong>&#8211; Feltrinelli, via Melo 110 &#8211; ore 14.00 +<strong> LECCE <\/strong> &#8211; Feltrinelli, via Templari 9 &#8211; ore 18.00<strong><br \/>\n<\/strong>SABATO 30.09 &#8211;<strong> NAPOLI <\/strong> &#8211; Feltrinelli, Stazione Garibaldi &#8211; ore 17.00<strong><br \/>\n<\/strong>DOMENICA 01.10 &#8211; <strong>COSENZA <\/strong> &#8211; Feltrinelli, Corso Mazzini 86 &#8211; ore 17.00<strong><br \/>\n<\/strong>LUNEDI 02.10 &#8211;<strong> CATANIA <\/strong>Feltrinelli, Via Etnea 285 &#8211; ore 18.00<strong><br \/>\n<\/strong>MARTEDI 03.10 &#8211;<strong> BRESCIA <\/strong>&#8211; Mondadori Freccia Rossa &#8211; ore 14.00 +<strong> PADOVA<\/strong> &#8211; Mondadori, Piazza Insurrezione &#8211; ore 18.00<\/span><\/em><\/span><\/p>\n","protected":false},"excerpt":{"rendered":"<div class=\"mh-excerpt\"><p>&nbsp; GHEMON &#8211; &#8220;Un Temporale&#8221; IL NUOVO VIDEO estratto dal NUOVO ALBUM &#8220;Mezzanotte&#8221; &nbsp; &#8220;Mezzanotte&#8221; \u00e8 il nuovo album di GHEMON, disponibile da Venerd\u00ec 22 <a class=\"mh-excerpt-more\" href=\"https:\/\/www.piuomenopop.it\/index.php\/2017\/09\/18\/ghemon-un-temporale-il-nuovo-video\/\" title=\"Ghemon : &#8220;Un Temporale&#8221; &#8211; il nuovo video\">[&#8230;]<\/a><\/p>\n<\/div>","protected":false},"author":1,"featured_media":23932,"comment_status":"closed","ping_status":"closed","sticky":false,"template":"","format":"standard","meta":{"sfsi_plus_gutenberg_text_before_share":"","sfsi_plus_gutenberg_show_text_before_share":"","sfsi_plus_gutenberg_icon_type":"","sfsi_plus_gutenberg_icon_alignemt":"","sfsi_plus_gutenburg_max_per_row":"","footnotes":"","_links_to":"","_links_to_target":""},"categories":[3,8],"tags":[3991,376,345],"class_list":["post-24999","post","type-post","status-publish","format-standard","has-post-thumbnail","hentry","category-news","category-uscite","tag-ghemon","tag-macro-beats-records","tag-smc-italia"],"aioseo_notices":[],"_links":{"self":[{"href":"https:\/\/www.piuomenopop.it\/index.php\/wp-json\/wp\/v2\/posts\/24999","targetHints":{"allow":["GET"]}}],"collection":[{"href":"https:\/\/www.piuomenopop.it\/index.php\/wp-json\/wp\/v2\/posts"}],"about":[{"href":"https:\/\/www.piuomenopop.it\/index.php\/wp-json\/wp\/v2\/types\/post"}],"author":[{"embeddable":true,"href":"https:\/\/www.piuomenopop.it\/index.php\/wp-json\/wp\/v2\/users\/1"}],"replies":[{"embeddable":true,"href":"https:\/\/www.piuomenopop.it\/index.php\/wp-json\/wp\/v2\/comments?post=24999"}],"version-history":[{"count":2,"href":"https:\/\/www.piuomenopop.it\/index.php\/wp-json\/wp\/v2\/posts\/24999\/revisions"}],"predecessor-version":[{"id":25002,"href":"https:\/\/www.piuomenopop.it\/index.php\/wp-json\/wp\/v2\/posts\/24999\/revisions\/25002"}],"wp:featuredmedia":[{"embeddable":true,"href":"https:\/\/www.piuomenopop.it\/index.php\/wp-json\/wp\/v2\/media\/23932"}],"wp:attachment":[{"href":"https:\/\/www.piuomenopop.it\/index.php\/wp-json\/wp\/v2\/media?parent=24999"}],"wp:term":[{"taxonomy":"category","embeddable":true,"href":"https:\/\/www.piuomenopop.it\/index.php\/wp-json\/wp\/v2\/categories?post=24999"},{"taxonomy":"post_tag","embeddable":true,"href":"https:\/\/www.piuomenopop.it\/index.php\/wp-json\/wp\/v2\/tags?post=24999"}],"curies":[{"name":"wp","href":"https:\/\/api.w.org\/{rel}","templated":true}]}}