{"id":25205,"date":"2017-09-25T19:20:07","date_gmt":"2017-09-25T17:20:07","guid":{"rendered":"http:\/\/www.piuomenopop.it\/?p=25205"},"modified":"2017-09-25T19:58:42","modified_gmt":"2017-09-25T17:58:42","slug":"il-reparto-psichiatrico-qualcosa-piu-di-niente-e-il-primo-album","status":"publish","type":"post","link":"https:\/\/www.piuomenopop.it\/index.php\/2017\/09\/25\/il-reparto-psichiatrico-qualcosa-piu-di-niente-e-il-primo-album\/","title":{"rendered":"IL REPARTO PSICHIATRICO: &#8220;Qualcosa pi\u00f9 di niente&#8221; \u00e8 il primo album"},"content":{"rendered":"<p style=\"text-align: justify;\">Manca sempre meno all\u2019esordio discografico della band lucchese <strong><a href=\"https:\/\/www.facebook.com\/RepartoPsichiatrico\/?fref=ts\" target=\"_blank\" rel=\"noopener\">IL REPARTO PSICHIATRICO<\/a>.<\/strong><br \/>\nL\u2019album s\u2019intitola <strong>\u201cQUALCOSA PIU\u2019 DI NIENTE\u201d<\/strong> e sar\u00e0 pubblicato il 28 settembre. Il nuovo lavoro \u00e8 stato anticipato dal videoclip di <strong>\u201cLA MIA NOTTE\u201d<\/strong><\/p>\n<p><iframe loading=\"lazy\" title=\"Il Reparto Psichiatrico - La mia notte\" width=\"500\" height=\"281\" src=\"https:\/\/www.youtube.com\/embed\/ZVHmc-aMzI8?feature=oembed\" frameborder=\"0\" allow=\"accelerometer; autoplay; clipboard-write; encrypted-media; gyroscope; picture-in-picture; web-share\" referrerpolicy=\"strict-origin-when-cross-origin\" allowfullscreen><\/iframe><\/p>\n<p style=\"text-align: justify;\">\n<p><strong>QUALCOSA PI\u00d9 DI NIENTE<\/strong><br \/>\n<em>Qualcosa pi\u00f9 di niente<\/em> \u00e8 un ricordo di una vita sognata, un viaggio onirico, immaginario, folle. La narrazione fantastica incontra l\u2019introspezione surrealista, tra personaggi e luoghi inventati. Emerge la passione per la lettura, che si lega alla musica per il suo potere evocativo. Le parole de\ufb01niscono delle immagini, colorate da suoni distorti e ipnotici. <em>Qualcosa pi\u00f9 di niente \u00e8 qualcosa pi\u00f9 di niente.<\/em><\/p>\n<p><img loading=\"lazy\" decoding=\"async\" class=\"aligncenter wp-image-25206 size-full\" src=\"http:\/\/www.piuomenopop.it\/wp-content\/uploads\/2017\/09\/IL-REPARTO-PSICHIATRICO_.jpg\" alt=\"\" width=\"380\" height=\"336\" srcset=\"https:\/\/www.piuomenopop.it\/wp-content\/uploads\/2017\/09\/IL-REPARTO-PSICHIATRICO_.jpg 380w, https:\/\/www.piuomenopop.it\/wp-content\/uploads\/2017\/09\/IL-REPARTO-PSICHIATRICO_-300x265.jpg 300w\" sizes=\"auto, (max-width: 380px) 100vw, 380px\" \/><\/p>\n<p>&nbsp;<\/p>\n<p style=\"text-align: justify;\">Il <strong><a href=\"https:\/\/www.facebook.com\/RepartoPsichiatrico\/?fref=ts\" target=\"_blank\" rel=\"noopener\">IL REPARTO PSICHIATRICO<\/a><\/strong> nasce dalla necessit\u00e0 di comunicare i propri deliri, senza \ufb01ltri, senza compromessi. Sensazioni visionarie, realt\u00e0 \ufb01ttizie, immagini surreali sono i temi che interessano la band, che trova il suo linguaggio nella psichedelia, nel rock e nelle melodie pop.<\/p>\n<p>Ad autunno 2016 entra in studio per registrare il disco d\u2019esordio, \u201cQualcosa pi\u00f9 di niente\u201d, \u00a0in uscita il 28 settembre 2017.<\/p>\n<p><strong>IL REPARTO PSICHIATRICO E\u2019:<\/strong><br \/>\nAlessandro Meschi&#8212;batteria<br \/>\nFrida Morganti&#8212;tastiere\/pianoforte<br \/>\nGionata Rossi&#8212;chitarra\/voce<br \/>\nMarco Fastidio&#8212;basso\/cori<\/p>\n","protected":false},"excerpt":{"rendered":"<div class=\"mh-excerpt\"><p>Manca sempre meno all\u2019esordio discografico della band lucchese IL REPARTO PSICHIATRICO. L\u2019album s\u2019intitola \u201cQUALCOSA PIU\u2019 DI NIENTE\u201d e sar\u00e0 pubblicato il 28 settembre. Il nuovo <a class=\"mh-excerpt-more\" href=\"https:\/\/www.piuomenopop.it\/index.php\/2017\/09\/25\/il-reparto-psichiatrico-qualcosa-piu-di-niente-e-il-primo-album\/\" title=\"IL REPARTO PSICHIATRICO: &#8220;Qualcosa pi\u00f9 di niente&#8221; \u00e8 il primo album\">[&#8230;]<\/a><\/p>\n<\/div>","protected":false},"author":1,"featured_media":25206,"comment_status":"closed","ping_status":"closed","sticky":false,"template":"","format":"standard","meta":{"sfsi_plus_gutenberg_text_before_share":"","sfsi_plus_gutenberg_show_text_before_share":"","sfsi_plus_gutenberg_icon_type":"","sfsi_plus_gutenberg_icon_alignemt":"","sfsi_plus_gutenburg_max_per_row":"","footnotes":"","_links_to":"","_links_to_target":""},"categories":[564,3,8,939,3156],"tags":[3784,4163],"class_list":["post-25205","post","type-post","status-publish","format-standard","has-post-thumbnail","hentry","category-alternative","category-news","category-uscite","category-pop","category-power-pop","tag-fleisch-ufficio-stampa","tag-il-reparto-psichatrico"],"aioseo_notices":[],"_links":{"self":[{"href":"https:\/\/www.piuomenopop.it\/index.php\/wp-json\/wp\/v2\/posts\/25205","targetHints":{"allow":["GET"]}}],"collection":[{"href":"https:\/\/www.piuomenopop.it\/index.php\/wp-json\/wp\/v2\/posts"}],"about":[{"href":"https:\/\/www.piuomenopop.it\/index.php\/wp-json\/wp\/v2\/types\/post"}],"author":[{"embeddable":true,"href":"https:\/\/www.piuomenopop.it\/index.php\/wp-json\/wp\/v2\/users\/1"}],"replies":[{"embeddable":true,"href":"https:\/\/www.piuomenopop.it\/index.php\/wp-json\/wp\/v2\/comments?post=25205"}],"version-history":[{"count":1,"href":"https:\/\/www.piuomenopop.it\/index.php\/wp-json\/wp\/v2\/posts\/25205\/revisions"}],"predecessor-version":[{"id":25207,"href":"https:\/\/www.piuomenopop.it\/index.php\/wp-json\/wp\/v2\/posts\/25205\/revisions\/25207"}],"wp:featuredmedia":[{"embeddable":true,"href":"https:\/\/www.piuomenopop.it\/index.php\/wp-json\/wp\/v2\/media\/25206"}],"wp:attachment":[{"href":"https:\/\/www.piuomenopop.it\/index.php\/wp-json\/wp\/v2\/media?parent=25205"}],"wp:term":[{"taxonomy":"category","embeddable":true,"href":"https:\/\/www.piuomenopop.it\/index.php\/wp-json\/wp\/v2\/categories?post=25205"},{"taxonomy":"post_tag","embeddable":true,"href":"https:\/\/www.piuomenopop.it\/index.php\/wp-json\/wp\/v2\/tags?post=25205"}],"curies":[{"name":"wp","href":"https:\/\/api.w.org\/{rel}","templated":true}]}}