{"id":25867,"date":"2017-10-15T17:56:09","date_gmt":"2017-10-15T15:56:09","guid":{"rendered":"http:\/\/www.piuomenopop.it\/?p=25867"},"modified":"2017-10-15T17:56:23","modified_gmt":"2017-10-15T15:56:23","slug":"giorgio-stammati-esce-il-24-ottobre-lep-desordio-la-festa-patronale","status":"publish","type":"post","link":"https:\/\/www.piuomenopop.it\/index.php\/2017\/10\/15\/giorgio-stammati-esce-il-24-ottobre-lep-desordio-la-festa-patronale\/","title":{"rendered":"GIORGIO STAMMATI: esce il 24 ottobre l&#8217;EP d&#8217;esordio LA FESTA PATRONALE"},"content":{"rendered":"<p><strong><img loading=\"lazy\" decoding=\"async\" class=\"aligncenter wp-image-25868\" src=\"http:\/\/www.piuomenopop.it\/wp-content\/uploads\/2017\/10\/Lafestapatronale.jpg\" alt=\"\" width=\"350\" height=\"350\" srcset=\"https:\/\/www.piuomenopop.it\/wp-content\/uploads\/2017\/10\/Lafestapatronale.jpg 640w, https:\/\/www.piuomenopop.it\/wp-content\/uploads\/2017\/10\/Lafestapatronale-150x150.jpg 150w, https:\/\/www.piuomenopop.it\/wp-content\/uploads\/2017\/10\/Lafestapatronale-300x300.jpg 300w, https:\/\/www.piuomenopop.it\/wp-content\/uploads\/2017\/10\/Lafestapatronale-60x60.jpg 60w\" sizes=\"auto, (max-width: 350px) 100vw, 350px\" \/><\/strong><\/p>\n<p>Girando in macchina (del padre) intorno a una rotonda almeno tre o quattro volte, e a disagio tra le occhiatacce delle aspettative con le facce deluse, nasce\u00a0<strong><em>La festa patronale<\/em><\/strong>, EP d&#8217;esordio del cantautore\u00a0<a href=\"https:\/\/www.facebook.com\/GiorgioStammati\" target=\"_blank\" rel=\"noopener\"><strong>Giorgio Stammati<\/strong><\/a>. Mentre gli amici partono per le capitali europee a Giorgio non resta che andare alla festa patronale a mangiare il solito panino con la porchetta, farsi un giro sul solito easy rider, comprare l&#8217;ennesimo laser alle bancarelle e incontrare i vecchi amici sempre pi\u00f9 stempiati.<\/p>\n<p>Pomeriggi persi, inadeguatezza, solitudine, la domanda \u00e8: cosa devo fare? In queste sei canzoni non si trover\u00e0 una risposta, bens\u00ec un tentativo di raccontare atmosfere, luoghi e turbolenze care a chi non sa come gestire i propri 25 anni.<\/p>\n<p style=\"text-align: center;\">Guarda il video de\u00a0<strong><em>Il guardiaspiaggia<\/em><\/strong><br \/>\n<iframe loading=\"lazy\" src=\"https:\/\/www.youtube.com\/embed\/yN5b5kEYuJE\" width=\"560\" height=\"315\" frameborder=\"0\" allowfullscreen=\"allowfullscreen\"><\/iframe><\/p>\n<p>&nbsp;<\/p>\n<p style=\"text-align: center;\">Guarda il video de\u00a0<strong><em>Il pomeriggio<\/em><\/strong><\/p>\n<p style=\"text-align: center;\"><iframe loading=\"lazy\" src=\"https:\/\/www.youtube.com\/embed\/pItyq-x8FJ8\" width=\"560\" height=\"315\" frameborder=\"0\" allowfullscreen=\"allowfullscreen\"><\/iframe><\/p>\n<p>&nbsp;<\/p>\n<p><strong>Giorgio Stammati<\/strong>\u00a0\u00e8 un cantautore e viene da Formia, basso Lazio. Classe 1991, scrive la prima canzone a 19 anni, dopo un indeciso anno da studente fuorisede a Roma.\u00a0Dopo una breve attivit\u00e0 concertistica divisa tra la Capitale e la sua citt\u00e0 di origine, smette di cantare dal vivo per dedicarsi alla sola scrittura musicale &#8211;\u00a0parallelamente ai suoi progetti di vita.\u00a0 Nell&#8217;estate del 2016 Giorgio d\u00e0 un seguito al discorso musicale interrotto incidendo il suo primo EP,\u00a0La festa patronale. Tra vecchie e nuove composizioni dalla veste pi\u00f9 rock, Giorgio si lascia accompagnare da una band, che vede Giacomo Forte alle tastiere e synth, Giovanni Iacovella alla batteria e Marco Agresti al basso.<\/p>\n<p>&nbsp;<\/p>\n<p>&nbsp;<\/p>\n","protected":false},"excerpt":{"rendered":"<div class=\"mh-excerpt\"><p>Girando in macchina (del padre) intorno a una rotonda almeno tre o quattro volte, e a disagio tra le occhiatacce delle aspettative con le facce <a class=\"mh-excerpt-more\" href=\"https:\/\/www.piuomenopop.it\/index.php\/2017\/10\/15\/giorgio-stammati-esce-il-24-ottobre-lep-desordio-la-festa-patronale\/\" title=\"GIORGIO STAMMATI: esce il 24 ottobre l&#8217;EP d&#8217;esordio LA FESTA PATRONALE\">[&#8230;]<\/a><\/p>\n<\/div>","protected":false},"author":1,"featured_media":25868,"comment_status":"closed","ping_status":"closed","sticky":false,"template":"","format":"standard","meta":{"sfsi_plus_gutenberg_text_before_share":"","sfsi_plus_gutenberg_show_text_before_share":"","sfsi_plus_gutenberg_icon_type":"","sfsi_plus_gutenberg_icon_alignemt":"","sfsi_plus_gutenburg_max_per_row":"","footnotes":"","_links_to":"","_links_to_target":""},"categories":[2399,3,8],"tags":[4275,4276],"class_list":["post-25867","post","type-post","status-publish","format-standard","has-post-thumbnail","hentry","category-cantautorato","category-news","category-uscite","tag-giorgio-stammati","tag-la-festa-patronale"],"aioseo_notices":[],"_links":{"self":[{"href":"https:\/\/www.piuomenopop.it\/index.php\/wp-json\/wp\/v2\/posts\/25867","targetHints":{"allow":["GET"]}}],"collection":[{"href":"https:\/\/www.piuomenopop.it\/index.php\/wp-json\/wp\/v2\/posts"}],"about":[{"href":"https:\/\/www.piuomenopop.it\/index.php\/wp-json\/wp\/v2\/types\/post"}],"author":[{"embeddable":true,"href":"https:\/\/www.piuomenopop.it\/index.php\/wp-json\/wp\/v2\/users\/1"}],"replies":[{"embeddable":true,"href":"https:\/\/www.piuomenopop.it\/index.php\/wp-json\/wp\/v2\/comments?post=25867"}],"version-history":[{"count":1,"href":"https:\/\/www.piuomenopop.it\/index.php\/wp-json\/wp\/v2\/posts\/25867\/revisions"}],"predecessor-version":[{"id":25869,"href":"https:\/\/www.piuomenopop.it\/index.php\/wp-json\/wp\/v2\/posts\/25867\/revisions\/25869"}],"wp:featuredmedia":[{"embeddable":true,"href":"https:\/\/www.piuomenopop.it\/index.php\/wp-json\/wp\/v2\/media\/25868"}],"wp:attachment":[{"href":"https:\/\/www.piuomenopop.it\/index.php\/wp-json\/wp\/v2\/media?parent=25867"}],"wp:term":[{"taxonomy":"category","embeddable":true,"href":"https:\/\/www.piuomenopop.it\/index.php\/wp-json\/wp\/v2\/categories?post=25867"},{"taxonomy":"post_tag","embeddable":true,"href":"https:\/\/www.piuomenopop.it\/index.php\/wp-json\/wp\/v2\/tags?post=25867"}],"curies":[{"name":"wp","href":"https:\/\/api.w.org\/{rel}","templated":true}]}}