{"id":26963,"date":"2017-12-02T03:00:38","date_gmt":"2017-12-02T02:00:38","guid":{"rendered":"http:\/\/www.piuomenopop.it\/?p=26963"},"modified":"2018-01-01T14:51:55","modified_gmt":"2018-01-01T13:51:55","slug":"giornata-mondiale-contro-la-schiavitu-esce-i-be-so-glad-recycled-di-ila-and-her-fellows","status":"publish","type":"post","link":"https:\/\/www.piuomenopop.it\/index.php\/2017\/12\/02\/giornata-mondiale-contro-la-schiavitu-esce-i-be-so-glad-recycled-di-ila-and-her-fellows\/","title":{"rendered":"Giornata mondiale contro la schiavit\u00f9: esce &#8220;I BE SO GLAD recycled&#8221; di Ila and her Fellows"},"content":{"rendered":"<p><img loading=\"lazy\" decoding=\"async\" class=\"wp-image-26964 \" src=\"http:\/\/www.piuomenopop.it\/wp-content\/uploads\/2017\/11\/ila-and-her-fellows.jpg\" alt=\"\" width=\"756\" height=\"425\" srcset=\"https:\/\/www.piuomenopop.it\/wp-content\/uploads\/2017\/11\/ila-and-her-fellows.jpg 960w, https:\/\/www.piuomenopop.it\/wp-content\/uploads\/2017\/11\/ila-and-her-fellows-678x381.jpg 678w, https:\/\/www.piuomenopop.it\/wp-content\/uploads\/2017\/11\/ila-and-her-fellows-300x169.jpg 300w, https:\/\/www.piuomenopop.it\/wp-content\/uploads\/2017\/11\/ila-and-her-fellows-768x432.jpg 768w, https:\/\/www.piuomenopop.it\/wp-content\/uploads\/2017\/11\/ila-and-her-fellows-243x136.jpg 243w\" sizes=\"auto, (max-width: 756px) 100vw, 756px\" \/><\/p>\n<p style=\"text-align: justify;\">In occasione della giornata mondiale contro la schiavit\u00f9, il <strong>2 Dicembre<\/strong>, arriva <strong>&#8220;I BE SO GLAD recycled&#8221;<\/strong> di <strong><a href=\"https:\/\/www.facebook.com\/ilaandherfellows\/?fref=ts\" target=\"_blank\" rel=\"noopener\">Ila and her Fellows<\/a><\/strong> (progetto musicale che nel 2014 ha pubblicato un disco che vedeva coinvolti 16 musicisti provenienti dai pi\u00f9 svariati background musicali).<\/p>\n<p style=\"text-align: justify;\">Questa volta per\u00f2 per\u00f2 il brano \u00e8 rinnovato.<\/p>\n<p style=\"text-align: justify;\">Infatti entrano a far parte dei <strong>Fellows<\/strong> anche i due rapper <strong><a href=\"https:\/\/www.facebook.com\/Hyst.Official\/?fref=mentions\" target=\"_blank\" rel=\"noopener\">Taiyo Hyst Yamanouchi<\/a><\/strong> ed il francese <strong><a href=\"https:\/\/www.facebook.com\/Abraxxxas-131154755232\/\" target=\"_blank\" rel=\"noopener\">Abraxxxas<\/a><\/strong>, cos\u00ec il brano viene riarrangiato da Ila e <strong><a href=\"https:\/\/www.facebook.com\/matteo.marchese?fref=ts\" target=\"_blank\" rel=\"noopener\">Teo Marchese<\/a><\/strong> (batterista di <strong><a href=\"https:\/\/www.facebook.com\/ghemonofficial\/?fref=ts\" target=\"_blank\" rel=\"noopener\">Ghemon<\/a><\/strong>) per diventare <strong>&#8220;I BE SO GLAD recycled&#8221;<\/strong>.<\/p>\n<p style=\"text-align: justify;\">La canzone (originariamente cantata dagli schiavi americani) \u00e8 stata elaborata in chiave moderna non solo nei suoni, ma anche nella tematica: siamo schiavi del lavoro, della tecnologia, del progresso, del benessere che diamo troppo spesso per scontato.<\/p>\n<p style=\"text-align: justify;\">Un testo semplice, quello originale, che lamenta un <em>&#8220;Sono felice quando il sole scende&#8221;<\/em> e sottintende il chiaro arrivo del momento del riposo dello schiavo. Parole che arrivano dritte in pancia e fanno viaggiare indietro a quel periodo in cui la vita di un uomo non aveva nessun valore se non come forza lavoro.<\/p>\n<p style=\"text-align: justify;\">Con la chitarra di <strong><a href=\"https:\/\/www.facebook.com\/stefanogalliband\/?fref=ts\" target=\"_blank\" rel=\"noopener\">Stefano Galli<\/a><\/strong>, le batterie di <strong><a href=\"https:\/\/www.facebook.com\/matteo.marchese?fref=ts\" target=\"_blank\" rel=\"noopener\">Teo Marchese<\/a><\/strong>, il basso di <strong><a href=\"https:\/\/www.facebook.com\/roberto.dragonetti.54?fref=ts\" target=\"_blank\" rel=\"noopener\">Roberto Dragonetti<\/a><\/strong> e le voci di <strong><a href=\"https:\/\/www.facebook.com\/ilaria.scattina?fref=ts\" target=\"_blank\" rel=\"noopener\">Ila<\/a><\/strong> e <strong>Gessica Crotti<\/strong>, <strong>&#8220;I BE SO GLAD recycled&#8221;<\/strong> prende nuova vita grazie alle rime dei due rapper: da quelle anglo\/francesi di <strong><a href=\"https:\/\/www.facebook.com\/Abraxxxas-131154755232\/\" target=\"_blank\" rel=\"noopener\">Abraxxxas<\/a><\/strong><em>&#8220;I&#8217;ll be glad when we put the down the mask \/ When we will decide to stop to pull out all the gas in earth &#8221; a &#8220;i miei fratelli hanno lo sguardo al cielo \/ un cielo freddo e sordo \/ Solo la fede per pagare \/ hanno gi\u00e0 speso troppo&#8221;<\/em> di <strong><a href=\"https:\/\/www.facebook.com\/Hyst.Official\/?fref=mentions\" target=\"_blank\" rel=\"noopener\">Taiyo <\/a><\/strong>.<\/p>\n<p style=\"text-align: justify;\">Ad accompagnare la canzone c\u2019\u00e8 il video, realizzato dalla stessa <strong><a href=\"https:\/\/www.facebook.com\/ilaria.scattina?fref=ts\" target=\"_blank\" rel=\"noopener\">Ila<\/a><\/strong> con il supporto della sua casa di produzione<strong> <a href=\"https:\/\/www.facebook.com\/unclesingerproduction\/?fref=ts\" target=\"_blank\" rel=\"noopener\">Uncle Singer<\/a><\/strong>, che ci porta direttamente tra le pieghe di una stancante giornata di lavoro, a volte troppo faticosa per mente e corpo. Essere schiavi in una chiave contemporanea e quotidiana.<br \/>\nIl brano \u00e8 stato mixato da <strong><a href=\"https:\/\/www.facebook.com\/tomcolliva?fref=ts\" target=\"_blank\" rel=\"noopener\">Tommaso Colliva<\/a><\/strong>nel suo <strong>Toomy Labs<\/strong> di Londra ed il mastering \u00e8 stato affidato a <strong><a href=\"https:\/\/www.facebook.com\/giovanni.versari?fref=ts\" target=\"_blank\" rel=\"noopener\">Giovanni Versari<\/a><\/strong> (entrambi vincitori di un Grammy Awards).<\/p>\n<p style=\"text-align: justify;\"><strong>&#8220;I BE SO GLAD recycled&#8221;<\/strong> uscir\u00e0 oggi, 2 Dicembre, su tutte le piattaforme digitali.<\/p>\n<p><iframe loading=\"lazy\" title=\"&quot;I be so glad&quot; Ila &amp; Her Fellows ft. Abraxxxas | Taiyo Hyst Yamanouchi\" width=\"500\" height=\"281\" src=\"https:\/\/www.youtube.com\/embed\/IFmfHGTtl00?feature=oembed\" frameborder=\"0\" allow=\"accelerometer; autoplay; clipboard-write; encrypted-media; gyroscope; picture-in-picture; web-share\" referrerpolicy=\"strict-origin-when-cross-origin\" allowfullscreen><\/iframe><\/p>\n<p>Leggi anche:<\/p>\n<p><a href=\"http:\/\/www.piuomenopop.it\/index.php\/2016\/10\/11\/intervista-a-teo-marchese-la-musica-e-la-manifestazione-che-sono-vivo\/\" target=\"_blank\" rel=\"noopener\">Intervista a TEO MARCHESE: \u201cLa musica \u00e8 la manifestazione che sono vivo\u201d<\/a><br \/>\n<a href=\"http:\/\/www.piuomenopop.it\/index.php\/2016\/12\/11\/piuomeno2016-teo-marchese\/\" target=\"_blank\" rel=\"noopener\">#piuomeno2016 \u2013 Teo Marchese<\/a><\/p>\n","protected":false},"excerpt":{"rendered":"<div class=\"mh-excerpt\"><p>In occasione della giornata mondiale contro la schiavit\u00f9, il 2 Dicembre, arriva &#8220;I BE SO GLAD recycled&#8221; di Ila and her Fellows (progetto musicale che <a class=\"mh-excerpt-more\" href=\"https:\/\/www.piuomenopop.it\/index.php\/2017\/12\/02\/giornata-mondiale-contro-la-schiavitu-esce-i-be-so-glad-recycled-di-ila-and-her-fellows\/\" title=\"Giornata mondiale contro la schiavit\u00f9: esce &#8220;I BE SO GLAD recycled&#8221; di Ila and her Fellows\">[&#8230;]<\/a><\/p>\n<\/div>","protected":false},"author":1,"featured_media":26964,"comment_status":"closed","ping_status":"closed","sticky":false,"template":"","format":"standard","meta":{"sfsi_plus_gutenberg_text_before_share":"","sfsi_plus_gutenberg_show_text_before_share":"","sfsi_plus_gutenberg_icon_type":"","sfsi_plus_gutenberg_icon_alignemt":"","sfsi_plus_gutenburg_max_per_row":"","footnotes":"","_links_to":"","_links_to_target":""},"categories":[3,8],"tags":[4568,4569,4566,4572,4420,4571,4567,4422,4570],"class_list":["post-26963","post","type-post","status-publish","format-standard","has-post-thumbnail","hentry","category-news","category-uscite","tag-abraxxxas","tag-giovanni-versari","tag-ila-and-her-fellows","tag-ila-scattina","tag-roberto-dragonetti","tag-stefano-galli","tag-taiyo-hyst-yamanouchi","tag-tommaso-colliva","tag-uncle-singer"],"aioseo_notices":[],"_links":{"self":[{"href":"https:\/\/www.piuomenopop.it\/index.php\/wp-json\/wp\/v2\/posts\/26963","targetHints":{"allow":["GET"]}}],"collection":[{"href":"https:\/\/www.piuomenopop.it\/index.php\/wp-json\/wp\/v2\/posts"}],"about":[{"href":"https:\/\/www.piuomenopop.it\/index.php\/wp-json\/wp\/v2\/types\/post"}],"author":[{"embeddable":true,"href":"https:\/\/www.piuomenopop.it\/index.php\/wp-json\/wp\/v2\/users\/1"}],"replies":[{"embeddable":true,"href":"https:\/\/www.piuomenopop.it\/index.php\/wp-json\/wp\/v2\/comments?post=26963"}],"version-history":[{"count":5,"href":"https:\/\/www.piuomenopop.it\/index.php\/wp-json\/wp\/v2\/posts\/26963\/revisions"}],"predecessor-version":[{"id":27210,"href":"https:\/\/www.piuomenopop.it\/index.php\/wp-json\/wp\/v2\/posts\/26963\/revisions\/27210"}],"wp:featuredmedia":[{"embeddable":true,"href":"https:\/\/www.piuomenopop.it\/index.php\/wp-json\/wp\/v2\/media\/26964"}],"wp:attachment":[{"href":"https:\/\/www.piuomenopop.it\/index.php\/wp-json\/wp\/v2\/media?parent=26963"}],"wp:term":[{"taxonomy":"category","embeddable":true,"href":"https:\/\/www.piuomenopop.it\/index.php\/wp-json\/wp\/v2\/categories?post=26963"},{"taxonomy":"post_tag","embeddable":true,"href":"https:\/\/www.piuomenopop.it\/index.php\/wp-json\/wp\/v2\/tags?post=26963"}],"curies":[{"name":"wp","href":"https:\/\/api.w.org\/{rel}","templated":true}]}}