{"id":27090,"date":"2017-11-28T19:11:24","date_gmt":"2017-11-28T18:11:24","guid":{"rendered":"http:\/\/www.piuomenopop.it\/?p=27090"},"modified":"2018-01-12T19:30:47","modified_gmt":"2018-01-12T18:30:47","slug":"dente-e-catalano-dal-20-gennaio-2018-contemporaneamente-insieme","status":"publish","type":"post","link":"https:\/\/www.piuomenopop.it\/index.php\/2017\/11\/28\/dente-e-catalano-dal-20-gennaio-2018-contemporaneamente-insieme\/","title":{"rendered":"DENTE E CATALANO : dal 20 gennaio 2018 &#8220;Contemporaneamente Insieme&#8221;"},"content":{"rendered":"<p><img loading=\"lazy\" decoding=\"async\" class=\"aligncenter wp-image-27091 size-full\" src=\"http:\/\/www.piuomenopop.it\/wp-content\/uploads\/2017\/11\/dente-catalano-tour_2018_.jpg\" alt=\"\" width=\"600\" height=\"314\" srcset=\"https:\/\/www.piuomenopop.it\/wp-content\/uploads\/2017\/11\/dente-catalano-tour_2018_.jpg 600w, https:\/\/www.piuomenopop.it\/wp-content\/uploads\/2017\/11\/dente-catalano-tour_2018_-300x157.jpg 300w\" sizes=\"auto, (max-width: 600px) 100vw, 600px\" \/><\/p>\n<p style=\"text-align: justify;\">Il <strong>20 gennaio 2018<\/strong> avr\u00e0 inizio il primo tour nazionale di <strong><a href=\"https:\/\/www.facebook.com\/denteofficial\/?fref=ts\" target=\"_blank\" rel=\"noopener\">Dente<\/a> <\/strong> e <a href=\"https:\/\/www.facebook.com\/guidocatalanofanpage\/?fref=ts\" target=\"_blank\" rel=\"noopener\"><strong>Guido Catalano<\/strong><\/a>, dal titolo <strong>\u201cContemporaneamente insieme\u201d<\/strong>.<\/p>\n<p style=\"text-align: justify;\">Rime semiacustiche, metafore in quattro quarti danzano, dando vita a uno spettacolo inedito ed estremamente originale con la <strong>regia di Lodo Guenzi de<\/strong><a href=\"https:\/\/www.facebook.com\/statosociale\/?fref=ts\" target=\"_blank\" rel=\"noopener\"><strong> Lo Stato Sociale<\/strong><\/a>.<\/p>\n<p style=\"text-align: justify;\">Non un reading, non un concerto, non una commedia dialettale e nemmeno uno spettacolo circense, non un balletto, un workshop, uno spogliarello burlesco e neppure una dimostrazione di prodotti di bellezza o aspirapolveri: il cantautore emiliano e il poeta torinese incrociano chitarra e penna, per parlare d\u2019amore a modo loro.<\/p>\n<p style=\"text-align: justify;\"><a href=\"https:\/\/www.facebook.com\/guidocatalanofanpage\/?fref=ts\" target=\"_blank\" rel=\"noopener\"><strong>Guido Catalano<\/strong><\/a> \u00e8 un talento letterario, scrive per Il Corriere della Sera Torino e collabora con Smemoranda. La sua scrittura \u00e8 ci\u00f2 che pi\u00f9 si avvicina al mondo della musica.<\/p>\n<p style=\"text-align: justify;\"><strong><a href=\"https:\/\/www.facebook.com\/denteofficial\/?fref=ts\" target=\"_blank\" rel=\"noopener\">Dente<\/a> <\/strong>\u00e8 un nome di punta della musica italiana, un cantautore dal linguaggio raffinato, dotato di grande originalit\u00e0 e di un indiscutibile talento. La sua musica \u00e8 ci\u00f2 che pi\u00f9 si avvicina al mondo della poesia.<\/p>\n<p style=\"text-align: center;\"><strong>Calendario degli spettacoli &#8211; in continuo aggiornamento &#8211;<\/strong><\/p>\n<p style=\"text-align: center;\"><strong>20\/01 Saluzzo (CN) &#8211; Teatro Magda Olivero<\/strong><br \/>\n<strong>25\/01 \u2013 Catanzaro Lido (CZ) \u2013 Officine Sonore Lido<\/strong><br \/>\n<strong>26\/01 Palermo &#8211; Candelai<\/strong><br \/>\n<strong>27\/01 Catania &#8211; MA<\/strong><br \/>\n<strong>28\/01 Comiso (RG) &#8211; Teatro Naselli<\/strong><br \/>\n<strong>02\/02 Savignano sul Rubicone (FC) &#8211; Teatro Moderno<\/strong><br \/>\n<strong>03\/02 Abano Terme (PD) &#8211; Laboratorio Culturale I\u2019M<\/strong><br \/>\n<strong>10\/02 Genova &#8211; La Claque<\/strong><br \/>\n<strong>15\/02 Perugia &#8211; Auditorium\u00a0Capitini\u00a0 \u00a0 \u00a0 \u00a0\u00a0<\/strong><br \/>\n<strong>22\/02 Bologna &#8211; Teatro Duse<\/strong><br \/>\n<strong>23\/02 Siena &#8211; Teatro dei Rinnovati<\/strong><br \/>\n<strong>02\/03 Torinio &#8211; Hiroshima Mon Amour\u00a0<\/strong><br \/>\n<strong>03\/03 Milano &#8211; Base\u00a0<b>SOLD OUT<\/b><br \/>\n<\/strong><b>04\/03 Milano &#8211; Base NUOVA DATA<br \/>\n<\/b><b>14\/03 Trento &#8211; Teatro\u00a0Sanb\u00e0Polis\u00a0<\/b><br \/>\n<strong>16\/03 Ascoli Piceno &#8211; Teatro dei Filarmonici<br \/>\n<\/strong><strong>17\/03 Firenze &#8211; Teatro Puccini<br \/>\n<\/strong><strong>18\/03 S. Maria a Vico (CE) &#8211; Smav<br \/>\n<\/strong><strong>20\/03 Roma &#8211; Auditorium Parco della Musica (Sala Sinopoli)<\/strong><\/p>\n<p><b><br \/>\n<\/b><\/p>\n","protected":false},"excerpt":{"rendered":"<div class=\"mh-excerpt\"><p>Il 20 gennaio 2018 avr\u00e0 inizio il primo tour nazionale di Dente e Guido Catalano, dal titolo \u201cContemporaneamente insieme\u201d. Rime semiacustiche, metafore in quattro quarti <a class=\"mh-excerpt-more\" href=\"https:\/\/www.piuomenopop.it\/index.php\/2017\/11\/28\/dente-e-catalano-dal-20-gennaio-2018-contemporaneamente-insieme\/\" title=\"DENTE E CATALANO : dal 20 gennaio 2018 &#8220;Contemporaneamente Insieme&#8221;\">[&#8230;]<\/a><\/p>\n<\/div>","protected":false},"author":1,"featured_media":27091,"comment_status":"closed","ping_status":"closed","sticky":false,"template":"","format":"standard","meta":{"sfsi_plus_gutenberg_text_before_share":"","sfsi_plus_gutenberg_show_text_before_share":"","sfsi_plus_gutenberg_icon_type":"","sfsi_plus_gutenberg_icon_alignemt":"","sfsi_plus_gutenburg_max_per_row":"","footnotes":"","_links_to":"","_links_to_target":""},"categories":[3,985],"tags":[375,35,1214,4619,3591],"class_list":["post-27090","post","type-post","status-publish","format-standard","has-post-thumbnail","hentry","category-news","category-tour","tag-antenna-music-factory","tag-big-time","tag-dente","tag-guido-catalano","tag-via-audio"],"aioseo_notices":[],"_links":{"self":[{"href":"https:\/\/www.piuomenopop.it\/index.php\/wp-json\/wp\/v2\/posts\/27090","targetHints":{"allow":["GET"]}}],"collection":[{"href":"https:\/\/www.piuomenopop.it\/index.php\/wp-json\/wp\/v2\/posts"}],"about":[{"href":"https:\/\/www.piuomenopop.it\/index.php\/wp-json\/wp\/v2\/types\/post"}],"author":[{"embeddable":true,"href":"https:\/\/www.piuomenopop.it\/index.php\/wp-json\/wp\/v2\/users\/1"}],"replies":[{"embeddable":true,"href":"https:\/\/www.piuomenopop.it\/index.php\/wp-json\/wp\/v2\/comments?post=27090"}],"version-history":[{"count":4,"href":"https:\/\/www.piuomenopop.it\/index.php\/wp-json\/wp\/v2\/posts\/27090\/revisions"}],"predecessor-version":[{"id":29010,"href":"https:\/\/www.piuomenopop.it\/index.php\/wp-json\/wp\/v2\/posts\/27090\/revisions\/29010"}],"wp:featuredmedia":[{"embeddable":true,"href":"https:\/\/www.piuomenopop.it\/index.php\/wp-json\/wp\/v2\/media\/27091"}],"wp:attachment":[{"href":"https:\/\/www.piuomenopop.it\/index.php\/wp-json\/wp\/v2\/media?parent=27090"}],"wp:term":[{"taxonomy":"category","embeddable":true,"href":"https:\/\/www.piuomenopop.it\/index.php\/wp-json\/wp\/v2\/categories?post=27090"},{"taxonomy":"post_tag","embeddable":true,"href":"https:\/\/www.piuomenopop.it\/index.php\/wp-json\/wp\/v2\/tags?post=27090"}],"curies":[{"name":"wp","href":"https:\/\/api.w.org\/{rel}","templated":true}]}}