{"id":27859,"date":"2017-12-15T14:19:54","date_gmt":"2017-12-15T13:19:54","guid":{"rendered":"http:\/\/www.piuomenopop.it\/?p=27859"},"modified":"2018-01-01T14:48:33","modified_gmt":"2018-01-01T13:48:33","slug":"tra-tulipani-e-mulini-a-vento-intervista-ai-virtual-time","status":"publish","type":"post","link":"https:\/\/www.piuomenopop.it\/index.php\/2017\/12\/15\/tra-tulipani-e-mulini-a-vento-intervista-ai-virtual-time\/","title":{"rendered":"Tra tulipani e mulini a vento: intervista ai Virtual Time"},"content":{"rendered":"<figure id=\"attachment_27860\" aria-describedby=\"caption-attachment-27860\" style=\"width: 600px\" class=\"wp-caption aligncenter\"><img loading=\"lazy\" decoding=\"async\" class=\"wp-image-27860\" src=\"http:\/\/www.piuomenopop.it\/wp-content\/uploads\/2017\/12\/virtual-time-1.jpg\" alt=\"\" width=\"600\" height=\"401\" srcset=\"https:\/\/www.piuomenopop.it\/wp-content\/uploads\/2017\/12\/virtual-time-1.jpg 1200w, https:\/\/www.piuomenopop.it\/wp-content\/uploads\/2017\/12\/virtual-time-1-300x200.jpg 300w, https:\/\/www.piuomenopop.it\/wp-content\/uploads\/2017\/12\/virtual-time-1-768x513.jpg 768w, https:\/\/www.piuomenopop.it\/wp-content\/uploads\/2017\/12\/virtual-time-1-1024x684.jpg 1024w\" sizes=\"auto, (max-width: 600px) 100vw, 600px\" \/><figcaption id=\"caption-attachment-27860\" class=\"wp-caption-text\">\u00a9 Matteo Leonardi<\/figcaption><\/figure>\n<p>&nbsp;<\/p>\n<p>Il viaggio e il tour dei<strong> <a href=\"https:\/\/www.facebook.com\/virtualtimemusic\/\" target=\"_blank\" rel=\"noopener\">Virtual Time<\/a><\/strong> procede alla grande.<br \/>\nIl nostro<strong><a href=\"http:\/\/www.piuomenopop.it\/?s=matteo+leonardi&amp;submit=Search\" target=\"_blank\" rel=\"noopener\"> Matteo Leonardi<\/a><\/strong>, che sta seguendo la band in questa esperienza incredibile, ha pensato di fare una chiacchierata con la band e di farceli conoscere un po&#8217; meglio.<\/p>\n<p>Non sono mancate risate e divertenti sorprese!<\/p>\n<p>&nbsp;<\/p>\n<figure id=\"attachment_27861\" aria-describedby=\"caption-attachment-27861\" style=\"width: 600px\" class=\"wp-caption aligncenter\"><img loading=\"lazy\" decoding=\"async\" class=\"wp-image-27861\" src=\"http:\/\/www.piuomenopop.it\/wp-content\/uploads\/2017\/12\/virtual-time-1-2.jpg\" alt=\"\" width=\"600\" height=\"400\" srcset=\"https:\/\/www.piuomenopop.it\/wp-content\/uploads\/2017\/12\/virtual-time-1-2.jpg 1200w, https:\/\/www.piuomenopop.it\/wp-content\/uploads\/2017\/12\/virtual-time-1-2-300x200.jpg 300w, https:\/\/www.piuomenopop.it\/wp-content\/uploads\/2017\/12\/virtual-time-1-2-768x512.jpg 768w, https:\/\/www.piuomenopop.it\/wp-content\/uploads\/2017\/12\/virtual-time-1-2-1024x683.jpg 1024w\" sizes=\"auto, (max-width: 600px) 100vw, 600px\" \/><figcaption id=\"caption-attachment-27861\" class=\"wp-caption-text\">\u00a9 Matteo Leonardi<\/figcaption><\/figure>\n<p>&nbsp;<\/p>\n<p><strong>Domanda ZERO.<\/strong><br \/>\n<strong>Qual\u2019\u00e8 la domanda che non vi hanno mai fatto?<\/strong><\/p>\n<p><em><strong>Virtual Time<\/strong> \u2013 Cosa pensate mentre suonate?<\/em><br \/>\n<em><strong>Filippo Lorenzo Macellin<\/strong> \u2013 Ricordarmi quale pedale devo usare in un determinato momento e le dinamiche che comporta tale azione. A volte penso al testo. Nella vita porto gli occhiali, sul palco no: quindi mi chiedo quanta gente effettivamente c\u2019\u00e8 oltre a quella che riesco a vedere. Il mood del brano e in generale quello che devo dire nelle pause tra un brano e l\u2019altro.<\/em><br \/>\n<em><strong>Alessandro Meneghini<\/strong> \u2013 alla\u2026 eee.. f**a !? Penso alle dinamiche che deve avere la canzone che sto suonando. Diciamo che ogni canzone (alcune in particolare) mi trasmettono una determinata immagine, una certa storia, e quindi a volte penso di meno alla struttura e di pi\u00f9 a quello che mi trasmette. Per farvi capire, Filippo, presentandoci una canzone ci spiega che il suono\/tempo che deve avere il pezzo, per me \u00e8 come se fosse una mega cicciona che balla, quindi io ogni volta che la suono immagino questa figura davanti a me e se che la canzone deve avere quella cadenza.<\/em><br \/>\n<em><strong>Marco Pivato<\/strong>\u2013 Mi isolo nel mio mondo, nulla mi tange. A volte penso alla struttura e mi canto il giro di basso. Quando sbaglio una parte, cerco di ripetere l\u2019errore anche per le successive volte cos\u00ec da farlo sembrare giusto (tendenzialmente tutti noi usiamo questa tecnica).<\/em><\/p>\n<p>Siamo qui con i Virtual Time che dopo questa domanda hanno rotto un po&#8217; il ghiaccio (diciamocelo, gi\u00e0 vapore dopo questa settimana di tour!) Loro al momento sono in tre: <strong>Filippo Mocellin<\/strong> (voce &amp; chitarra) <strong>Alessandro Meneghin<\/strong>i (Batteria &amp; cori) <strong>Marco Pivato<\/strong> (bassista), ed il 4\u00b0 membro che al momento a causa di un problema di salute lavora e supporta i <strong>VT<\/strong> da dietro le quinte (<strong>A.K.A. Gazzi<\/strong>).<\/p>\n<p>&nbsp;<\/p>\n<p><strong>Cercateli su Facebook! Ora qualche domanda per capire meglio la macchina Virtual Time e come mai sono finiti proprio in Olanda.<\/strong><\/p>\n<p>&nbsp;<\/p>\n<p>&nbsp;<\/p>\n<figure id=\"attachment_27862\" aria-describedby=\"caption-attachment-27862\" style=\"width: 600px\" class=\"wp-caption aligncenter\"><img loading=\"lazy\" decoding=\"async\" class=\"wp-image-27862\" src=\"http:\/\/www.piuomenopop.it\/wp-content\/uploads\/2017\/12\/virtual-time-13-va-inserita-dopo-la-risposta-nr.9.jpg\" alt=\"\" width=\"600\" height=\"400\" srcset=\"https:\/\/www.piuomenopop.it\/wp-content\/uploads\/2017\/12\/virtual-time-13-va-inserita-dopo-la-risposta-nr.9.jpg 1200w, https:\/\/www.piuomenopop.it\/wp-content\/uploads\/2017\/12\/virtual-time-13-va-inserita-dopo-la-risposta-nr.9-300x200.jpg 300w, https:\/\/www.piuomenopop.it\/wp-content\/uploads\/2017\/12\/virtual-time-13-va-inserita-dopo-la-risposta-nr.9-768x512.jpg 768w, https:\/\/www.piuomenopop.it\/wp-content\/uploads\/2017\/12\/virtual-time-13-va-inserita-dopo-la-risposta-nr.9-1024x683.jpg 1024w\" sizes=\"auto, (max-width: 600px) 100vw, 600px\" \/><figcaption id=\"caption-attachment-27862\" class=\"wp-caption-text\">\u00a9 Matteo Leonardi<\/figcaption><\/figure>\n<p>&nbsp;<\/p>\n<p><em>\u00a0<\/em><\/p>\n<p><strong>Da cosa nasce la scelta del nome Virtual Time?<\/strong><\/p>\n<p><em><strong>Virtual Time<\/strong> &#8211; Principalmente \u00e8 un\u2019idea del chitarrista (Gazzi) che ci ha presentato una serie di nomi e democraticamente quello che ci ha convinti di pi\u00f9 \u00e8 appunto VIRTUAL TIME. Il significato del nome pu\u00f2 essere il viaggio spazio-temporale, collegato al fatto che la nostra musica si rif\u00e0 molto agli anni \u201870.<\/em><\/p>\n<p>&nbsp;<\/p>\n<p><strong>Come nascono le vostre canzoni?<\/strong><br \/>\n<em>Per quanto riguarda il primo CD le canzoni sono nate spesso da molte JAM. In generale tutti i brani escono fuori dall\u2019insieme delle idee di tutti i membri.<\/em><\/p>\n<p>&nbsp;<\/p>\n<p><strong>Qual \u00e8 la critica che pi\u00f9 avete apprezzato e quale di meno?<\/strong><br \/>\n<em><strong>AM<\/strong> \u2013 \u201cM\u2019ispiri sesso quando suoni\u201d<\/em><br \/>\n<em><strong> FLM<\/strong> \u2013 Pi\u00f9 che un commento o critica, apprezzo veramente la risposta che da il pubblico ai nostri live.<\/em><br \/>\n<em><strong> MP<\/strong> \u2013 Quando capita che a fine concerto inizi a parlare con qualcuno del pubblico che ti dice: &#8220;sai che mi ricordi un po&#8217; quel gruppo o quel determinato artista&#8221;, nomi mai sentiti magari. Poi te li vai ad ascoltare e dici \u201ccazzo che figata\u201d. E l\u00ec ti accorgi che chi ascolta veramente \u00e8 attento a quello che fai. In quel momento ci si sente soddisfatti.<\/em><\/p>\n<p>&nbsp;<\/p>\n<p><strong>Quali sono i gruppi\/generi\/persone nei quali ritrovate maggiore ispirazione?<\/strong><br \/>\n<em><strong>FLM<\/strong> &#8211; come generi diciamo sicuramente il Rock, ultimamento sto cercando di ascoltare anche molto HIP-HOP. Poi cito sicuramente i Kings of Leon\/ Chet Faker \/ Foals \/ David Crosby e gli Alabama Shakes.<\/em><br \/>\n<em> <strong>MP<\/strong> \u2013 Pop Punk \/ bassista Green Day \/ per le melodie del basso: Paul Mc Cartney \/ John Deacon e il Prog.<\/em><br \/>\n<em> <strong>AM<\/strong> \u2013 \u201cF**A !?\u201d \/ Sigur Ross \/ batterie dell\u2019 Hip-Hop Italiano \/ John Bonham \u2013 Led Zeppelin<\/em><\/p>\n<p>&nbsp;<\/p>\n<p><em><strong>Come mai la scelta del tour in Olanda?<\/strong><\/em><br \/>\n<em><strong>VT<\/strong> &#8211; In un primo momento c&#8217;era stata proposta la Russia, ma forse non eravamo ancora pronti! Poi \u00e8 arrivata l\u2019Olanda, che non avevamo nemmeno preso in considerazione. Per\u00f2 l\u2019idea di fare un Tour al Nord era da un p\u00f2 che ci balenava per la testa, e, vista la particolarit\u00e0 di questo posto, abbiamo subito accettat<\/em>o.<\/p>\n<p>&nbsp;<\/p>\n<p><strong>Ci spiegate qual \u00e8 la differenza tra suonare in Olanda e in Italia?<\/strong><br \/>\n<strong>VT &#8211;<\/strong> Allora intanto diciamo subito che l\u00e0 non sempre si fanno le 2\/3 ore di concerto filate, ma 2 set da 45 min. Poi gli olandesi sono culturamente pi\u00f9 predisposti ad accogliere la musica ed in generale puntano molto di pi\u00f9 al live che all\u2019acquisto del disco. Gentilezza e sorrisi non mancano mai, quindi ti senti veramente accolto e apprezzato!<\/p>\n<p>&nbsp;<\/p>\n<p><strong>Quali sono i paesi in cui siete passati? Quale vi \u00e8 piaciuto di pi\u00f9 e quale di meno?<\/strong><br \/>\n<strong>VT<\/strong> &#8211; Siamo passati per Amsterdam \u2013 Schiedam \u2013 Rotterdam \u2013 Gorinchem \u2013 Bergen \u2013 Vaals. All\u2019unisono vi possiamo dire che a tutti e tre ci \u00e8 piaciuto davvero tanto Bergen che possiamo definire come il posto dove andare a vivere, immerso nella natura e veramente ben curato in cui ci si sente coccolati&#8230;E poi ha l\u2019Oceano. Indubbiamente il miglior live del Tour.<br \/>\n<strong>MP &amp; FLM<\/strong> &#8211; La nota negativa per Amsterdam \u00e8 che ci \u00e8 sembrata poco curata e troppo turistica, ti senti coccolato ma solo sotto a certi aspetti, tendenzialmente forse avevamo aspettative troppo alte.<br \/>\n<strong>AM<\/strong> &#8211; A me invece VAALS \u00e8 il paese che mi \u00e8 piaciuto un p\u00f2 meno, forse per la tristezza in s\u00e9 della giornata, perch\u00e8, quando eravamo l\u00ec, stava terminando questa nostra piccola avventura.<\/p>\n<p>&nbsp;<\/p>\n<p><strong>Cosa potete consigliare ad una band emergente che voglia intraprendere il cammino dei live o meglio ancora del tour?<\/strong><br \/>\n<strong>AM<\/strong> &#8211; Darsi da fare sempre e comunque , sapersi adattare e dividersi bene i ruoli all\u2019interno del gruppo.<br \/>\n<strong>MP<\/strong> \u2013 Cercare di crearsi un\u2019immagine, differenziarsi rimanendo se stessi.<br \/>\n<strong>FLM<\/strong> \u2013 tante persone musicalmente la fanno facile, danno troppe cose per scontate, bisogna rompersi il culo. Bisogna crearsi una situazione attorno al gruppo ed \u00e8 anche veramente importante avere supporto extra ai componenti; come l\u2019importanza di un fotografo\/videomaker o di una booking o ufficio stampa. Poi bisogna essere umili ed onesti. Ringraziate sempre!<\/p>\n<p>&nbsp;<\/p>\n<p><strong>Raccontateci l&#8217;aneddoto pi\u00f9 divertente che \u00e8 successo ai Virtual Time!<br \/>\nVT<\/strong> &#8211; L\u2019Olanda di per s\u00e9 \u00e8 un\u2019aneddoto, Marco \u00e8 da poco entrare a far parte dei Virtual Time, gruppo gi\u00e0 avviato e questo tour ci \u00e8 servito anche per consolidare la nuova formazione. Il personaggio che abbiamo identificato con il nome \u201c<em>Giacomo<\/em>\u201d (lo troverete in qualche foto e video assieme a noi). Prima serata ad Amsterdam: si dorme in barca nel canale vicino alla stazione centrale, si chiama \u201c<em>The Cabin<\/em>\u201d ed Alessandro (batterista) cercando di chiudere l\u2019obl\u00f2 sul soffitto con un gesto forse troppo atletico si apre i pantaloni in 2.<\/p>\n<p>&nbsp;<\/p>\n<p><strong>Qual \u00e8 il gruppo\/live\/canzone 2017 che volete consigliare ai lettori?<\/strong><\/p>\n<p><em><strong>FLM<\/strong> \u2013 live = kings of Leon<\/em><br \/>\n<em> Canzone = La verit\u00e0 \u2013 Brunori SAS<\/em><br \/>\n<em><strong> CD<\/strong> &#8211; l\u2019ultimo di di Childish Gambino (Funky)<\/em><br \/>\n<em><strong> MP<\/strong> \u2013 Prisoner 709 \u2013 Caparezza<\/em><br \/>\n<em>\u00a0 Live = Biffy Clyro<\/em><br \/>\n<em><strong> AM<\/strong> \u2013 Sigur Ross Live<\/em><\/p>\n<p>&nbsp;<\/p>\n<p>&nbsp;<\/p>\n<figure id=\"attachment_27863\" aria-describedby=\"caption-attachment-27863\" style=\"width: 600px\" class=\"wp-caption aligncenter\"><img loading=\"lazy\" decoding=\"async\" class=\"wp-image-27863\" src=\"http:\/\/www.piuomenopop.it\/wp-content\/uploads\/2017\/12\/virtual-time-16-dopo-la-domanda-nr.-7.jpg\" alt=\"\" width=\"600\" height=\"401\" srcset=\"https:\/\/www.piuomenopop.it\/wp-content\/uploads\/2017\/12\/virtual-time-16-dopo-la-domanda-nr.-7.jpg 1200w, https:\/\/www.piuomenopop.it\/wp-content\/uploads\/2017\/12\/virtual-time-16-dopo-la-domanda-nr.-7-300x200.jpg 300w, https:\/\/www.piuomenopop.it\/wp-content\/uploads\/2017\/12\/virtual-time-16-dopo-la-domanda-nr.-7-768x513.jpg 768w, https:\/\/www.piuomenopop.it\/wp-content\/uploads\/2017\/12\/virtual-time-16-dopo-la-domanda-nr.-7-1024x684.jpg 1024w\" sizes=\"auto, (max-width: 600px) 100vw, 600px\" \/><figcaption id=\"caption-attachment-27863\" class=\"wp-caption-text\">\u00a9 Matteo Leonardi<\/figcaption><\/figure>\n<p>&nbsp;<\/p>\n<p>&nbsp;<\/p>\n<p>&nbsp;<\/p>\n","protected":false},"excerpt":{"rendered":"<div class=\"mh-excerpt\"><p>&nbsp; Il viaggio e il tour dei Virtual Time procede alla grande. Il nostro Matteo Leonardi, che sta seguendo la band in questa esperienza incredibile, <a class=\"mh-excerpt-more\" href=\"https:\/\/www.piuomenopop.it\/index.php\/2017\/12\/15\/tra-tulipani-e-mulini-a-vento-intervista-ai-virtual-time\/\" title=\"Tra tulipani e mulini a vento: intervista ai Virtual Time\">[&#8230;]<\/a><\/p>\n<\/div>","protected":false},"author":1,"featured_media":27863,"comment_status":"closed","ping_status":"closed","sticky":false,"template":"","format":"standard","meta":{"sfsi_plus_gutenberg_text_before_share":"","sfsi_plus_gutenberg_show_text_before_share":"","sfsi_plus_gutenberg_icon_type":"","sfsi_plus_gutenberg_icon_alignemt":"","sfsi_plus_gutenburg_max_per_row":"","footnotes":"","_links_to":"","_links_to_target":""},"categories":[4],"tags":[4732,4731,4733,4729,799,4113],"class_list":["post-27859","post","type-post","status-publish","format-standard","has-post-thumbnail","hentry","category-interviste","tag-alessandro-meneghini","tag-filippo-lorenzo-macellin","tag-gazzi","tag-marco-pivato","tag-matteo-leonardi","tag-virtual-time"],"aioseo_notices":[],"_links":{"self":[{"href":"https:\/\/www.piuomenopop.it\/index.php\/wp-json\/wp\/v2\/posts\/27859","targetHints":{"allow":["GET"]}}],"collection":[{"href":"https:\/\/www.piuomenopop.it\/index.php\/wp-json\/wp\/v2\/posts"}],"about":[{"href":"https:\/\/www.piuomenopop.it\/index.php\/wp-json\/wp\/v2\/types\/post"}],"author":[{"embeddable":true,"href":"https:\/\/www.piuomenopop.it\/index.php\/wp-json\/wp\/v2\/users\/1"}],"replies":[{"embeddable":true,"href":"https:\/\/www.piuomenopop.it\/index.php\/wp-json\/wp\/v2\/comments?post=27859"}],"version-history":[{"count":5,"href":"https:\/\/www.piuomenopop.it\/index.php\/wp-json\/wp\/v2\/posts\/27859\/revisions"}],"predecessor-version":[{"id":27891,"href":"https:\/\/www.piuomenopop.it\/index.php\/wp-json\/wp\/v2\/posts\/27859\/revisions\/27891"}],"wp:featuredmedia":[{"embeddable":true,"href":"https:\/\/www.piuomenopop.it\/index.php\/wp-json\/wp\/v2\/media\/27863"}],"wp:attachment":[{"href":"https:\/\/www.piuomenopop.it\/index.php\/wp-json\/wp\/v2\/media?parent=27859"}],"wp:term":[{"taxonomy":"category","embeddable":true,"href":"https:\/\/www.piuomenopop.it\/index.php\/wp-json\/wp\/v2\/categories?post=27859"},{"taxonomy":"post_tag","embeddable":true,"href":"https:\/\/www.piuomenopop.it\/index.php\/wp-json\/wp\/v2\/tags?post=27859"}],"curies":[{"name":"wp","href":"https:\/\/api.w.org\/{rel}","templated":true}]}}