{"id":28044,"date":"2017-12-17T10:46:37","date_gmt":"2017-12-17T09:46:37","guid":{"rendered":"http:\/\/www.piuomenopop.it\/?p=28044"},"modified":"2018-01-01T14:47:25","modified_gmt":"2018-01-01T13:47:25","slug":"a-cosenza-il-capodanno-2018-e-con-gli-skunk-anansie","status":"publish","type":"post","link":"https:\/\/www.piuomenopop.it\/index.php\/2017\/12\/17\/a-cosenza-il-capodanno-2018-e-con-gli-skunk-anansie\/","title":{"rendered":"A Cosenza il Capodanno 2018 \u00e8 con gli Skunk Anansie"},"content":{"rendered":"<p><img loading=\"lazy\" decoding=\"async\" class=\"aligncenter wp-image-28045 size-full\" src=\"http:\/\/www.piuomenopop.it\/wp-content\/uploads\/2017\/12\/capodanno-cosenza_skunk-anansie.jpg\" alt=\"\" width=\"600\" height=\"364\" srcset=\"https:\/\/www.piuomenopop.it\/wp-content\/uploads\/2017\/12\/capodanno-cosenza_skunk-anansie.jpg 600w, https:\/\/www.piuomenopop.it\/wp-content\/uploads\/2017\/12\/capodanno-cosenza_skunk-anansie-300x182.jpg 300w\" sizes=\"auto, (max-width: 600px) 100vw, 600px\" \/><\/p>\n<p>&nbsp;<\/p>\n<p>Saranno gli <a href=\"https:\/\/www.facebook.com\/OfficialSkunkAnansie\/?fref=ts\" target=\"_blank\" rel=\"noopener\"><strong>Skunk Anansie<\/strong><\/a> ad animare il capodanno cosentino. L\u2019annuncio \u00e8 stato fatto dallo stesso sindaco della citt\u00e0 bruzia, <strong>Mario Occhiuto<\/strong>.<\/p>\n<p style=\"text-align: justify;\">La band e la leader del gruppo <a href=\"https:\/\/www.facebook.com\/SkinOfficial\/?fref=ts\" target=\"_blank\" rel=\"noopener\"><strong>Skin<\/strong><\/a>, si esibiranno a Cosenza e saluteranno l\u2019arrivo del 2018. Questo sar\u00e0 il secondo capodanno dal profumo internazionale: l\u2019anno scorso era stato il cantante spagnolo <a href=\"https:\/\/www.facebook.com\/alvarosolermusic\/?fref=ts\" target=\"_blank\" rel=\"noopener\">Alvaro Soler<\/a> ad esibirsi in piazza Bilotti.<\/p>\n<p>La rock band capitanata da <a href=\"https:\/\/www.facebook.com\/SkinOfficial\/?fref=ts\" target=\"_blank\" rel=\"noopener\"><strong>Skin<\/strong><\/a> si presenter\u00e0 in formazione storica e offrir\u00e0 un concerto condito da tutti i pi\u00f9 grandi successi della band. Un gruppo di fama internazionale, con l\u2019istrionica <a href=\"https:\/\/www.facebook.com\/SkinOfficial\/?fref=ts\" target=\"_blank\" rel=\"noopener\"><strong>Skin<\/strong><\/a> al comando \u00e8 uno di quegli eventi ai quali non si pu\u00f2 rinunciare, soprattutto in occasione di una serata all\u2019insegna del divertimento come quella di Capodanno.<\/p>\n<blockquote>\n<p style=\"text-align: justify;\">\n<em>\u201cAvevamo delle trattative e questa sembrava anche la pi\u00f9 difficile, ma siamo riusciti a chiuderla e quest\u2019anno avremo questa grande band a Cosenza che ci dar\u00e0 visibilit\u00e0 nazionale ed internazionale\u201d. <\/em>Ha dichiarato il sindaco<strong> Mario Occhiuto<\/strong><em>.<\/em><\/p>\n<\/blockquote>\n<p>&nbsp;<\/p>\n<p><iframe loading=\"lazy\" title=\"Skunk Anansie - Hedonism\" width=\"500\" height=\"281\" src=\"https:\/\/www.youtube.com\/embed\/LLs-JP5FGAg?feature=oembed\" frameborder=\"0\" allow=\"accelerometer; autoplay; clipboard-write; encrypted-media; gyroscope; picture-in-picture; web-share\" referrerpolicy=\"strict-origin-when-cross-origin\" allowfullscreen><\/iframe><\/p>\n","protected":false},"excerpt":{"rendered":"<div class=\"mh-excerpt\"><p>&nbsp; Saranno gli Skunk Anansie ad animare il capodanno cosentino. L\u2019annuncio \u00e8 stato fatto dallo stesso sindaco della citt\u00e0 bruzia, Mario Occhiuto. La band e <a class=\"mh-excerpt-more\" href=\"https:\/\/www.piuomenopop.it\/index.php\/2017\/12\/17\/a-cosenza-il-capodanno-2018-e-con-gli-skunk-anansie\/\" title=\"A Cosenza il Capodanno 2018 \u00e8 con gli Skunk Anansie\">[&#8230;]<\/a><\/p>\n<\/div>","protected":false},"author":1,"featured_media":28045,"comment_status":"closed","ping_status":"closed","sticky":false,"template":"","format":"standard","meta":{"sfsi_plus_gutenberg_text_before_share":"","sfsi_plus_gutenberg_show_text_before_share":"","sfsi_plus_gutenberg_icon_type":"","sfsi_plus_gutenberg_icon_alignemt":"","sfsi_plus_gutenburg_max_per_row":"","footnotes":"","_links_to":"","_links_to_target":""},"categories":[3],"tags":[2009,43,2787,4764],"class_list":["post-28044","post","type-post","status-publish","format-standard","has-post-thumbnail","hentry","category-news","tag-capodanno","tag-cosenza","tag-skin","tag-skunk-anansie"],"aioseo_notices":[],"_links":{"self":[{"href":"https:\/\/www.piuomenopop.it\/index.php\/wp-json\/wp\/v2\/posts\/28044","targetHints":{"allow":["GET"]}}],"collection":[{"href":"https:\/\/www.piuomenopop.it\/index.php\/wp-json\/wp\/v2\/posts"}],"about":[{"href":"https:\/\/www.piuomenopop.it\/index.php\/wp-json\/wp\/v2\/types\/post"}],"author":[{"embeddable":true,"href":"https:\/\/www.piuomenopop.it\/index.php\/wp-json\/wp\/v2\/users\/1"}],"replies":[{"embeddable":true,"href":"https:\/\/www.piuomenopop.it\/index.php\/wp-json\/wp\/v2\/comments?post=28044"}],"version-history":[{"count":1,"href":"https:\/\/www.piuomenopop.it\/index.php\/wp-json\/wp\/v2\/posts\/28044\/revisions"}],"predecessor-version":[{"id":28046,"href":"https:\/\/www.piuomenopop.it\/index.php\/wp-json\/wp\/v2\/posts\/28044\/revisions\/28046"}],"wp:featuredmedia":[{"embeddable":true,"href":"https:\/\/www.piuomenopop.it\/index.php\/wp-json\/wp\/v2\/media\/28045"}],"wp:attachment":[{"href":"https:\/\/www.piuomenopop.it\/index.php\/wp-json\/wp\/v2\/media?parent=28044"}],"wp:term":[{"taxonomy":"category","embeddable":true,"href":"https:\/\/www.piuomenopop.it\/index.php\/wp-json\/wp\/v2\/categories?post=28044"},{"taxonomy":"post_tag","embeddable":true,"href":"https:\/\/www.piuomenopop.it\/index.php\/wp-json\/wp\/v2\/tags?post=28044"}],"curies":[{"name":"wp","href":"https:\/\/api.w.org\/{rel}","templated":true}]}}