{"id":28645,"date":"2018-03-31T15:48:41","date_gmt":"2018-03-31T13:48:41","guid":{"rendered":"http:\/\/www.piuomenopop.it\/?p=28645"},"modified":"2018-03-31T15:51:08","modified_gmt":"2018-03-31T13:51:08","slug":"piuomenointerviste-un-microfono-per-le-novita-danny-trent","status":"publish","type":"post","link":"https:\/\/www.piuomenopop.it\/index.php\/2018\/03\/31\/piuomenointerviste-un-microfono-per-le-novita-danny-trent\/","title":{"rendered":"#piuomenointerviste: un &#8220;microfono&#8221; per le novit\u00e0 &#8211; DANNY TRENT"},"content":{"rendered":"<p>A cura di <a href=\"https:\/\/www.facebook.com\/simona.luchini\" target=\"_blank\" rel=\"noopener\">Simona Luchini<\/a><\/p>\n<p>Una fotografa curiosa decide di incontrare artisti emergenti e talentuosi cui porre 10 domande per conoscere meglio ogni volta una band diversa: questo \u00e8 <strong>#piuomenointerviste: un &#8220;microfono&#8221; per le novit\u00e0.<\/strong><\/p>\n<p style=\"text-align: justify;\"><strong>&#8220;Two Homes\u201d<\/strong>, \u00e8 il disco d&#8217;esordio acustico del chitarrista barese\u00a0<a href=\"https:\/\/www.facebook.com\/dannytrentguitar\">Danny Trent,\u00a0<\/a>in uscita il 20 Febbraio 2018 ed acquistabile su tutte le piattaforme digitali.<\/p>\n<p style=\"text-align: justify;\">Un lungo ed incredibile viaggio attraverso i due continenti, un viaggio fatto di sensazioni personali, ricordi, emozioni.<\/p>\n<p><img loading=\"lazy\" decoding=\"async\" class=\"wp-image-28646 size-full aligncenter\" src=\"http:\/\/www.piuomenopop.it\/wp-content\/uploads\/2018\/01\/danny-trent_cover.jpg\" alt=\"\" width=\"500\" height=\"500\" srcset=\"https:\/\/www.piuomenopop.it\/wp-content\/uploads\/2018\/01\/danny-trent_cover.jpg 500w, https:\/\/www.piuomenopop.it\/wp-content\/uploads\/2018\/01\/danny-trent_cover-150x150.jpg 150w, https:\/\/www.piuomenopop.it\/wp-content\/uploads\/2018\/01\/danny-trent_cover-300x300.jpg 300w, https:\/\/www.piuomenopop.it\/wp-content\/uploads\/2018\/01\/danny-trent_cover-60x60.jpg 60w\" sizes=\"auto, (max-width: 500px) 100vw, 500px\" \/><\/p>\n<p><b>Quando nasce il tuo percorso nella musica\u00a0 e a cosa si deve la scelta del tuo nome?<\/b><\/p>\n<p style=\"text-align: justify;\">Il mio percorso musicale nasce gi\u00e0 dall&#8217;et\u00e0 di 12 anni, nel quale scopro il mondo della chitarra acustica e tutte le sue sfaccettature. Il mio nome \u00e8 nato quasi per caso, come una sorta di diminutivo che guarda caso si sposa benissimo con l&#8217;accostamento al nuovo continente. In pi\u00f9 ho parenti in Canada quindi, quanto mai azzeccato.<\/p>\n<p><b>Una parola che caratterizzi ognuna delle tracce del tuo album<\/b><\/p>\n<p style=\"text-align: justify;\">Stanze. Il titolo &#8220;Two homes &#8221; dell&#8217;album caratterizza le due &#8220;case&#8221; (Italia e Canada), e le tracce ne sono le stanze.<\/p>\n<p><b>La tua canzone che ami di pi\u00f9.<\/b><\/p>\n<p>La mia canzone che amo di pi\u00f9 \u00e8 &#8220;waterfalls&#8221;<\/p>\n<p><b>Come definisci la tua musica e quali sono gli artisti che ti ispirano di pi\u00f9?<\/b><\/p>\n<p style=\"text-align: justify;\">Definisco la mia musica come una sorta di &#8220;Caro diario&#8221;, pieno di esperienze, pensieri, desideri, sentimenti. Gli artisti che mi ispirano di pi\u00f9 sono prevalentemente cantautori come James Taylor, Joni Mitchell, Norah Jones e tutta la scuola made in Usa. Ovviamente per quanto riguarda la chitarra acustica, Tommy Emmanuel, Chet Atkins, Jerry Reed, Merle Travis, Mark Knopfler solo per citarne alcuni, ma lista \u00e8 lunga.<\/p>\n<p><b>Cosa pensi del panorama musicale attuale?<\/b><\/p>\n<p style=\"text-align: justify;\">Penso che si stia perdendo di vista il vero messaggio della musica. Ormai tutto \u00e8 gestito da talent ed affini. La musica intesa come arte almeno in Italia non fa audience. Purtroppo, triste da dire.<\/p>\n<p><b>Se potessi viaggiare nel tempo dove vorresti andare?<\/b><\/p>\n<p style=\"text-align: justify;\">Se potessi viaggiare nel tempo, mi piacerebbe andare a cavallo tra gli anni &#8217;40 e &#8217;50 negli USA, tra blues e rock n roll e poter vivere le varie decadi a venire.<\/p>\n<p style=\"text-align: justify;\"><b>Se potessi scegliere di collaborare con un particolare artista internazionale, chi sarebbe e perch\u00e9?<\/b><\/p>\n<p style=\"text-align: justify;\">Tommy Emmanuel. Collaborare con lui sarebbe il mio sogno. \u00c8 grazie a lui che ho capito che si pu\u00f2 fare uno show solo imbracciando una chitarra. Ha portato il classico fingerpicking ad un livello difficilmente superabile.<\/p>\n<p style=\"text-align: justify;\"><b>Una domanda che faccio sempre agli artisti in promozione: perch\u00e9 una persona dovrebbe ascoltare il tuo disco?<\/b><\/p>\n<p style=\"text-align: justify;\">Per viaggiare con me. Il mio scopo \u00e8 accompagnare\u00a0 l&#8217;ascoltatore nei luoghi che ho visitato durante la mia permanenza in Canada.\u00a0 Vivere con me le esperienze e le sensazioni. L&#8217;album \u00e8 strumentale. Tutto \u00e8 soggettivo. Sar\u00e0 comunque la musica a guidare l&#8217;ascoltatore.<\/p>\n<p><b>Quali sono gli obiettivi che ti sei prefissato per il futuro?<\/b><\/p>\n<p style=\"text-align: justify;\">Suonare il pi\u00f9 possibile a pi\u00f9 gente possibile. Portare gioia nel suonare una semplice chitarra. Trasmettere l&#8217;amore e la passione che ho per questo fantastico strumento.<\/p>\n<p><b>Cosa hai in mente per il futuro? Tour, concerti.. dacci tutte le info per poterti seguire!<\/b><\/p>\n<p style=\"text-align: justify;\">Sicuramente ci sar\u00e0 un tour promozionale del disco in questo 2018 sia in italia che all&#8217;estero . Per qualsiasi info: <a href=\"http:\/\/www.dannytrent.com\/\" target=\"_blank\" rel=\"noopener\">www.dannytrent.com<\/a> \/\u00a0<a href=\"http:\/\/www.facebook.com\/dannytrentguitar\" target=\"_blank\" rel=\"noopener\">www.facebook.com\/dannytrentguitar<\/a><\/p>\n","protected":false},"excerpt":{"rendered":"<div class=\"mh-excerpt\"><p>A cura di Simona Luchini Una fotografa curiosa decide di incontrare artisti emergenti e talentuosi cui porre 10 domande per conoscere meglio ogni volta una <a class=\"mh-excerpt-more\" href=\"https:\/\/www.piuomenopop.it\/index.php\/2018\/03\/31\/piuomenointerviste-un-microfono-per-le-novita-danny-trent\/\" title=\"#piuomenointerviste: un &#8220;microfono&#8221; per le novit\u00e0 &#8211; DANNY TRENT\">[&#8230;]<\/a><\/p>\n<\/div>","protected":false},"author":1,"featured_media":28646,"comment_status":"closed","ping_status":"closed","sticky":false,"template":"","format":"standard","meta":{"sfsi_plus_gutenberg_text_before_share":"","sfsi_plus_gutenberg_show_text_before_share":"","sfsi_plus_gutenberg_icon_type":"","sfsi_plus_gutenberg_icon_alignemt":"","sfsi_plus_gutenburg_max_per_row":"","footnotes":"","_links_to":"","_links_to_target":""},"categories":[4993],"tags":[5000,4992,13,5001],"class_list":["post-28645","post","type-post","status-publish","format-standard","has-post-thumbnail","hentry","category-piuomenointerviste","tag-danny-trent","tag-piuomenointerviste","tag-simona-luchini","tag-two-homes"],"aioseo_notices":[],"_links":{"self":[{"href":"https:\/\/www.piuomenopop.it\/index.php\/wp-json\/wp\/v2\/posts\/28645","targetHints":{"allow":["GET"]}}],"collection":[{"href":"https:\/\/www.piuomenopop.it\/index.php\/wp-json\/wp\/v2\/posts"}],"about":[{"href":"https:\/\/www.piuomenopop.it\/index.php\/wp-json\/wp\/v2\/types\/post"}],"author":[{"embeddable":true,"href":"https:\/\/www.piuomenopop.it\/index.php\/wp-json\/wp\/v2\/users\/1"}],"replies":[{"embeddable":true,"href":"https:\/\/www.piuomenopop.it\/index.php\/wp-json\/wp\/v2\/comments?post=28645"}],"version-history":[{"count":4,"href":"https:\/\/www.piuomenopop.it\/index.php\/wp-json\/wp\/v2\/posts\/28645\/revisions"}],"predecessor-version":[{"id":31576,"href":"https:\/\/www.piuomenopop.it\/index.php\/wp-json\/wp\/v2\/posts\/28645\/revisions\/31576"}],"wp:featuredmedia":[{"embeddable":true,"href":"https:\/\/www.piuomenopop.it\/index.php\/wp-json\/wp\/v2\/media\/28646"}],"wp:attachment":[{"href":"https:\/\/www.piuomenopop.it\/index.php\/wp-json\/wp\/v2\/media?parent=28645"}],"wp:term":[{"taxonomy":"category","embeddable":true,"href":"https:\/\/www.piuomenopop.it\/index.php\/wp-json\/wp\/v2\/categories?post=28645"},{"taxonomy":"post_tag","embeddable":true,"href":"https:\/\/www.piuomenopop.it\/index.php\/wp-json\/wp\/v2\/tags?post=28645"}],"curies":[{"name":"wp","href":"https:\/\/api.w.org\/{rel}","templated":true}]}}