{"id":28780,"date":"2018-01-06T18:08:52","date_gmt":"2018-01-06T17:08:52","guid":{"rendered":"http:\/\/www.piuomenopop.it\/?p=28780"},"modified":"2018-01-10T22:52:21","modified_gmt":"2018-01-10T21:52:21","slug":"cercate-dischi-pedali-feticci-di-giorgio-ciccarelli-intervista-al-chitarrista-ex-afterhours-in-attesa-del-nuovo-album","status":"publish","type":"post","link":"https:\/\/www.piuomenopop.it\/index.php\/2018\/01\/06\/cercate-dischi-pedali-feticci-di-giorgio-ciccarelli-intervista-al-chitarrista-ex-afterhours-in-attesa-del-nuovo-album\/","title":{"rendered":"Cercate dischi, pedali, feticci di Giorgio Ciccarelli? Intervista al chitarrista (ex Afterhours) in attesa del nuovo album"},"content":{"rendered":"<p>Intervista a cura di <a href=\"http:\/\/www.piuomenopop.it\/index.php\/page\/2\/?s=renata+rossi&amp;submit=Search\" target=\"_blank\" rel=\"noopener\">Renata Rossi<\/a><\/p>\n<p><img loading=\"lazy\" decoding=\"async\" class=\"aligncenter wp-image-28782 size-full\" src=\"http:\/\/www.piuomenopop.it\/wp-content\/uploads\/2018\/01\/ciccarelli.jpg\" alt=\"\" width=\"828\" height=\"315\" srcset=\"https:\/\/www.piuomenopop.it\/wp-content\/uploads\/2018\/01\/ciccarelli.jpg 828w, https:\/\/www.piuomenopop.it\/wp-content\/uploads\/2018\/01\/ciccarelli-300x114.jpg 300w, https:\/\/www.piuomenopop.it\/wp-content\/uploads\/2018\/01\/ciccarelli-768x292.jpg 768w\" sizes=\"auto, (max-width: 828px) 100vw, 828px\" \/><\/p>\n<p><a href=\"https:\/\/www.facebook.com\/profile.php?id=100004940928620\" target=\"_blank\" rel=\"noopener\"><strong>Giorgio Ciccarelli<\/strong><\/a>, chitarrista, cantante, autore e compositore, ha pubblicato dischi e suonato con numerose e importanti band (<strong>Afterhours, Sux!, Colour Moves<\/strong>) e oggi sta lavorando per il suo secondo album solista. Il primo, &#8220;Le cose cambiano&#8221;, presentato sui palchi di tutt&#8217;Italia, \u00e8 stata una scommessa vincente e, dal vivo, uno spettacolo trascinante e intenso. (<a href=\"http:\/\/www.piuomenopop.it\/index.php\/2017\/03\/28\/totalmente-trasparente-giorgio-ciccarelli-comfort-me-vintage-zone-cosenza\/\" target=\"_blank\" rel=\"noopener\">Leggi qui il live report live @Comfort Me CS<\/a>).<\/p>\n<p>Il suo \u00e8 un giuramento di amore eterno per la musica, come lo dimostrano concerti sui palchi di tutto il mondo e collaborazioni con artisti del calibro di <strong>Greg Dulli, Mark Lanegan, Patti Smith <\/strong>e<strong> Mina<\/strong>.<\/p>\n<p>Ero molto curiosa di conoscere qualcosa in pi\u00f9 della nuova scommessa musicale di Giorgio, che sceglie di affidarsi alla piattaforma di <strong>Musicraiser<\/strong> e al<strong> crowfunding<\/strong> per finanziare l&#8217;uscita del nuovo album, &#8220;<em>Bandiere&#8221;<\/em>.<\/p>\n<p>Cos\u00ec ho pensato di rivolgergli qualche domanda&#8230;<\/p>\n<p>&nbsp;<\/p>\n<figure id=\"attachment_16409\" aria-describedby=\"caption-attachment-16409\" style=\"width: 500px\" class=\"wp-caption aligncenter\"><img loading=\"lazy\" decoding=\"async\" class=\"wp-image-16409\" src=\"http:\/\/www.piuomenopop.it\/wp-content\/uploads\/2017\/03\/IMG_6988-e1490704650114.jpg\" alt=\"\" width=\"500\" height=\"429\" \/><figcaption id=\"caption-attachment-16409\" class=\"wp-caption-text\">\u00a9 Simona Luchini<\/figcaption><\/figure>\n<p>&nbsp;<\/p>\n<p><strong>Ciao Giorgio, innanzitutto buon anno e grazie per averci concesso questa chiacchierata. Come stai? Come va la preparazione del nuovo disco, \u201c<em>Bandiere<\/em>\u201d?<\/strong><\/p>\n<p>Grazie mille a voi per avermi dato l\u2019opportunit\u00e0 di parlare del mio progetto e ricambio l\u2019augurio di buon anno.<\/p>\n<p>La preparazione di <em>Bandiere<\/em> sta andando nel migliore dei modi, volevo a tutti i costi cambiare rispetto a \u201c<em>Le cose cambiano<\/em>\u201d, trovare un vestito diverso da far indossare alle mie canzoni e posso dire che, allo stato attuale delle cose, sono molto contento, perch\u00e9 la rotta presa da <em>Bandiere<\/em> mi sta entusiasmando; \u00e8 s\u00ec, molto diversa dal primo disco, ma la cosa che pi\u00f9 mi piace \u00e8 che \u00e8 una rotta sempre riconducibile al mio stile musicale. Devo dire che l\u2019ultimo anno di tour fatto in duo, mi ha aperto molte strade, mi ha fatto comprendere che esiste un mondo oltre la band\u2026<\/p>\n<p>&nbsp;<\/p>\n<p><strong>Sappiamo della scelta di affidarti a Musicraiser per la realizzazione del tuo secondo album, puoi spiegarci meglio il perch\u00e9?<\/strong><\/p>\n<p>Il fatto \u00e8 molto semplice, con questa scelta ho il controllo totale di quello che faccio dalle registrazioni alla scelta dei collaboratori, dalla copertina, alla stampa vera e propria dei dischi. E soprattutto, l\u2019idea che i finanziatori del progetto siano gli ascoltatori, le persone che in qualche modo gi\u00e0 ti apprezzano \u00e8 quasi rivoluzionario per l\u2019era in cui stiamo vivendo. Ed \u00e8 inoltre entusiasmante il fatto che devo e dovr\u00f2 rendere conto solo ed esclusivamente alla gente che ha sostenuto questa impresa. Non che io mi sia trovato male con XXXV, anzi, loro si sono dimostrati la scelta pi\u00f9 felice che avrei mai potuto fare, ma siamo in un epoca in cui la musica non d\u00e0 da mangiare e loro si sarebbero dovuti svenare senza poter contare su un rientro certo per fare il mio disco. Certo \u00e8 che continueremo a collaborare, tanto che <em>Nicodemo<\/em> (gi\u00e0 direttore artistico di XXXV) suona nel disco\u2026<\/p>\n<p>&nbsp;<\/p>\n<p><strong>Trovo molto particolare la scelta di mettere in vendita parte della tua vita artistica: i tuoi dischi, pedali storici e persino una chitarra, un atto fisico quasi rivoluzionario in un momento di piena rivoluzione digitale. Non trovi?<\/strong><\/p>\n<p>S\u00ec, ho voluto proprio dare un segno tangibile, fisico (come dici tu) e oserei dire vintage alle cosiddette ricompense. Qualcosa che facesse veramente parte di me e della mia storia di musicista, volevo andare oltre lo scambio denaro\/disco, che, detto per inciso, fatto nel modo del crowdfunding \u00e8 decisamente pi\u00f9 a misura d\u2019uomo, come andare nel negozietto sotto casa ed evitare il centro commerciale\u2026<\/p>\n<p>&nbsp;<\/p>\n<p><strong><em>Bandiere<\/em> \u00e8 il titolo del tuo nuovo album, cosa rappresenta per te la bandiera?<\/strong><\/p>\n<p>Le bandiere, nella storia, sono state spesso il simbolo sotto e per il quale si sono commesse delle atrocit\u00e0.<\/p>\n<p>Nello specifico del disco, Bandiere \u00e8 la canzone pi\u00f9 politica dell\u2019intero lavoro nella quale si delinea una posizione chiara e ben precisa: a che servono le bandiere, perch\u00e9 bisogna rispettarle se per loro gente \u00e8 morta? Semmai sono da buttare, da ammainare, s\u00ec, ma in fondo al mare\u2026<\/p>\n<p>&nbsp;<\/p>\n<p><strong>Tito Faraci, sar\u00e0 nuovamente responsabile dei testi dopo l\u2019esperienza del tuo primo disco. Come e quando nasce la vostra amicizia e l\u2019idea di collaborare insieme?<\/strong><\/p>\n<p>Io e Tito ci conosciamo dalla seconda met\u00e0 degli anni 80, bazzicavamo la stessa \u201cscena\u201d musicale, io gi\u00e0 suonavo nei Colour Moves, lui gi\u00e0 scriveva per la storica fanzine Anestesia Totale e anche lui suonava. Ci siamo frequentati molto, poi c\u2019\u00e8 stato un black out di quasi vent\u2019anni dovuto alle strade intraprese e che mai si sono incrociate. Ci siamo ritrovati nel 2015, nel backstage del primo concerto della reunion dei Colour Moves e ci siamo ritrovati a parlare come se fosse passata una settimana dall\u2019ultima volta che ci eravamo visti. Io stavo concludendo \u201c<em>Le cose cambiano<\/em>\u201d e sentivo la necessit\u00e0 di avere nei testi delle canzoni uno sguardo differente dal mio, capace di gettare una luce diversa sui brani. Cos\u00ec, molto semplicemente, gli ho chiesto se voleva scrivere i testi del disco e da l\u00ec \u00e8 partito tutto. Ci siamo trovati cos\u00ec bene e cos\u00ec in sintonia, che abbiamo deciso di replicare anche per il secondo disco.<\/p>\n<p>&nbsp;<\/p>\n<p><strong>Un artwork straordinario rendeva al meglio il sodalizio immagini-parole in \u201cLe cose non cambiano\u201d, il tuo primo album solista. Cosa dobbiamo aspettarci dal secondo? Un altro album esteticamente straordinario e coraggioso?<\/strong><\/p>\n<p>In realt\u00e0 abbiamo iniziato con la precisa volont\u00e0 di andare nella direzione opposta e di convogliare tutta l\u2019attenzione esclusivamente sulle canzoni, addirittura, pensavamo ad una copertina monocolore, di una semplicit\u00e0 imbarazzante. Poi abbiamo virato, anche se di poco, su una soluzione semplicemente sobria, che comunque tenesse fermo il focus sulle canzoni.<\/p>\n<p>&nbsp;<\/p>\n<p><strong>Non vediamo l\u2019ora di poterti rivedere in tour. Ci saranno delle novit\u00e0 durante i prossimi live?<\/strong><\/p>\n<p>In realt\u00e0 sto ancora ultimando il disco, non ho ancora pensato al live. Di sicuro per\u00f2 lo porter\u00f2 in giro in duo, con <em>Gaetano Maiorano<\/em>, come ho fatto nell\u2019ultimo tour che ci ha regalato notevoli soddisfazioni.<\/p>\n<p>&nbsp;<\/p>\n<p><strong>Apprezzo molto il tuo progetto solista ma ho una piccola curiosit\u00e0: c\u2019\u00e8 per caso una band o un artista col quale non hai ancora collaborato e con cui ti piacerebbe farlo?<\/strong><\/p>\n<p>Mi piacerebbe collaborare con tutti, senza riserve! Ma non mi piacciono le cose forzate, nel senso che, se la collaborazione nasce spontanea, dopo una frequentazione, una condivisione di qualche esperienza, sono il primo a partire in quarta. Altrimenti non sono poi cos\u00ec propenso\u2026<\/p>\n<p>&nbsp;<\/p>\n<p><strong> \u00c8 appena iniziato il 2018, siamo al momento dei bilanci. Che anno \u00e8 stato quello appena trascorso per te? Che tipo di aspettative hai per quello nuovo?<\/strong><\/p>\n<p>Direi che il 2017 \u00e8 stato un anno importante, innanzitutto mi ha fatto capire quale fosse la direzione giusta da prendere dopo \u201c<em>Le cose cambiano<\/em>\u201d, poi mi ha confermato che l\u2019unica strada per far qualcosa nella musica, oggi, \u00e8 quella vecchia e sana strada della gavetta; fare pi\u00f9 concerti possibile, in tutti i luoghi possibili andandosi a conquistare, una per una, le persone che vengono ai tuoi concerti. Per il momento le mie aspettative per il 2018, si fermano all\u201911 febbraio, data in cui si conclude la campagna di crowdfundig per la realizzazione di &#8220;<em>Bandiere<\/em>&#8220;, se non arrivo all\u2019obiettivo, crolla tutto il castello\u2026<\/p>\n<p>&nbsp;<\/p>\n<p><em>Direi proprio che questo Castello non deve crollare. Il mio invito (perch\u00e9 se hai letto l&#8217;intervista sei un fan o un appassionato del Cicca) \u00e8 quello di dare un&#8217;occhiata <strong><a href=\"https:\/\/www.musicraiser.com\/it\/\/projects\/9445-bandiere\" target=\"_blank\" rel=\"noopener\">QUI<\/a><\/strong> al progetto del\u00a0chitarrista milanese\u00a0e acquistare il suo disco e tanto altro su<strong> Musicraiser<\/strong>.\u00a0Scommettere\u00a0su di\u00a0lui significa essere ben ripagati, ne sono certa&#8230;<\/em><\/p>\n<p>&nbsp;<\/p>\n<p>Leggi <a href=\"http:\/\/www.piuomenopop.it\/?s=ciccarelli&amp;submit=Search\" target=\"_blank\" rel=\"noopener\">tutti gli articoli su Giorgio Ciccarelli<\/a><\/p>\n","protected":false},"excerpt":{"rendered":"<div class=\"mh-excerpt\"><p>Intervista a cura di Renata Rossi Giorgio Ciccarelli, chitarrista, cantante, autore e compositore, ha pubblicato dischi e suonato con numerose e importanti band (Afterhours, Sux!, <a class=\"mh-excerpt-more\" href=\"https:\/\/www.piuomenopop.it\/index.php\/2018\/01\/06\/cercate-dischi-pedali-feticci-di-giorgio-ciccarelli-intervista-al-chitarrista-ex-afterhours-in-attesa-del-nuovo-album\/\" title=\"Cercate dischi, pedali, feticci di Giorgio Ciccarelli? Intervista al chitarrista (ex Afterhours) in attesa del nuovo album\">[&#8230;]<\/a><\/p>\n<\/div>","protected":false},"author":1,"featured_media":28782,"comment_status":"closed","ping_status":"closed","sticky":false,"template":"","format":"standard","meta":{"sfsi_plus_gutenberg_text_before_share":"","sfsi_plus_gutenberg_show_text_before_share":"","sfsi_plus_gutenberg_icon_type":"","sfsi_plus_gutenberg_icon_alignemt":"","sfsi_plus_gutenburg_max_per_row":"","footnotes":"","_links_to":"","_links_to_target":""},"categories":[564,4,457],"tags":[180,5044,3137,5043,3138,3131,2350,5045,2219,3136],"class_list":["post-28780","post","type-post","status-publish","format-standard","has-post-thumbnail","hentry","category-alternative","category-interviste","category-rock","tag-afterhours","tag-bandiere","tag-colour-moves","tag-crowfunding","tag-gaetano-maiorano","tag-giorgio-ciccarelli","tag-musicraiser","tag-nicodemo","tag-renata-rossi","tag-sux"],"aioseo_notices":[],"_links":{"self":[{"href":"https:\/\/www.piuomenopop.it\/index.php\/wp-json\/wp\/v2\/posts\/28780","targetHints":{"allow":["GET"]}}],"collection":[{"href":"https:\/\/www.piuomenopop.it\/index.php\/wp-json\/wp\/v2\/posts"}],"about":[{"href":"https:\/\/www.piuomenopop.it\/index.php\/wp-json\/wp\/v2\/types\/post"}],"author":[{"embeddable":true,"href":"https:\/\/www.piuomenopop.it\/index.php\/wp-json\/wp\/v2\/users\/1"}],"replies":[{"embeddable":true,"href":"https:\/\/www.piuomenopop.it\/index.php\/wp-json\/wp\/v2\/comments?post=28780"}],"version-history":[{"count":8,"href":"https:\/\/www.piuomenopop.it\/index.php\/wp-json\/wp\/v2\/posts\/28780\/revisions"}],"predecessor-version":[{"id":28985,"href":"https:\/\/www.piuomenopop.it\/index.php\/wp-json\/wp\/v2\/posts\/28780\/revisions\/28985"}],"wp:featuredmedia":[{"embeddable":true,"href":"https:\/\/www.piuomenopop.it\/index.php\/wp-json\/wp\/v2\/media\/28782"}],"wp:attachment":[{"href":"https:\/\/www.piuomenopop.it\/index.php\/wp-json\/wp\/v2\/media?parent=28780"}],"wp:term":[{"taxonomy":"category","embeddable":true,"href":"https:\/\/www.piuomenopop.it\/index.php\/wp-json\/wp\/v2\/categories?post=28780"},{"taxonomy":"post_tag","embeddable":true,"href":"https:\/\/www.piuomenopop.it\/index.php\/wp-json\/wp\/v2\/tags?post=28780"}],"curies":[{"name":"wp","href":"https:\/\/api.w.org\/{rel}","templated":true}]}}