{"id":28954,"date":"2018-02-15T20:23:33","date_gmt":"2018-02-15T19:23:33","guid":{"rendered":"http:\/\/www.piuomenopop.it\/?p=28954"},"modified":"2018-02-04T10:54:16","modified_gmt":"2018-02-04T09:54:16","slug":"piuomenointerviste-un-microfono-per-le-novita-balto","status":"publish","type":"post","link":"https:\/\/www.piuomenopop.it\/index.php\/2018\/02\/15\/piuomenointerviste-un-microfono-per-le-novita-balto\/","title":{"rendered":"#piuomenointerviste: un &#8220;microfono&#8221; per le novit\u00e0 &#8211; BALTO"},"content":{"rendered":"<p>A cura di <a href=\"https:\/\/www.facebook.com\/simona.luchini\" target=\"_blank\" rel=\"noopener\">Simona Luchini<\/a><\/p>\n<p style=\"text-align: justify;\">Una fotografa curiosa decide di incontrare artisti emergenti e talentuosi cui porre 10 domande per conoscere meglio ogni volta una band diversa: questo \u00e8 <strong>#piuomenointerviste: un &#8220;microfono&#8221; per le novit\u00e0.<\/strong><\/p>\n<p>&nbsp;<\/p>\n<p style=\"text-align: justify;\">Poco pi\u00f9 che ventenni, una vita fatta di Universit\u00e0, lavori estivi e treni regionali. I <strong>riminesi<\/strong><a href=\"https:\/\/www.facebook.com\/BaltoLaBand\/\" target=\"_blank\" rel=\"noopener\"><strong> BALTO<\/strong><\/a> scrivono della normalit\u00e0 di ci\u00f2 che li circonda, vite vissute secondo il loro filtro, quello di chi si rende conto di tutto ma non si rassegna davanti a niente.<\/p>\n<p>I <a href=\"https:\/\/www.facebook.com\/BaltoLaBand\/\" target=\"_blank\" rel=\"noopener\"><strong>BALTO<\/strong><\/a> sono: <strong>Andrea Zanni, Manolo Liuzzi, Marco Villa, Alberto Piccioni.<\/strong><\/p>\n<p>&nbsp;<\/p>\n<p><img loading=\"lazy\" decoding=\"async\" class=\"aligncenter wp-image-28955 size-full\" src=\"http:\/\/www.piuomenopop.it\/wp-content\/uploads\/2018\/01\/Balto_.jpg\" alt=\"\" width=\"600\" height=\"476\" srcset=\"https:\/\/www.piuomenopop.it\/wp-content\/uploads\/2018\/01\/Balto_.jpg 600w, https:\/\/www.piuomenopop.it\/wp-content\/uploads\/2018\/01\/Balto_-300x238.jpg 300w\" sizes=\"auto, (max-width: 600px) 100vw, 600px\" \/><\/p>\n<p>&nbsp;<\/p>\n<p>&nbsp;<\/p>\n<p><strong>Quando nasce il vostro gruppo e a cosa si deve il suo nome?<\/strong><\/p>\n<p>I balto sono nati ufficialmente con l\u2019EP che \u00e8 uscito a Novembre 2017 anche se sono gi\u00e0 quasi 4 anni che suoniamo insieme. Il nome ci piace come suona fondamentalmente, anche se c\u2019\u00e8 un aneddoto carino su una cena che ci \u00e8 capitato di fare in un paesino in Toscana e di bere vino che aveva proprio questo nome.<\/p>\n<p>&nbsp;<\/p>\n<p><strong>Una parola che caratterizzi ognuna delle tracce del vostro album<\/strong><\/p>\n<p style=\"text-align: justify;\">Direi \u201cnormale\u201d, \u00e8 un po\u2019 il mood del disco anche, il fatto che siamo persone normali, ragazzi di vent\u2019anni (e qualcosina in pi\u00f9) che frequentano l\u2019universit\u00e0, fanno lavoretti estivi e si spostano coi treni regionali.<\/p>\n<p>&nbsp;<\/p>\n<p><strong>La canzone che amate di pi\u00f9 del vostro album<\/strong><\/p>\n<p>\u201c\u00c8 tutto normale\u201d.<\/p>\n<p><strong>Come definite la vostra musica e quali sono gli artisti che vi ispirano di pi\u00f9?<\/strong><\/p>\n<p style=\"text-align: justify;\">Come genere \u00e8 qualcosa che sicuramente viene dal rock, indie rock, alternative rock, pop rock, indie pop, un misto di tutto questo insomma. Gli artisti di riferimento sono per il panorama internazionale i Biffy Clyro, Incubus, Arctic Monkeys, The Strokes\u2026 in italia ci piacciono tanto i Fask, il made dopo, Ministri, Voina, Vasco Brondi, Canova e via dicendo.<\/p>\n<p><strong>Cosa pensate del panorama musicale attuale?<\/strong><\/p>\n<p>\u00c8 un bel momento, c\u2019\u00e8 tanta gente che ha voglia di andare ai concerti, si incuriosisce di nuovi artisti. C\u2019\u00e8 tanta variet\u00e0 e tanta risposta.<\/p>\n<p><strong>Se poteste viaggiare nel tempo dove vorreste andare?<\/strong><\/p>\n<p style=\"text-align: justify;\">Se me l\u2019avesso chiesto a 15 anni avrei risposto che sarei voluto nascere fra il 60\/70 per subire in maniera diretta tutta l\u2019influenza della musica di quegli anni. Ora come ora sono e siamo contenti di questo periodo storico musicale. \u00c8 vero che il rock in Italia non \u00e8 cos\u00ec tanto diffuso ma ci sono diversi modi di \u201cfare rock\u201d e anche il 2018 va benone.<\/p>\n<p><strong>Se poteste scegliere di collaborare con un particolare artista internazionale, chi sarebbe e perch\u00e9?<\/strong><\/p>\n<p style=\"text-align: justify;\">Simon Neil, Biffy Clyro. Perch\u00e9 \u00e8 probabilmente l\u2019artista contemporaneo che pi\u00f9 apprezziamo sia per i lavori in studio che per la carica e l\u2019energia dei live che lui e la\u00a0 sua band sanno dare al pubblico, sia per l\u2019umilt\u00e0 e l\u2019emozione che si porta dietro ogni volta che suona. Questo e tanto altro \u00e8 quello che ci ha trasmesso lui e la sua band insomma.<\/p>\n<p><strong>Una domanda che faccio sempre agli artisti in promozione: perch\u00e9 una persona dovrebbe ascoltare il vostro disco?<\/strong><\/p>\n<p style=\"text-align: justify;\">In questo disco c\u2019\u00e8 una parte della nostra vita, momenti veri, sensazioni vissute, altre immaginate ma che scaturivano da cose reali, di vita vera. Ci siamo messi a nudo e ci siamo stati parecchio sopra. C\u2019\u00e8 un pezzo della nostra storia in queste <a href=\"https:\/\/open.spotify.com\/artist\/2u3GEhLf7fYa480zQ7e0bZ\" target=\"_blank\" rel=\"noopener\">5 canzoni<\/a>, e su Spotify \u00e8 ascoltabile in streaming, sono venti minuti, non uno di pi\u00f9.<\/p>\n<p><strong>Quali sono gli obiettivi che vi siete prefissati per il futuro?<\/strong><\/p>\n<p style=\"text-align: justify;\">L\u2019obiettivo \u00e8 quello di lavorare continuamente, scrivere, produrre, finch\u00e9 ne avremo voglia e avremo qualcosa da dire. Per ora siamo carichi di sensazioni positive, tanta voglia di fare. Ci piacerebbe girare l\u2019Italia suonando il nostro disco ovunque.<\/p>\n<p><strong>Cosa avete in mente per il futuro? Tour, concerti.. dateci tutte le info per potervi seguire!<\/strong><\/p>\n<p style=\"text-align: justify;\">Ci sono delle date in programma per i prossimi mesi che potrete trovare sulla nostra pagina <a href=\"https:\/\/www.facebook.com\/BaltoLaBand\/\" target=\"_blank\" rel=\"noopener\">Facebook<\/a> o su <a href=\"https:\/\/www.instagram.com\/baltoband\/\" target=\"_blank\" rel=\"noopener\">Instagram<\/a>. Stiamo scrivendo gi\u00e0 il prossimo disco anche se ancora non abbiamo idea di quando uscir\u00e0.<\/p>\n<p>&nbsp;<\/p>\n<p><iframe loading=\"lazy\" title=\"BALTO - Mi Piacerebbe Tanto Ballare (Video Ufficiale)\" width=\"500\" height=\"281\" src=\"https:\/\/www.youtube.com\/embed\/I2zMSl_fyqA?feature=oembed\" frameborder=\"0\" allow=\"accelerometer; autoplay; clipboard-write; encrypted-media; gyroscope; picture-in-picture; web-share\" referrerpolicy=\"strict-origin-when-cross-origin\" allowfullscreen><\/iframe><\/p>\n","protected":false},"excerpt":{"rendered":"<div class=\"mh-excerpt\"><p>A cura di Simona Luchini Una fotografa curiosa decide di incontrare artisti emergenti e talentuosi cui porre 10 domande per conoscere meglio ogni volta una <a class=\"mh-excerpt-more\" href=\"https:\/\/www.piuomenopop.it\/index.php\/2018\/02\/15\/piuomenointerviste-un-microfono-per-le-novita-balto\/\" title=\"#piuomenointerviste: un &#8220;microfono&#8221; per le novit\u00e0 &#8211; BALTO\">[&#8230;]<\/a><\/p>\n<\/div>","protected":false},"author":1,"featured_media":28955,"comment_status":"closed","ping_status":"closed","sticky":false,"template":"","format":"standard","meta":{"sfsi_plus_gutenberg_text_before_share":"","sfsi_plus_gutenberg_show_text_before_share":"","sfsi_plus_gutenberg_icon_type":"","sfsi_plus_gutenberg_icon_alignemt":"","sfsi_plus_gutenburg_max_per_row":"","footnotes":"","_links_to":"","_links_to_target":""},"categories":[4993],"tags":[1261,5093,5094,4992,13],"class_list":["post-28954","post","type-post","status-publish","format-standard","has-post-thumbnail","hentry","category-piuomenointerviste","tag-alka-record-label","tag-balto","tag-e-tutto-normale","tag-piuomenointerviste","tag-simona-luchini"],"aioseo_notices":[],"_links":{"self":[{"href":"https:\/\/www.piuomenopop.it\/index.php\/wp-json\/wp\/v2\/posts\/28954","targetHints":{"allow":["GET"]}}],"collection":[{"href":"https:\/\/www.piuomenopop.it\/index.php\/wp-json\/wp\/v2\/posts"}],"about":[{"href":"https:\/\/www.piuomenopop.it\/index.php\/wp-json\/wp\/v2\/types\/post"}],"author":[{"embeddable":true,"href":"https:\/\/www.piuomenopop.it\/index.php\/wp-json\/wp\/v2\/users\/1"}],"replies":[{"embeddable":true,"href":"https:\/\/www.piuomenopop.it\/index.php\/wp-json\/wp\/v2\/comments?post=28954"}],"version-history":[{"count":1,"href":"https:\/\/www.piuomenopop.it\/index.php\/wp-json\/wp\/v2\/posts\/28954\/revisions"}],"predecessor-version":[{"id":28956,"href":"https:\/\/www.piuomenopop.it\/index.php\/wp-json\/wp\/v2\/posts\/28954\/revisions\/28956"}],"wp:featuredmedia":[{"embeddable":true,"href":"https:\/\/www.piuomenopop.it\/index.php\/wp-json\/wp\/v2\/media\/28955"}],"wp:attachment":[{"href":"https:\/\/www.piuomenopop.it\/index.php\/wp-json\/wp\/v2\/media?parent=28954"}],"wp:term":[{"taxonomy":"category","embeddable":true,"href":"https:\/\/www.piuomenopop.it\/index.php\/wp-json\/wp\/v2\/categories?post=28954"},{"taxonomy":"post_tag","embeddable":true,"href":"https:\/\/www.piuomenopop.it\/index.php\/wp-json\/wp\/v2\/tags?post=28954"}],"curies":[{"name":"wp","href":"https:\/\/api.w.org\/{rel}","templated":true}]}}