{"id":29034,"date":"2018-03-29T20:00:43","date_gmt":"2018-03-29T18:00:43","guid":{"rendered":"http:\/\/www.piuomenopop.it\/?p=29034"},"modified":"2018-03-20T20:13:41","modified_gmt":"2018-03-20T19:13:41","slug":"piuomenointerviste-un-microfono-sulle-novita-lalbero-del-veleno","status":"publish","type":"post","link":"https:\/\/www.piuomenopop.it\/index.php\/2018\/03\/29\/piuomenointerviste-un-microfono-sulle-novita-lalbero-del-veleno\/","title":{"rendered":"#piuomenointerviste: un &#8220;microfono&#8221; per le novit\u00e0 &#8211; L&#8217;ALBERO DEL VELENO"},"content":{"rendered":"<p>A cura di <a href=\"https:\/\/www.facebook.com\/simona.luchini\" target=\"_blank\" rel=\"noopener\">Simona Luchini<\/a><\/p>\n<p>Una fotografa curiosa decide di incontrare artisti emergenti e talentuosi cui porre 10 domande per conoscere meglio ogni volta una band diversa: questo \u00e8 <strong>#piuomenointerviste: un &#8220;microfono&#8221; per le novit\u00e0.<\/strong><\/p>\n<p style=\"text-align: justify;\">Conosciamo oggi <a href=\"https:\/\/www.facebook.com\/alberodelveleno\/\" target=\"_blank\" rel=\"noopener\"><strong>L&#8217;albero del Veleno<\/strong><\/a>: Nadin Petricelli (Keyboards &amp; Synth), Lorenzo Picchi (Guitars), Michele Andreuccetti (Bass), Marco Brenzini (Flute), Jacopo Ciani (Viola &amp; Violin), Claudio Miniati (Drums).<\/p>\n<p>&nbsp;<\/p>\n<figure id=\"attachment_29035\" aria-describedby=\"caption-attachment-29035\" style=\"width: 500px\" class=\"wp-caption aligncenter\"><img loading=\"lazy\" decoding=\"async\" class=\"wp-image-29035 size-full\" src=\"http:\/\/www.piuomenopop.it\/wp-content\/uploads\/2018\/01\/ALBERODELVELENO_.jpg\" alt=\"\" width=\"500\" height=\"500\" srcset=\"https:\/\/www.piuomenopop.it\/wp-content\/uploads\/2018\/01\/ALBERODELVELENO_.jpg 500w, https:\/\/www.piuomenopop.it\/wp-content\/uploads\/2018\/01\/ALBERODELVELENO_-150x150.jpg 150w, https:\/\/www.piuomenopop.it\/wp-content\/uploads\/2018\/01\/ALBERODELVELENO_-300x300.jpg 300w, https:\/\/www.piuomenopop.it\/wp-content\/uploads\/2018\/01\/ALBERODELVELENO_-60x60.jpg 60w\" sizes=\"auto, (max-width: 500px) 100vw, 500px\" \/><figcaption id=\"caption-attachment-29035\" class=\"wp-caption-text\">Artwork: Steve Indronant<\/figcaption><\/figure>\n<p>&nbsp;<\/p>\n<p><strong>Quando nasce il vostro gruppo e a cosa si deve il suo nome?<\/strong><\/p>\n<p style=\"text-align: justify;\">La band nasce nel 2010 con lo scopo di creare colonne sonore originali per film thriller e horror. Il nome riprende una vecchia leggenda che narra di un albero velenoso che portava inesorabilmente alla morte chiunque si cibasse dei suoi frutti o si addormentasse sotto le sue fronde. Questa storia ci affascinava e calzava a pennello con quello che volevamo ricreare: qualcosa di bello ed armonioso fuori, che per\u00f2 celasse un&#8217;anima oscura.<\/p>\n<p><strong>Una parola che caratterizzi ognuna delle tracce del vostro album<\/strong><\/p>\n<p style=\"text-align: justify;\">Riteniamo che il miglior modo per caratterizzare ogni singolo brano di &#8220;Tale of a Dark Fate&#8221; sia farlo visivamente e non usando le parole, per questo abbiamo inserito nell&#8217;album un booklet al cui interno \u00e8 presente un&#8217;immagine per ogni traccia, il tutto ad opera del bravissimo artista Steve Indronant.<\/p>\n<p><strong>La canzone che amate di pi\u00f9 del vostro album<\/strong><\/p>\n<p style=\"text-align: justify;\">Il disco \u00e8 un concept album e tutte le tracce sono unite, il passaggio da una all&#8217;altra \u00e8 quasi intangibile, non sono presenti stacchi (ad eccezione dell&#8217;intervallo, a dividere il primo dal secondo atto). Essendo un lavoro da vedere come un&#8217;insieme non riusciamo a trovare un brano su tutti. Se dovessimo per\u00f2 sceglierne uno per far capire a chi ci ascolta quale sia la nostra musica, &#8220;Morpheus&#8221; \u00e8 il brano che racchiude l&#8217;essenza della nostra proposta.<\/p>\n<p><strong>Come definite la vostra musica e quali sono gli artisti che vi ispirano di pi\u00f9?<\/strong><\/p>\n<p style=\"text-align: justify;\">Siamo stati sin dal primo disco catalogati come band progressive rock, anche se in realt\u00e0 non abbiamo mai pensato di fare un determinato genere. Penso che il termine &#8220;colonna sonora&#8221; sia il pi\u00f9 appropriato, perch\u00e9 non racchiude forzatamente il tutto in un unico genere. Una colonna sonora pu\u00f2 essere sia musica classica che metal estremo, l&#8217;importante \u00e8 che riesca a far parlare le immagini. Sicuramente tra le nostre maggiori fonti di ispirazioni ci sono Morricone, Frizzi, Cipriani, Badalamenti, Micalizzi, i Goblin e tanto altro che non necessariamente abbia un collegamento con la musica che facciamo.<\/p>\n<p><strong>Cosa pensate del panorama musicale attuale?<\/strong><\/p>\n<p style=\"text-align: justify;\">Il panorama attuale fortunatamente presenta tante ottime realt\u00e0, il problema \u00e8 che sono quasi sempre sotterrate nel pi\u00f9 mero underground. Ci\u00f2 che distrugge tutto \u00e8 l&#8217;industria musicale, il famigerato music business che annulla completamente il lato artistico in favore di quello unicamente remunerativo.<\/p>\n<p><strong>Se poteste viaggiare nel tempo dove vorreste andare?<\/strong><\/p>\n<p>Nel futuro, per capire a cosa ci porter\u00e0 questa societ\u00e0. Il passato \u00e8 gi\u00e0 stato scritto, \u00e8 il futuro che \u00e8 incerto.<\/p>\n<p><strong>Se poteste scegliere di collaborare con un particolare artista internazionale, chi sarebbe e perch\u00e9?<\/strong><\/p>\n<p style=\"text-align: justify;\">Se dovesse essere solo uno sicuramente Ennio Morricone, perch\u00e9 ha creato capolavori immortali riuscendo ad unire la musica classica a quella pop. Un genio assoluto.<\/p>\n<p><strong>Una domanda che faccio sempre agli artisti in promozione: perch\u00e9 una persona dovrebbe ascoltare il vostro disco?<\/strong><\/p>\n<p style=\"text-align: justify;\">Forse \u00e8 pi\u00f9 facile dire chi non dovrebbe ascoltare il nostro album: tutti coloro che pensano che la musica sia soltanto quella delle classifiche, quella fatta a tavolino per piacere a pi\u00f9 persone possibile grazie a ritornelli ridondanti e frasi ad effetto. Noi non scriviamo musica ragionando su cosa possa piacere agli altri, ci limitiamo a scrivere in note quello che abbiamo dentro, che piaccia o no.<\/p>\n<p><strong>Quali sono gli obiettivi che vi siete prefissati per il futuro?<\/strong><\/p>\n<p style=\"text-align: justify;\">Nessun obiettivo, andiamo avanti giorno per giorno. Sarebbe per\u00f2 molto bello essere contattati per comporre una colonna sonora ad hoc per un film.<\/p>\n<p><strong>Cosa avete in mente per il futuro? Tour, concerti.. dateci tutte le info per potervi seguire!<\/strong><\/p>\n<p style=\"text-align: justify;\">N\u00e9 tour n\u00e9 concerti, abbiamo sospeso l&#8217;attivit\u00e0 live per concentrarci unicamente ai lavori in studio. Chi vuole seguirci pu\u00f2 farlo ascoltando i nostri dischi, ascoltabili per intero gratuitamente sul nostro <a href=\"http:\/\/alberodelveleno.bandcamp.com\" target=\"_blank\" rel=\"noopener\">bandcamp<\/a><\/p>\n","protected":false},"excerpt":{"rendered":"<div class=\"mh-excerpt\"><p>A cura di Simona Luchini Una fotografa curiosa decide di incontrare artisti emergenti e talentuosi cui porre 10 domande per conoscere meglio ogni volta una <a class=\"mh-excerpt-more\" href=\"https:\/\/www.piuomenopop.it\/index.php\/2018\/03\/29\/piuomenointerviste-un-microfono-sulle-novita-lalbero-del-veleno\/\" title=\"#piuomenointerviste: un &#8220;microfono&#8221; per le novit\u00e0 &#8211; L&#8217;ALBERO DEL VELENO\">[&#8230;]<\/a><\/p>\n<\/div>","protected":false},"author":1,"featured_media":29035,"comment_status":"closed","ping_status":"closed","sticky":false,"template":"","format":"standard","meta":{"sfsi_plus_gutenberg_text_before_share":"","sfsi_plus_gutenberg_show_text_before_share":"","sfsi_plus_gutenberg_icon_type":"","sfsi_plus_gutenberg_icon_alignemt":"","sfsi_plus_gutenburg_max_per_row":"","footnotes":"","_links_to":"","_links_to_target":""},"categories":[4993],"tags":[5127,5126,4992,13],"class_list":["post-29034","post","type-post","status-publish","format-standard","has-post-thumbnail","hentry","category-piuomenointerviste","tag-black-widom-records","tag-lalbero-del-veleno","tag-piuomenointerviste","tag-simona-luchini"],"aioseo_notices":[],"_links":{"self":[{"href":"https:\/\/www.piuomenopop.it\/index.php\/wp-json\/wp\/v2\/posts\/29034","targetHints":{"allow":["GET"]}}],"collection":[{"href":"https:\/\/www.piuomenopop.it\/index.php\/wp-json\/wp\/v2\/posts"}],"about":[{"href":"https:\/\/www.piuomenopop.it\/index.php\/wp-json\/wp\/v2\/types\/post"}],"author":[{"embeddable":true,"href":"https:\/\/www.piuomenopop.it\/index.php\/wp-json\/wp\/v2\/users\/1"}],"replies":[{"embeddable":true,"href":"https:\/\/www.piuomenopop.it\/index.php\/wp-json\/wp\/v2\/comments?post=29034"}],"version-history":[{"count":2,"href":"https:\/\/www.piuomenopop.it\/index.php\/wp-json\/wp\/v2\/posts\/29034\/revisions"}],"predecessor-version":[{"id":29037,"href":"https:\/\/www.piuomenopop.it\/index.php\/wp-json\/wp\/v2\/posts\/29034\/revisions\/29037"}],"wp:featuredmedia":[{"embeddable":true,"href":"https:\/\/www.piuomenopop.it\/index.php\/wp-json\/wp\/v2\/media\/29035"}],"wp:attachment":[{"href":"https:\/\/www.piuomenopop.it\/index.php\/wp-json\/wp\/v2\/media?parent=29034"}],"wp:term":[{"taxonomy":"category","embeddable":true,"href":"https:\/\/www.piuomenopop.it\/index.php\/wp-json\/wp\/v2\/categories?post=29034"},{"taxonomy":"post_tag","embeddable":true,"href":"https:\/\/www.piuomenopop.it\/index.php\/wp-json\/wp\/v2\/tags?post=29034"}],"curies":[{"name":"wp","href":"https:\/\/api.w.org\/{rel}","templated":true}]}}