{"id":29038,"date":"2018-01-25T20:00:31","date_gmt":"2018-01-25T19:00:31","guid":{"rendered":"http:\/\/www.piuomenopop.it\/?p=29038"},"modified":"2018-01-13T16:54:57","modified_gmt":"2018-01-13T15:54:57","slug":"piuomenointerviste-un-microfono-per-le-novita-kuf","status":"publish","type":"post","link":"https:\/\/www.piuomenopop.it\/index.php\/2018\/01\/25\/piuomenointerviste-un-microfono-per-le-novita-kuf\/","title":{"rendered":"#piuomenointerviste: un &#8220;microfono&#8221; per le novit\u00e0 &#8211; KUF"},"content":{"rendered":"<p>A cura di <a href=\"https:\/\/www.facebook.com\/simona.luchini\" target=\"_blank\" rel=\"noopener\">Simona Luchini<\/a><\/p>\n<p style=\"text-align: justify;\">Una fotografa curiosa decide di incontrare artisti emergenti e talentuosi cui porre 10 domande per conoscere meglio ogni volta una band diversa: questo \u00e8 <strong>#piuomenointerviste: un &#8220;microfono&#8221; per le novit\u00e0.<\/strong><\/p>\n<p>&nbsp;<\/p>\n<p>I\u00a0 <a href=\"https:\/\/www.facebook.com\/kufff\/\" target=\"_blank\" rel=\"noopener\"><strong>KUF<\/strong><\/a> sono di Ravenna, cantano in italiano perch\u00e8 pensano in italiano e sono: Giacomo Rossi (Batteria), Andrea Gambi (Chitarra), Domenico Di Iorio (Chitarra), Luca Rani (Voce)<\/p>\n<p>&nbsp;<\/p>\n<p><img loading=\"lazy\" decoding=\"async\" class=\"size-full wp-image-29039 aligncenter\" src=\"http:\/\/www.piuomenopop.it\/wp-content\/uploads\/2018\/01\/pigna.jpg\" alt=\"\" width=\"300\" height=\"300\" srcset=\"https:\/\/www.piuomenopop.it\/wp-content\/uploads\/2018\/01\/pigna.jpg 300w, https:\/\/www.piuomenopop.it\/wp-content\/uploads\/2018\/01\/pigna-150x150.jpg 150w, https:\/\/www.piuomenopop.it\/wp-content\/uploads\/2018\/01\/pigna-60x60.jpg 60w\" sizes=\"auto, (max-width: 300px) 100vw, 300px\" \/><\/p>\n<p>&nbsp;<\/p>\n<p><strong>Quando nasce il vostro gruppo e a cosa si deve il suo nome?<\/strong><\/p>\n<p style=\"text-align: justify;\">Il nostro gruppo nasce quando nel 2014, era agosto e probabilmente era parecchio caldo.<br \/>\nTrovargli un nome \u00e8 stata probabilmente una delle cose pi\u00f9 difficili che ci sia mai capitato di affrontare, ma proprio nella vita in generale probabilmente.<br \/>\nQuindi una delle risposte pi\u00f9 plausibili alla domanda &#8220;il vostro gruppo a cosa deve il suo nome?&#8221; \u00e8 che non avevamo voglia di pensarci pi\u00f9.<br \/>\nAbbiamo scoperto che Kuf vuol dire un sacco di cose. Lo abbiamo scoperto dopo averlo scelto. Nessuna di queste cose era quello che avevamo in mente.<br \/>\nSiccome #pi\u00f9omeno non lo sappiamo nemmeno noi siamo aperti alle interpretazioni di chi sta leggendo (lanciamo un bel contest?)<\/p>\n<p><strong>Una parola che caratterizzi ognuna delle tracce del vostro album<\/strong><\/p>\n<p>Cos\u00ec senza spiegare il perch\u00e8?<\/p>\n<p>Agosto: Nostalgia<br \/>\nFin qui tutto bene: Daje<br \/>\nMatite: Donne<br \/>\nTenco e Pasolini: Cattiveria<br \/>\nPer farti pi\u00f9 male: Badabum<br \/>\nMilano non esiste: Solitudine<br \/>\nNeve: Errori<br \/>\nDivani: Poltronesof\u00e0<br \/>\nLa Tempesta: Attesa<br \/>\nNebbia: Ravenna<\/p>\n<p><strong>La canzone che amate di pi\u00f9 del vostro album<\/strong><\/p>\n<p style=\"text-align: justify;\">Che domanda cattiva, tu vuoi pi\u00f9 bene a mamma o pap\u00e0?<br \/>\nForse c&#8217;\u00e8 qualche canzone che possiamo considerare venuta meglio: probabilmente &#8220;Matite&#8221; o &#8220;Tenco e Pasolini&#8221; come dimostra il fatto che le abbiamo scelte per i girare due video.<\/p>\n<p><strong>Come definite la vostra musica e quali sono gli artisti che vi ispirano di pi\u00f9?<\/strong><\/p>\n<p style=\"text-align: justify;\">Di solito non la definiamo perch\u00e8 andiamo sempre a sbattere in delle definizioni nelle quali ci perdiamo e non capiamo pi\u00f9 davvero cosa facciamo.<br \/>\nTipo: Sta cosa che l&#8217;indie sta irropendo sulla scena mainstream italiana diventando mainstream in parte proprio perch\u00e8 indie a noi ci incarta parecchio, lasciamo fare agli altri.<br \/>\nQuando qualcuno ci chiede che musica facciamo noi gli giriamo una canzone e lasciamo fare a lui il lavoro di definizioni&#8230; proviamo a uscirne cos\u00ec anche questa volta dai.<br \/>\nTra gli artisti ispiratori in ordine sparso: i Fast animals and slow kids, Piero Manzoni, Roberto Baggio, De Andr\u00e8, Karch Kiraly, Piero Angela.<\/p>\n<p><strong>Cosa pensate del panorama musicale attuale?<\/strong><\/p>\n<p>Che ci sono meno chitarre e questo un po&#8217; ci dispiace.<\/p>\n<p><strong>Se poteste viaggiare nel tempo dove vorreste andare?<\/strong><\/p>\n<p style=\"text-align: justify;\">Forse da nessuna parte. Magari ogni tanto ci viene nostalgia della vita che facevamo 4-5 anni fa, quando i 30 sembravano non dover arrivare mai, ma evitiamo di cadere nella banalit\u00e0: ci sta bene vivere nel mondo e nell&#8217;era in cui siamo capitati.<\/p>\n<p><strong>Se poteste scegliere di collaborare con un particolare artista internazionale, chi sarebbe e perch\u00e9?<\/strong><\/p>\n<p style=\"text-align: justify;\">Abbiamo fatto questa scelta incosciente di cantare in italiano, per cui non ci siamo mai posti il problema. Ma se proprio dobbiamo fare un nome, visto che ultimamente siamo parecchio soft, facciamo i Rammstein?<\/p>\n<p><strong>Una domanda che faccio sempre agli artisti in promozione: perch\u00e9 una persona dovrebbe ascoltare il vostro disco?<\/strong><\/p>\n<p style=\"text-align: justify;\">Perch\u00e8 dai s\u00ec, voglio dire perch\u00e8 no? Se non lo ascolti e invece poi ti piaceva? eh te lo sei perso.. non \u00e8 bello bello perdere le opportunit\u00e0, alla fine non dura neanche tre quarti d&#8217;ora.<br \/>\nGuarda che lo scarichi gratis su <a href=\"http:\/\/ilsitodeikuf.it\" target=\"_blank\" rel=\"noopener\">ilsitodeikuf.it<\/a><br \/>\nEddai. Cheffai non lo fai?<\/p>\n<p><strong>Quali sono gli obiettivi che vi siete prefissati per il futuro?<\/strong><\/p>\n<p style=\"text-align: justify;\">Suonare, scrivere nuova musica, suonare, continuare a organizzare un calcetto a settimana, innamorarci di un sacco di cose, farcela prendere bene, telefonare un po&#8217; pi\u00f9 spesso a casa, suonare.<\/p>\n<p><strong>Cosa avete in mente per il futuro? Tour, concerti.. dateci tutte le info per potervi seguire!<\/strong><\/p>\n<p>Vedi sopra, o sul sitodeikuf.it, oppure sulle pagine social. Oppure potete telefonare direttamente ad Andrea che sa tutto di solito.<\/p>\n<p>&nbsp;<\/p>\n<p><iframe loading=\"lazy\" title=\"Kuf - Matite\" width=\"500\" height=\"281\" src=\"https:\/\/www.youtube.com\/embed\/W5f-Ee0XWP4?feature=oembed\" frameborder=\"0\" allow=\"accelerometer; autoplay; clipboard-write; encrypted-media; gyroscope; picture-in-picture; web-share\" referrerpolicy=\"strict-origin-when-cross-origin\" allowfullscreen><\/iframe><\/p>\n","protected":false},"excerpt":{"rendered":"<div class=\"mh-excerpt\"><p>A cura di Simona Luchini Una fotografa curiosa decide di incontrare artisti emergenti e talentuosi cui porre 10 domande per conoscere meglio ogni volta una <a class=\"mh-excerpt-more\" href=\"https:\/\/www.piuomenopop.it\/index.php\/2018\/01\/25\/piuomenointerviste-un-microfono-per-le-novita-kuf\/\" title=\"#piuomenointerviste: un &#8220;microfono&#8221; per le novit\u00e0 &#8211; KUF\">[&#8230;]<\/a><\/p>\n<\/div>","protected":false},"author":1,"featured_media":29039,"comment_status":"closed","ping_status":"closed","sticky":false,"template":"","format":"standard","meta":{"sfsi_plus_gutenberg_text_before_share":"","sfsi_plus_gutenberg_show_text_before_share":"","sfsi_plus_gutenberg_icon_type":"","sfsi_plus_gutenberg_icon_alignemt":"","sfsi_plus_gutenburg_max_per_row":"","footnotes":"","_links_to":"","_links_to_target":""},"categories":[4993],"tags":[3031,5128,3627,4992,13],"class_list":["post-29038","post","type-post","status-publish","format-standard","has-post-thumbnail","hentry","category-piuomenointerviste","tag-dischi-bervisti","tag-kuf","tag-ocarina-live","tag-piuomenointerviste","tag-simona-luchini"],"aioseo_notices":[],"_links":{"self":[{"href":"https:\/\/www.piuomenopop.it\/index.php\/wp-json\/wp\/v2\/posts\/29038","targetHints":{"allow":["GET"]}}],"collection":[{"href":"https:\/\/www.piuomenopop.it\/index.php\/wp-json\/wp\/v2\/posts"}],"about":[{"href":"https:\/\/www.piuomenopop.it\/index.php\/wp-json\/wp\/v2\/types\/post"}],"author":[{"embeddable":true,"href":"https:\/\/www.piuomenopop.it\/index.php\/wp-json\/wp\/v2\/users\/1"}],"replies":[{"embeddable":true,"href":"https:\/\/www.piuomenopop.it\/index.php\/wp-json\/wp\/v2\/comments?post=29038"}],"version-history":[{"count":2,"href":"https:\/\/www.piuomenopop.it\/index.php\/wp-json\/wp\/v2\/posts\/29038\/revisions"}],"predecessor-version":[{"id":29041,"href":"https:\/\/www.piuomenopop.it\/index.php\/wp-json\/wp\/v2\/posts\/29038\/revisions\/29041"}],"wp:featuredmedia":[{"embeddable":true,"href":"https:\/\/www.piuomenopop.it\/index.php\/wp-json\/wp\/v2\/media\/29039"}],"wp:attachment":[{"href":"https:\/\/www.piuomenopop.it\/index.php\/wp-json\/wp\/v2\/media?parent=29038"}],"wp:term":[{"taxonomy":"category","embeddable":true,"href":"https:\/\/www.piuomenopop.it\/index.php\/wp-json\/wp\/v2\/categories?post=29038"},{"taxonomy":"post_tag","embeddable":true,"href":"https:\/\/www.piuomenopop.it\/index.php\/wp-json\/wp\/v2\/tags?post=29038"}],"curies":[{"name":"wp","href":"https:\/\/api.w.org\/{rel}","templated":true}]}}