{"id":29356,"date":"2018-01-26T08:35:07","date_gmt":"2018-01-26T07:35:07","guid":{"rendered":"http:\/\/www.piuomenopop.it\/?p=29356"},"modified":"2018-01-24T20:38:31","modified_gmt":"2018-01-24T19:38:31","slug":"fuori-palude-il-nuovo-album-di-zagreb","status":"publish","type":"post","link":"https:\/\/www.piuomenopop.it\/index.php\/2018\/01\/26\/fuori-palude-il-nuovo-album-di-zagreb\/","title":{"rendered":"Fuori &#8220;Palude&#8221;, il nuovo album di ZAGREB"},"content":{"rendered":"<p style=\"text-align: justify;\">Anticipato dal singolo<strong> \u201cNel Buio\u201d<\/strong>, esce in cd ed in digitale il <strong>26 gennaio 2018<\/strong>, il nuovo e secondo album <strong>\u201cPalude\u201d<\/strong> degli <a href=\"http:\/\/www.facebook.com\/zagrebmusicitaly\" target=\"_blank\" rel=\"noopener\"><strong>Zagreb<\/strong><\/a>, distribuito e promosso da <a href=\"http:\/\/www.facebook.com\/alkarecordlabel\" target=\"_blank\" rel=\"noopener\">Alka Record Label<\/a>.<\/p>\n<p><img loading=\"lazy\" decoding=\"async\" class=\"aligncenter wp-image-29357 \" src=\"http:\/\/www.piuomenopop.it\/wp-content\/uploads\/2018\/01\/Zagreb_palude_copertina_.jpg\" alt=\"\" width=\"515\" height=\"515\" srcset=\"https:\/\/www.piuomenopop.it\/wp-content\/uploads\/2018\/01\/Zagreb_palude_copertina_.jpg 600w, https:\/\/www.piuomenopop.it\/wp-content\/uploads\/2018\/01\/Zagreb_palude_copertina_-150x150.jpg 150w, https:\/\/www.piuomenopop.it\/wp-content\/uploads\/2018\/01\/Zagreb_palude_copertina_-300x300.jpg 300w, https:\/\/www.piuomenopop.it\/wp-content\/uploads\/2018\/01\/Zagreb_palude_copertina_-60x60.jpg 60w\" sizes=\"auto, (max-width: 515px) 100vw, 515px\" \/><\/p>\n<p>&nbsp;<\/p>\n<p style=\"text-align: justify;\"><strong>Palude<\/strong> \u00e8 un disco che parla della realt\u00e0 vista senza il filtro degli stereotipi. La realt\u00e0 raccontata in <strong>Palude<\/strong> \u00e8 proposta da angolazioni diverse, a volte inaspettate, giocando su chiaroscuri, su dissonanze melodiche e tematiche con quel gusto grottesco che, mantenendo sempre sullo sfondo l\u2019essenza stessa del disco, lo fanno apparire dalle tonalit\u00e0 a volte <strong>\u201cmainstream\u201d<\/strong> anche grazie alla splendida collaborazione in fase di produzione di Michele Guberti e Federico Viola.<\/p>\n<p style=\"text-align: justify;\"><strong>La Palude<\/strong> \u00e8 una rappresentazione di emozioni e situazioni di vita stagnanti ma al di sotto della superficie racchiude piccoli microcosmi al cui interno si sviluppano enormi drammi della quotidianit\u00e0 che formano, ognuno accanto all\u2019altro, la miseria, la gioia, la disperazione, il fanatismo in un quadro generale di disarmante immobilismo.<\/p>\n<p style=\"text-align: justify;\"><strong>Palude<\/strong> \u00e8 un disco di denuncia nei confronti di una realt\u00e0 che sembra governarsi da sola e che punta a far si che ci sia una costante gara a chi si arrampica pi\u00f9 in alto schiacciando chi sta sotto appiattendo e anestetizzando tutto, impedendo che possano emergere dalla palude, appunto, le idee, le novit\u00e0, le emozioni, in poche parole, la vita reale. Il disco \u00e8 uno schermo acceso su esperienze reali vissute da <a href=\"http:\/\/www.facebook.com\/zagrebmusicitaly\" target=\"_blank\" rel=\"noopener\"><strong>Zagreb<\/strong><\/a> come un assente DeNiro in taxi driver che sputa fuori la sua essenza e le sue frustrazioni di fronte allo specchio della sua \u201ccameretta\u201d.<\/p>\n<p style=\"text-align: justify;\">Palude \u00e8 un disco figlio del primo lavoro di studio, <strong>\u201cFantasmi Ubriachi\u201d<\/strong>, e da esso ne trae importanti insegnamenti che permettono a <a href=\"http:\/\/www.facebook.com\/zagrebmusicitaly\" target=\"_blank\" rel=\"noopener\"><strong>Zagreb<\/strong><\/a> di esplorare altre tematiche in una veste pi\u00f9 matura scrollandosi addosso alcuni clich\u00e8 legati alle esperienze musicali dei componenti della band.<\/p>\n<p style=\"text-align: justify;\">I brani scorrono su inserti di elettronica pensati in fase di creazione dei brani e perfezionati in studio. Grande risalto viene dato alla voce che cavalca con grande intensit\u00e0 un groove di basso e batteria sapientemente ricercato nei mesi di registrazione. In questo disco la voce appare come lo strumento aggiunto grazie all\u2019importante presenza melodica di appoggi e cori nell\u2019ottica di caricare emozionalmente l\u2019ascolto.<\/p>\n<p>&nbsp;<\/p>\n<p>I <a href=\"http:\/\/www.facebook.com\/zagrebmusicitaly\" target=\"_blank\" rel=\"noopener\"><strong>Zagreb<\/strong><\/a> sono:<br \/>\n<strong>Ermanno De Luchi<\/strong>, basso\/cori<br \/>\n<strong>Alessandro Meneghello<\/strong>, chitarra\/synth<br \/>\n<strong>Stefano Bonaldo<\/strong>, batteria<br \/>\n<strong>Alessandro Novello<\/strong>, voce\/chitarra<\/p>\n<p>&nbsp;<\/p>\n<p><iframe loading=\"lazy\" title=\"Nel buio - ZAGREB\" width=\"500\" height=\"281\" src=\"https:\/\/www.youtube.com\/embed\/BVJHnFmTYHQ?feature=oembed\" frameborder=\"0\" allow=\"accelerometer; autoplay; clipboard-write; encrypted-media; gyroscope; picture-in-picture; web-share\" referrerpolicy=\"strict-origin-when-cross-origin\" allowfullscreen><\/iframe><\/p>\n","protected":false},"excerpt":{"rendered":"<div class=\"mh-excerpt\"><p>Anticipato dal singolo \u201cNel Buio\u201d, esce in cd ed in digitale il 26 gennaio 2018, il nuovo e secondo album \u201cPalude\u201d degli Zagreb, distribuito e <a class=\"mh-excerpt-more\" href=\"https:\/\/www.piuomenopop.it\/index.php\/2018\/01\/26\/fuori-palude-il-nuovo-album-di-zagreb\/\" title=\"Fuori &#8220;Palude&#8221;, il nuovo album di ZAGREB\">[&#8230;]<\/a><\/p>\n<\/div>","protected":false},"author":1,"featured_media":29357,"comment_status":"closed","ping_status":"closed","sticky":false,"template":"","format":"standard","meta":{"sfsi_plus_gutenberg_text_before_share":"","sfsi_plus_gutenberg_show_text_before_share":"","sfsi_plus_gutenberg_icon_type":"","sfsi_plus_gutenberg_icon_alignemt":"","sfsi_plus_gutenburg_max_per_row":"","footnotes":"","_links_to":"","_links_to_target":""},"categories":[2344,3,8],"tags":[1261,5196,4390],"class_list":["post-29356","post","type-post","status-publish","format-standard","has-post-thumbnail","hentry","category-indie-rock","category-news","category-uscite","tag-alka-record-label","tag-palude","tag-zagreb"],"aioseo_notices":[],"_links":{"self":[{"href":"https:\/\/www.piuomenopop.it\/index.php\/wp-json\/wp\/v2\/posts\/29356","targetHints":{"allow":["GET"]}}],"collection":[{"href":"https:\/\/www.piuomenopop.it\/index.php\/wp-json\/wp\/v2\/posts"}],"about":[{"href":"https:\/\/www.piuomenopop.it\/index.php\/wp-json\/wp\/v2\/types\/post"}],"author":[{"embeddable":true,"href":"https:\/\/www.piuomenopop.it\/index.php\/wp-json\/wp\/v2\/users\/1"}],"replies":[{"embeddable":true,"href":"https:\/\/www.piuomenopop.it\/index.php\/wp-json\/wp\/v2\/comments?post=29356"}],"version-history":[{"count":1,"href":"https:\/\/www.piuomenopop.it\/index.php\/wp-json\/wp\/v2\/posts\/29356\/revisions"}],"predecessor-version":[{"id":29358,"href":"https:\/\/www.piuomenopop.it\/index.php\/wp-json\/wp\/v2\/posts\/29356\/revisions\/29358"}],"wp:featuredmedia":[{"embeddable":true,"href":"https:\/\/www.piuomenopop.it\/index.php\/wp-json\/wp\/v2\/media\/29357"}],"wp:attachment":[{"href":"https:\/\/www.piuomenopop.it\/index.php\/wp-json\/wp\/v2\/media?parent=29356"}],"wp:term":[{"taxonomy":"category","embeddable":true,"href":"https:\/\/www.piuomenopop.it\/index.php\/wp-json\/wp\/v2\/categories?post=29356"},{"taxonomy":"post_tag","embeddable":true,"href":"https:\/\/www.piuomenopop.it\/index.php\/wp-json\/wp\/v2\/tags?post=29356"}],"curies":[{"name":"wp","href":"https:\/\/api.w.org\/{rel}","templated":true}]}}