{"id":29638,"date":"2018-02-08T20:00:56","date_gmt":"2018-02-08T19:00:56","guid":{"rendered":"http:\/\/www.piuomenopop.it\/?p=29638"},"modified":"2018-02-04T11:44:23","modified_gmt":"2018-02-04T10:44:23","slug":"piuomenointerviste-un-microfono-per-le-novita-kerouac","status":"publish","type":"post","link":"https:\/\/www.piuomenopop.it\/index.php\/2018\/02\/08\/piuomenointerviste-un-microfono-per-le-novita-kerouac\/","title":{"rendered":"#piuomenointerviste: un &#8220;microfono&#8221; per le novit\u00e0 &#8211; KEROUAC"},"content":{"rendered":"<p>A cura di <a href=\"https:\/\/www.facebook.com\/simona.luchini\" target=\"_blank\" rel=\"noopener\">Simona Luchini<\/a><\/p>\n<p>Una fotografa curiosa decide di incontrare artisti emergenti e talentuosi cui porre 10 domande per conoscere meglio ogni volta una band diversa: questo \u00e8 <strong>#piuomenointerviste: un \u201cmicrofono\u201d per le novit\u00e0.<\/strong><\/p>\n<p>&nbsp;<\/p>\n<p style=\"text-align: justify;\">Uscir\u00e0 il 16 febbraio <strong>\u201cOrtiche\u201d<\/strong>, l&#8217;album di debutto di<a href=\"https:\/\/www.facebook.com\/itskerouac\/\" target=\"_blank\" rel=\"noopener\"> Kerouac<\/a>, nome dietro cui si cela il cantautore <strong>Giovanni Zampieri<\/strong>, ventunenne studente di sociologia che raduna qui nove brani scritti lungo un periodo di quattro anni, in parallelo ad una lunga opera di costruzione del proprio sound.<\/p>\n<p>&nbsp;<\/p>\n<figure id=\"attachment_29639\" aria-describedby=\"caption-attachment-29639\" style=\"width: 600px\" class=\"wp-caption aligncenter\"><img loading=\"lazy\" decoding=\"async\" class=\"wp-image-29639 size-full\" src=\"http:\/\/www.piuomenopop.it\/wp-content\/uploads\/2018\/02\/Kerouac_fotoMatteoFranceschi_graficaThomasIuliano.jpg\" alt=\"\" width=\"600\" height=\"400\" srcset=\"https:\/\/www.piuomenopop.it\/wp-content\/uploads\/2018\/02\/Kerouac_fotoMatteoFranceschi_graficaThomasIuliano.jpg 600w, https:\/\/www.piuomenopop.it\/wp-content\/uploads\/2018\/02\/Kerouac_fotoMatteoFranceschi_graficaThomasIuliano-300x200.jpg 300w\" sizes=\"auto, (max-width: 600px) 100vw, 600px\" \/><figcaption id=\"caption-attachment-29639\" class=\"wp-caption-text\">Photo Credits: Matteo Franceschi<br \/> Grafica: Thomas Iuliano<\/figcaption><\/figure>\n<p>&nbsp;<\/p>\n<p><strong>Quando nasce il tuo percorso nella musica e a cosa si deve la scelta del tuo nome?<\/strong><\/p>\n<p style=\"text-align: justify;\">Il mio percorso nella musica nasce quando ho scoperto \u201cAmerican Idiot\u201d dei Green Day. Ero alle elementari, mi sono fatto procurare una batteria ed ho deciso che sarei diventato una rockstar con le bacchette in mano. Poi sono passato alla chitarra elettrica ed al pianoforte ed ho iniziato a scrivere canzoni. Lo scorso anno ne ho portate nove all\u2019Atomic Studio di Andrea Gallo e ne sono uscito con un disco che oscilla tra il cantautorato classico e l\u2019elettronica fatta con suoni presi in prestito dal rap americano. Ho pensato che quello che stava uscendo dal progetto non era pi\u00f9 Giovanni, ma qualcos\u2019altro. Cos\u00ec ho preso il cognome in prestito da uno dei miei scrittori preferiti e l\u2019ho utilizzato come nome per questo progetto. Ho scelto lui perch\u00e9 scriveva di s\u00e9 senza utilizzare, per motivi editoriali, il suo vero nome, che \u00e8 quello che mi sento di fare anch\u2019io quando scrivo: racconto le storie di altri personaggi per tradurre quello che sento e tenerlo alla giusta distanza.<\/p>\n<p>&nbsp;<\/p>\n<p><strong>Una parola che caratterizzi ognuna delle tracce del tuo album<\/strong><\/p>\n<p>Rifugio \u00e8 risoluta.<br \/>\nPer Divise scelgo sognatrice.<br \/>\nGraffiti decisamente cinica.<br \/>\nAngie \u00e8 romantica.<br \/>\nAntartide piuttosto realista.<br \/>\nAlberi definitivamente spensierata.<br \/>\nMaredentro direi rassegnata.<br \/>\nMetropoli \u00e8 disillusa.<br \/>\nInfine, capolinea \u00e8 malinconica.<\/p>\n<p>&nbsp;<\/p>\n<p><strong>La tua canzone che ami di pi\u00f9.<\/strong><\/p>\n<p style=\"text-align: justify;\">Potrei rispondere \u201cquella che devo ancora scrivere\u201d ma sarebbe scorretto, quindi mi limiter\u00f2 a dire Rifugio, perch\u00e9, ora come ora, \u00e8 quella che sento pi\u00f9 vicina a come sto in questo periodo.<\/p>\n<p><strong>Come definisci la tua musica e quali sono gli artisti che ti ispirano di pi\u00f9?<\/strong><\/p>\n<p>La definirei triste in senso buono. Di una tristezza fatta di carne, viva, non di plastica, preconfezionata. Una tristezza che pulsa, in grado di respirare. Gli artisti che mi ispirano di pi\u00f9 in questo momento sono, in generale, tutti i rapper della \u201cnuova scena\u201d italiana, partendo da Salmo per finire a Ghali. Artisticamente parlando credo siano stati in grado di ridefinire un genere, contribuendo alla nascita di nuovi canoni e stili. Non sono vicini a quello che sto facendo con<br \/>\nquesto progetto, ma li considero molto per l\u2019importanza che stanno avendo in questo periodo.<\/p>\n<p>&nbsp;<\/p>\n<p><strong>Cosa pensi del panorama musicale attuale?<\/strong><\/p>\n<p style=\"text-align: justify;\">Penso molte cose. Da un lato sono davvero felice di notare un rinnovamento dal punto di vista stilistico che attraversa tutti i generi in maniera trasversale, portando all\u2019affermazione di nuove forme espressive e di una recuperata centralit\u00e0 dell\u2019elemento del pubblico &#8211; e quindi dei live. Dall\u2019altra parte non nascondo che un po\u2019 sono preoccupato dall\u2019altra faccia della medaglia, quella dell\u2019omologazione di un modello che, poich\u00e9 si vede affermato e di successo, funziona e vende. Spero che nei prossimi mesi non si \u201cappiattisca\u201d tutto.<\/p>\n<p style=\"text-align: justify;\"><strong>Se potessi viaggiare nel tempo dove vorresti andare?<\/strong><\/p>\n<p style=\"text-align: justify;\">Negli anni 90, per andare ad un concerto dei Nirvana.<\/p>\n<p style=\"text-align: justify;\"><strong>Se potessi scegliere di collaborare con un particolare artista internazionale, chi sarebbe e perch\u00e9?<\/strong><\/p>\n<p style=\"text-align: justify;\">Sarei curioso di entrare nello studio di Kendrick Lamar per vedere come lavora. Il suo ultimo disco \u00e8 completo e poliedrico, credo non abbia rivali in questo momento, nel suo genere.<\/p>\n<p style=\"text-align: justify;\"><strong>Una domanda che faccio sempre agli artisti in promozione: perch\u00e9 una persona dovrebbe ascoltare il tuo disco?<\/strong><\/p>\n<p style=\"text-align: justify;\">Per provare a raccontare la sua storia, per capire se i testi e le atmosfere dei brani funzionano, come vorrei, come dei palcoscenici sui quali ognuno pu\u00f2 liberamente scrivere, ed ascoltare, il suo racconto.<\/p>\n<p style=\"text-align: justify;\">Quali sono gli obiettivi che ti sei prefissato per il futuro?<\/p>\n<p style=\"text-align: justify;\">Voglio suonare il pi\u00f9 possibile, in tutti i posti in cui qualcuno ha voglia di ascoltarmi. E vorrei fare un pezzo ballabile. Non meno triste, eh, ma di una tristezza che ci puoi ballare sopra.<\/p>\n<p style=\"text-align: justify;\"><strong>Cosa hai in mente per il futuro? Tour, concerti.. dacci tutte le info per poterti seguire!<\/strong><br \/>\nIl tour ufficiale che accompagner\u00e0 la promozione del disco partir\u00e0 da Marzo, potete seguire gli aggiornamenti sulla mia pagina <a href=\"https:\/\/www.facebook.com\/itskerouac\/\" target=\"_blank\" rel=\"noopener\">Facebook<\/a> e sul mio profilo Instagram. Non vedo l\u2019ora di portare queste canzoni lontano da dove sono state scritte, metterle alla prova e, magari, iniziare gi\u00e0 a scrivere qualcosa di nuovo.<\/p>\n<p>&nbsp;<\/p>\n<p><iframe loading=\"lazy\" title=\"Kerouac - Rifugio\" width=\"500\" height=\"281\" src=\"https:\/\/www.youtube.com\/embed\/HKGl_PvINC0?feature=oembed\" frameborder=\"0\" allow=\"accelerometer; autoplay; clipboard-write; encrypted-media; gyroscope; picture-in-picture; web-share\" referrerpolicy=\"strict-origin-when-cross-origin\" allowfullscreen><\/iframe><\/p>\n","protected":false},"excerpt":{"rendered":"<div class=\"mh-excerpt\"><p>A cura di Simona Luchini Una fotografa curiosa decide di incontrare artisti emergenti e talentuosi cui porre 10 domande per conoscere meglio ogni volta una <a class=\"mh-excerpt-more\" href=\"https:\/\/www.piuomenopop.it\/index.php\/2018\/02\/08\/piuomenointerviste-un-microfono-per-le-novita-kerouac\/\" title=\"#piuomenointerviste: un &#8220;microfono&#8221; per le novit\u00e0 &#8211; KEROUAC\">[&#8230;]<\/a><\/p>\n<\/div>","protected":false},"author":1,"featured_media":29639,"comment_status":"closed","ping_status":"closed","sticky":false,"template":"","format":"standard","meta":{"sfsi_plus_gutenberg_text_before_share":"","sfsi_plus_gutenberg_show_text_before_share":"","sfsi_plus_gutenberg_icon_type":"","sfsi_plus_gutenberg_icon_alignemt":"","sfsi_plus_gutenburg_max_per_row":"","footnotes":"","_links_to":"","_links_to_target":""},"categories":[4993],"tags":[5304,5302,408,3627,5303,4992,13],"class_list":["post-29638","post","type-post","status-publish","format-standard","has-post-thumbnail","hentry","category-piuomenointerviste","tag-granita-records","tag-kerouac","tag-macrame-trame-comunicative","tag-ocarina-live","tag-ortiche","tag-piuomenointerviste","tag-simona-luchini"],"aioseo_notices":[],"_links":{"self":[{"href":"https:\/\/www.piuomenopop.it\/index.php\/wp-json\/wp\/v2\/posts\/29638","targetHints":{"allow":["GET"]}}],"collection":[{"href":"https:\/\/www.piuomenopop.it\/index.php\/wp-json\/wp\/v2\/posts"}],"about":[{"href":"https:\/\/www.piuomenopop.it\/index.php\/wp-json\/wp\/v2\/types\/post"}],"author":[{"embeddable":true,"href":"https:\/\/www.piuomenopop.it\/index.php\/wp-json\/wp\/v2\/users\/1"}],"replies":[{"embeddable":true,"href":"https:\/\/www.piuomenopop.it\/index.php\/wp-json\/wp\/v2\/comments?post=29638"}],"version-history":[{"count":2,"href":"https:\/\/www.piuomenopop.it\/index.php\/wp-json\/wp\/v2\/posts\/29638\/revisions"}],"predecessor-version":[{"id":29641,"href":"https:\/\/www.piuomenopop.it\/index.php\/wp-json\/wp\/v2\/posts\/29638\/revisions\/29641"}],"wp:featuredmedia":[{"embeddable":true,"href":"https:\/\/www.piuomenopop.it\/index.php\/wp-json\/wp\/v2\/media\/29639"}],"wp:attachment":[{"href":"https:\/\/www.piuomenopop.it\/index.php\/wp-json\/wp\/v2\/media?parent=29638"}],"wp:term":[{"taxonomy":"category","embeddable":true,"href":"https:\/\/www.piuomenopop.it\/index.php\/wp-json\/wp\/v2\/categories?post=29638"},{"taxonomy":"post_tag","embeddable":true,"href":"https:\/\/www.piuomenopop.it\/index.php\/wp-json\/wp\/v2\/tags?post=29638"}],"curies":[{"name":"wp","href":"https:\/\/api.w.org\/{rel}","templated":true}]}}