{"id":29767,"date":"2018-02-06T21:07:54","date_gmt":"2018-02-06T20:07:54","guid":{"rendered":"http:\/\/www.piuomenopop.it\/?p=29767"},"modified":"2018-02-06T21:07:54","modified_gmt":"2018-02-06T20:07:54","slug":"piuomenosanremo-2018-intervista-a-davide-simonetta-autore-delle-canzoni-di-annalisa-e-de-le-vibrazioni","status":"publish","type":"post","link":"https:\/\/www.piuomenopop.it\/index.php\/2018\/02\/06\/piuomenosanremo-2018-intervista-a-davide-simonetta-autore-delle-canzoni-di-annalisa-e-de-le-vibrazioni\/","title":{"rendered":"PiuomenoSanremo 2018: intervista a Davide Simonetta, autore delle canzoni di Annalisa e de Le Vibrazioni"},"content":{"rendered":"<p>A cura di<strong><a href=\"https:\/\/www.facebook.com\/luca.bassani?fref=gs&amp;dti=965349026951257&amp;hc_location=group_dialog\" target=\"_blank\" rel=\"noopener\"> Luca Bassani<\/a><\/strong><\/p>\n<p>&nbsp;<\/p>\n<p>Avete presente il rito Sanremese della presentazione della canzone?<br \/>\nAbitualmente, prevede un brevissimo sketch seguito dallo stacco dell&#8217;orchestra che accompagna l&#8217;ingresso dell&#8217;artista, silenzio, titolo, di &#8220;xxx, yyy, zzz&#8221;, dirige l&#8217;orchestra il Maestro Peppe Vessicchio, canta www.<br \/>\n&#8220;xxx, yyy, zzz&#8221; sono gli autori del brano e, oggi ci occupiamo proprio di loro. Cercheremo di scoprire come nasce una canzone e come si arrivi a fare questo tipo di lavoro.<br \/>\nCon noi c&#8217;\u00e8 <a href=\"https:\/\/www.facebook.com\/davide.simonetta.33\" target=\"_blank\" rel=\"noopener\"><strong>Davide Simonetta<\/strong><\/a>: gi\u00e0 autore tra gli altri di brani di <strong>Tiziano Ferro, Dolcenera, Marco Mengoni, Zero Assoluto, Paola Turci, Chiara Galiazzo, Francesco Renga<\/strong>, si \u00e8 occupato delle canzoni di <strong>Annalisa<\/strong> e de <strong>Le Vibrazioni<\/strong> , che saranno presentate nella sezione principale di questo 68\u00b0 Festival di Sanremo.<\/p>\n<p><img loading=\"lazy\" decoding=\"async\" class=\"aligncenter wp-image-29779\" src=\"http:\/\/www.piuomenopop.it\/wp-content\/uploads\/2018\/02\/davide_simonetta.jpg\" alt=\"\" width=\"350\" height=\"350\" srcset=\"https:\/\/www.piuomenopop.it\/wp-content\/uploads\/2018\/02\/davide_simonetta.jpg 960w, https:\/\/www.piuomenopop.it\/wp-content\/uploads\/2018\/02\/davide_simonetta-150x150.jpg 150w, https:\/\/www.piuomenopop.it\/wp-content\/uploads\/2018\/02\/davide_simonetta-300x300.jpg 300w, https:\/\/www.piuomenopop.it\/wp-content\/uploads\/2018\/02\/davide_simonetta-768x768.jpg 768w, https:\/\/www.piuomenopop.it\/wp-content\/uploads\/2018\/02\/davide_simonetta-60x60.jpg 60w\" sizes=\"auto, (max-width: 350px) 100vw, 350px\" \/><\/p>\n<p><strong>Tu sei una di quelle persone che abbiamo seguito e visto crescere nel mondo della musica.<\/strong><br \/>\nDavvero, mi avete seguito in tutte le fasi da cantante ad autore. Mi portate fortuna.<\/p>\n<p>&nbsp;<\/p>\n<p><strong>Il tuo primo cd in assoluto che ascoltai \u00e8 stato quello dei Karnea e poi arrivarono i Caponord. <\/strong><br \/>\n<strong>Anche per te, dal punto di vista stilistico, \u00e8 cambiato molto nel corso degli anni. Immagino che tu abbia variato gli ascolti e forse anche l&#8217;approccio alla musica.<\/strong><br \/>\nBeh, fondamentalmente, la musica si divide tra bella e brutta e, quindi, molte cose che ascoltavo allora ci sono ancora. Ti parlo dei Beatles o altri capisaldi della musica anche se poi, sto ascoltando tantissime cose nuove visto il mestiere che faccio.<\/p>\n<p>&nbsp;<\/p>\n<p><strong>L&#8217;avvicinamento alla parte autorale \u00e8 arrivato anche grazie all&#8217;esperienza coi Caponord che ti ha permesso di entrare in giri nuovi?<\/strong><br \/>\nAssolutamente. Con i <em>Karnea<\/em>, la mia prima band, ero molto giovane (17 anni) e abbiamo suonato tantissimo tra centri sociali, locali, ecc. Mentre con i <em>Caponord<\/em> sono arrivato al mainstream ed ho iniziato a capire come funzionava questa immensa macchina della musica. L\u00ec mi sono inserito.<\/p>\n<p>&nbsp;<\/p>\n<p><strong>Che difficolt\u00e0 hai incontrato nel dover scrivere per altri?<\/strong><br \/>\nIn realt\u00e0, facendo l&#8217;autore ho trovato la mia dimensione ideale. Ho amato cantare ma ho sempre voluto stare dietro le quinte. Non mi piacevano certi meccanismi che il frontman doveva subire: l&#8217;attenzione dei discografici o il continuo confronto con l&#8217;etichetta, sudarsi il palco e cos\u00ec via. Essere un autore ti permette uno stile di vita pi\u00f9 tranquillo. Scrivo canzoni dove racconto ci\u00f2 che vivo ogni giorno o, confrontandomi con gli artisti in prima persona, mi metto in ascolto delle loro storie. Lo faccio tutti i giorni ed \u00e8 un lavoro che mi piace tantissimo.<\/p>\n<p>&nbsp;<\/p>\n<p><strong>Quindi le tue canzoni non nascono solamente da esperienze tue ma vai a scavare negli artisti con i quali ti trovi a collaborare.<\/strong><br \/>\nS\u00ec, questo \u00e8 proprio il mio modo di lavorare. Ad esempio, all&#8217;arrivo di <em>Paola Turci<\/em> o di <em>Nek<\/em> ci siamo bevuti un caff\u00e8 e ci siamo raccontati la nostra vita. Il processo di scrittura inizia gi\u00e0 l\u00ec, ancora prima di mettersi al piano.<\/p>\n<p>&nbsp;<\/p>\n<p><strong>Prima di inziare questa chiacchierata abbiamo ascoltato &#8220;<em>Come neve<\/em>&#8220;, una canzone che brilla nel tuo curruculum. Come nasce la scelta di un brano cos\u00ec lieve e che non sfrutta le grandi doti vocali di Giorgia e Marco Mengoni?<\/strong><br \/>\nQuesta canzone \u00e8 nata fortunata e poi \u00e8 andata ancora meglio. L&#8217;abbiamo scritta io e <em>Tony Maiello<\/em> a Milano, in uno studio fichissimo che si trova proprio di fronte al Duomo. Era primavera ma abbiamo parlato di neve. \u00c8 stata una canzone che \u00e8 piaciuta subito. Giorgia e Marco l&#8217;hanno presa e hanno messo mano alla nostra prima stesura adattandola alle loro voci. Oltretutto, si tratta del primo duetto nella carriera di Marco Mengoni.<\/p>\n<p>&nbsp;<\/p>\n<p><strong>Al Festival di Sanremo 2018 torni come autore di ben due canzoni. Con chi sarai?<\/strong><br \/>\nGuarda \u00e8 un miracolo, sono molto contento. Un pezzo si chiama &#8220;<em>Cos\u00ec sbagliato<\/em>&#8221; e viene presentato da <strong>Le Vibrazioni<\/strong> in una reunion incredibile e poi ho il brano di <strong>Annalisa<\/strong> che si intitola &#8220;<em>Il mondo prima di te<\/em>&#8220;.<\/p>\n<p>&nbsp;<\/p>\n<p><strong>Due vocalit\u00e0 ma anche percorsi piuttosto diversi. Le Vibrazioni arrivano al Festival dopo un&#8217;estate che li ha visti testare dal vivo le sensazioni della band dopo molto tempo. Tu a che punto sei entrato in gioco?<\/strong><br \/>\nLa produzione di alcuni brani del disco l&#8217;ha fatta <em>Luca Chiaravalli<\/em> con il quale lavoro da molti anni. \u00c8 un produttore Italiano molto famoso che ha vinto un sacco di volte Sanremo. L&#8217;anno scorso con &#8220;<em>Occidentali&#8217;s Karma<\/em>&#8221; di Francesco Gabbani, due anni fa con &#8220;<em>Un giorno mi dirai&#8221;<\/em> degli Stadio, tre anni fa \u00e8 arrivato secondo con Nek&#8230; Abbiamo un team di lavoro del quale faccio parte con Chiaravalli e Andrea Bonomo che \u00e8 un autore che stimo oltre ad essere un mio amico fraterno. Abbiamo lavorato direttamente con <em>Francesco Sarcina<\/em> circa cinque mesi fa. Poi il pezzo ha subito diverse stesure, ci abbiamo dedicato davverto tanto tempo perch\u00e8 non \u00e8 detto che le canzoni nascano in un minuto. Possono nascere in un minuto e poi essere sviluppate in tre o quattro mesi. Questa canzone ha richiesto molto lavoro anche sulla produzione.<\/p>\n<p>&nbsp;<\/p>\n<p><strong>Le Vibrazioni sono una band che non ha mai nascosto di amare la musica degli anni &#8217;70. Cosa dobbiamo aspettarci dal brano di Sanremo?<\/strong><br \/>\nSicuramente c&#8217;\u00e8 la loro matrice: sono una band pazzesca dove tutti suonano benissimo. Ha delle sonorit\u00e0 anni &#8217;70 perch\u00e8 \u00e8 una cosa imprescindibile del loro modo di suonare ed \u00e8 un pezzo con un&#8217;attitudine molto rock, forse \u00e8 il pi\u00f9 rock del festival.<\/p>\n<p>&nbsp;<\/p>\n<p><strong>Come avete lavorato invece sulla canzone di Annalisa?<\/strong><br \/>\n\u00c8 nato nel mio studio a Crema. Stavamo facendo una sessione di scrittura per un altro progetto. Eravamo io, <em>Annalisa<\/em> e <em>Alessandro Raina<\/em> degli Amor Fou: un altro autore che mi piace molto, mi piace molto collaborare con autori che arrivano dall&#8217;indie o dal rap perch\u00e8 si crea una miscela strana. Avevamo finito quella scrittura e verso le 8 o 9 di sera mi \u00e8 venuto un riff di piano un po&#8217; oscuro sullo stile di Lana Del Rey. Mi hanno chiesto di rifarlo e, mentre suonavo, Annalisa provava una melodia e c&#8217;era Raina che andava a cercare con il portatile dei sermoni. C&#8217;era questa atmosfera allucinante. L&#8217;abbiamo lasciato decantare due o tre mesi e, quando l&#8217;abbiamo ripresa, c&#8217;era una festivit\u00e0 in ballo. Non siamo usciti di casa per tre giorni senza nemmeno andare a fare la spesa. Tre giorni e tre notti senza interruzioni. Sono sempre insicuro delle mie produzioni ma di questa ero sicuro, sapevo che era speciale.<\/p>\n<p>&nbsp;<\/p>\n<p><strong>C&#8217;\u00e8 quindi una &#8216;nuova&#8217; Annalisa che si presenta con questa canzone?<\/strong><br \/>\n\u00c8 un pezzo pi\u00f9 scuro che parla di rinascita ma che \u00e8 molto incline ai miei ascolti. Faccio riferimento ai mondi dei Depeche Mode o Lana Del Rey. \u00c8 una ballata ma molto &#8220;minore&#8221; pi\u00f9 che &#8220;maggiore&#8221;.<\/p>\n<p>Passerei delle ore ad ascoltare come nascono le canzoni ma \u00e8 arrivato il momento dei saluti. Non ci resta che fare un grandissimo &#8220;in bocca al lupo&#8221; a Davide Simonetta per questo, nuovo, doppio impegno Sanremese.<\/p>\n","protected":false},"excerpt":{"rendered":"<div class=\"mh-excerpt\"><p>A cura di Luca Bassani &nbsp; Avete presente il rito Sanremese della presentazione della canzone? Abitualmente, prevede un brevissimo sketch seguito dallo stacco dell&#8217;orchestra che <a class=\"mh-excerpt-more\" href=\"https:\/\/www.piuomenopop.it\/index.php\/2018\/02\/06\/piuomenosanremo-2018-intervista-a-davide-simonetta-autore-delle-canzoni-di-annalisa-e-de-le-vibrazioni\/\" title=\"PiuomenoSanremo 2018: intervista a Davide Simonetta, autore delle canzoni di Annalisa e de Le Vibrazioni\">[&#8230;]<\/a><\/p>\n<\/div>","protected":false},"author":1,"featured_media":29779,"comment_status":"closed","ping_status":"closed","sticky":false,"template":"","format":"standard","meta":{"sfsi_plus_gutenberg_text_before_share":"","sfsi_plus_gutenberg_show_text_before_share":"","sfsi_plus_gutenberg_icon_type":"","sfsi_plus_gutenberg_icon_alignemt":"","sfsi_plus_gutenburg_max_per_row":"","footnotes":"","_links_to":"","_links_to_target":""},"categories":[4],"tags":[5325,5281,5328,5329,4914,5331,5327,5195,5326,5330],"class_list":["post-29767","post","type-post","status-publish","format-standard","has-post-thumbnail","hentry","category-interviste","tag-68-festival-di-sanremo","tag-annalisa","tag-caponord","tag-davide-simonetta","tag-festival-di-sanremo","tag-francesco-sarcina","tag-karnea","tag-le-vibrazioni","tag-luca-bassani","tag-luca-chiaravalli"],"aioseo_notices":[],"_links":{"self":[{"href":"https:\/\/www.piuomenopop.it\/index.php\/wp-json\/wp\/v2\/posts\/29767","targetHints":{"allow":["GET"]}}],"collection":[{"href":"https:\/\/www.piuomenopop.it\/index.php\/wp-json\/wp\/v2\/posts"}],"about":[{"href":"https:\/\/www.piuomenopop.it\/index.php\/wp-json\/wp\/v2\/types\/post"}],"author":[{"embeddable":true,"href":"https:\/\/www.piuomenopop.it\/index.php\/wp-json\/wp\/v2\/users\/1"}],"replies":[{"embeddable":true,"href":"https:\/\/www.piuomenopop.it\/index.php\/wp-json\/wp\/v2\/comments?post=29767"}],"version-history":[{"count":4,"href":"https:\/\/www.piuomenopop.it\/index.php\/wp-json\/wp\/v2\/posts\/29767\/revisions"}],"predecessor-version":[{"id":29781,"href":"https:\/\/www.piuomenopop.it\/index.php\/wp-json\/wp\/v2\/posts\/29767\/revisions\/29781"}],"wp:featuredmedia":[{"embeddable":true,"href":"https:\/\/www.piuomenopop.it\/index.php\/wp-json\/wp\/v2\/media\/29779"}],"wp:attachment":[{"href":"https:\/\/www.piuomenopop.it\/index.php\/wp-json\/wp\/v2\/media?parent=29767"}],"wp:term":[{"taxonomy":"category","embeddable":true,"href":"https:\/\/www.piuomenopop.it\/index.php\/wp-json\/wp\/v2\/categories?post=29767"},{"taxonomy":"post_tag","embeddable":true,"href":"https:\/\/www.piuomenopop.it\/index.php\/wp-json\/wp\/v2\/tags?post=29767"}],"curies":[{"name":"wp","href":"https:\/\/api.w.org\/{rel}","templated":true}]}}