{"id":29948,"date":"2018-02-11T11:28:05","date_gmt":"2018-02-11T10:28:05","guid":{"rendered":"http:\/\/www.piuomenopop.it\/?p=29948"},"modified":"2018-02-11T11:28:05","modified_gmt":"2018-02-11T10:28:05","slug":"il-nostro-obiettivo-e-quello-di-fare-bene-intervista-ai-la-notte","status":"publish","type":"post","link":"https:\/\/www.piuomenopop.it\/index.php\/2018\/02\/11\/il-nostro-obiettivo-e-quello-di-fare-bene-intervista-ai-la-notte\/","title":{"rendered":"Il nostro obiettivo \u00e8 quello di fare bene: intervista ai La Notte"},"content":{"rendered":"<p>A cura di: <strong><a href=\"https:\/\/www.facebook.com\/renata.rossi.39\" target=\"_blank\" rel=\"noopener\">Renata Rossi<\/a><\/strong><\/p>\n<p>&nbsp;<\/p>\n<figure id=\"attachment_28998\" aria-describedby=\"caption-attachment-28998\" style=\"width: 300px\" class=\"wp-caption aligncenter\"><img loading=\"lazy\" decoding=\"async\" class=\"size-medium wp-image-28998\" src=\"http:\/\/www.piuomenopop.it\/wp-content\/uploads\/2018\/01\/la-notte_cd-cover_-300x300.jpg\" alt=\"\" width=\"300\" height=\"300\" srcset=\"https:\/\/www.piuomenopop.it\/wp-content\/uploads\/2018\/01\/la-notte_cd-cover_-300x300.jpg 300w, https:\/\/www.piuomenopop.it\/wp-content\/uploads\/2018\/01\/la-notte_cd-cover_-150x150.jpg 150w, https:\/\/www.piuomenopop.it\/wp-content\/uploads\/2018\/01\/la-notte_cd-cover_-60x60.jpg 60w, https:\/\/www.piuomenopop.it\/wp-content\/uploads\/2018\/01\/la-notte_cd-cover_.jpg 600w\" sizes=\"auto, (max-width: 300px) 100vw, 300px\" \/><figcaption id=\"caption-attachment-28998\" class=\"wp-caption-text\">Artwork Giulio Noccesi<\/figcaption><\/figure>\n<p>&nbsp;<\/p>\n<p>Avevamo parlato in termini di elogio dei <a href=\"https:\/\/www.facebook.com\/lanotteofficial\/?fref=mentions\" target=\"_blank\" rel=\"noopener\"><strong>La Notte<\/strong><\/a> e del loro secondo album<a href=\"http:\/\/www.piuomenopop.it\/index.php\/2018\/01\/18\/la-notte-una-band-che-vuol-far-bene-e-ci-riesce\/\" target=\"_blank\" rel=\"noopener\"><em> Volevo fare bene<\/em><\/a><strong>, <\/strong>prodotto da <strong>Andrea Marmorini. <\/strong>Ci \u00e8 sembrato oppurtuno rivolgere alla band qualche domanda per conoscerli un po&#8217; meglio e toglierci qualche curiosit\u00e0 riguardo alla loro musica e alla loro esperienza artistica.<\/p>\n<p>&nbsp;<\/p>\n<p>&nbsp;<\/p>\n<p><strong>Salve ragazzi! Come va? Emozionati per l\u2019uscita del nuovo album?<\/strong><br \/>\nEmozionatissimi, ma allo stesso tempo ci stiamo perdendo negli impegni da seguire e non riusciamo a pensarci troppo!<\/p>\n<p>&nbsp;<\/p>\n<p><strong>Come nasce il desiderio di fare musica? A quale band\/ artista vi ispirate maggiormente?<\/strong><br \/>\nPenso che il desiderio di fare musica per noi parta da una nostra emergenza espressiva. Dobbiamo tirare fuori determinate cose che senn\u00f2 non sappiamo come esternare. Poi le ispirazioni dipendono parecchio dai periodi in cui ci ritroviamo; prima ascolti solo <em>Jack White, Queens of the Stone Age e i Beatles,<\/em> poi ti metti ad ascoltare roba come gli <em>Alabama Shakes, King Krule e i Beatles<\/em> e quindi cambia completamente quello che vuoi scrivere. Si capisce che ci piacciono i Beatles?<\/p>\n<p>&nbsp;<\/p>\n<p><strong>Il vostro album di debutto ha accolto i favori di pubblico e critica e vi ha permesso di suonare in giro per l\u2019Italia. Come ha influito questa esperienza sulla vostra musica? Credete sia importante confrontarsi con altre band e altre realt\u00e0?<br \/>\n<\/strong>In generale ogni esperienza ti migliora sempre di pi\u00f9, sia dal punto di vista della scrittura che del registrare un disco. Ogni volta impari qualcosa di nuovo e migliori anche nel fare i concerti e nel suonare. In ogni caso le persone con cui lavoriamo e\/o abbiamo lavorato ci hanno sempre cresciuto a \u201c<em>sali sul palco e spacca il culo a tutti<\/em>\u201d.<\/p>\n<p>&nbsp;<\/p>\n<p><strong><em>\u201cVolevo fare bene\u201d<\/em>, questo il titolo del vostro nuovo disco. Quali sono i vostri intenti, in cosa \u201cVolete far bene\u201d?<\/strong><br \/>\n\u201c<em>Volevo fare bene<\/em>\u201d \u00e8 una specie di scusa universale. Una frase che chiunque di noi ha pensato o ha detto almeno una volta nella vita. Ci piaceva la malinconia che si porta dietro, quella tristezza di aver fatto di tutto ma alla fine non essere riusciti a fare bene. Penso che ognuno se ripensa al proprio passato pu\u00f2 rispecchiarsi in questa frase.<\/p>\n<p>&nbsp;<\/p>\n<p><strong>Qual \u00e8 la canzone dell\u2019album nuovo che preferite?<\/strong><br \/>\nDopo due anni che ci lavoriamo sopra credo sia praticamente impossibile dirlo. Soprattutto ognuno di noi direbbe qualcosa di diverso e soprattutto ogni recensione e ogni persona che ascolta il disco ha un&#8217;opinione diversa sul pezzo preferito. Questa penso sia una cosa molto positiva.<\/p>\n<p>&nbsp;<\/p>\n<p><strong>Internet, il web, credete che l\u2019era informatica sia di aiuto a chi voglia emergere con la propria arte? O il gran numero di proposte rende tutto pi\u00f9 difficile?<\/strong><br \/>\nSicuramente \u00e8 una forza avere il web come arma nel 2018. Possiamo fare cose che anche pochi anni fa erano impossibili e internet ha aiutato molto la diffusione della musica (come allo stesso tempo ne ha ucciso la vendita). In ogni caso tanto rimane sempre uno il fattore che determina se un gruppo pu\u00f2 riuscire o no a fare qualcosa che \u00e8 il talento, e senza il talento purtroppo non si pu\u00f2 fare molto. Perch\u00e9 per fortuna pi\u00f9 o meno per fare qualcosa con la musica l&#8217;importante ancora \u00e8 che sia bella la musica che fai.<\/p>\n<p>&nbsp;<\/p>\n<p><strong>Mi ha colpito la copertina dell\u2019album, davvero d\u2019impatto. Cosa vuole raccontare?<\/strong><br \/>\nLa copertina del disco \u00e8 nata da un concept di <em>Giulio Noccesi<\/em>, nostro grande amico e disegnatore anche della precedente copertina. Vuole un po&#8217; rappresentare tutto il concept del disco, i rapporti umani, attraverso questi personaggi in costume e cuffia. Gulio poi \u00e8 molto bravo a rappresentare alcuni sentimenti, consiglio infatti a tutti di comprare il disco e di fare particolare attenzione al booklet e alla storia che racconta (all&#8217;inizio volevamo addirittura farne un fumetto).<\/p>\n<p>&nbsp;<\/p>\n<p><strong>Qual \u00e8 la canzone\/album che avreste voluto scrivere e suonare voi?<\/strong><br \/>\nRimando ai Beatles e direi tutta la loro discografia. Poi se dobbiamo andare nello specifico per ognuno di noi non \u00e8 semplice: chi direbbe gli Strokes, chi i Led Zeppelin, chi i Modest Mouse o i Pavement oppure gli Animal Collective, i Love. Non \u00e8 semplice metterci d&#8217;accordo.<\/p>\n<p>&nbsp;<\/p>\n<p><strong>\u00c8 da poco iniziato l\u2019anno. Cosa vi ha lasciato di bello quello appena passato e quali sono gli obiettivi da perseguire per quello nuovo?<\/strong><br \/>\nMi sembra scontato rispondere che il nostro obiettivo di quest&#8217;anno \u00e8 fare bene. Ma battute brutte a parte il nostro obiettivo \u00e8 suonare il pi\u00f9 possibile e far sentire questo disco a pi\u00f9 persone possibili e poi vedere che cosa succeder\u00e0. Lo scorso anno ci ha lasciato una bellissima esperienza in studio con <em>Andrea Marmorini, Marco Romanelli e Arturo Magnanensi<\/em> che sono stati (e lo sono ancora) una squadra e una famiglia incredibile.<\/p>\n<p><strong>In bocca al lupo per tutto.<br \/>\n<\/strong>CREPI!<\/p>\n<p>&nbsp;<\/p>\n<p><strong>VOLEVO FARE BENE tour 2018<\/strong><\/p>\n<p>14 Febbraio 2018 <strong>Bologna<\/strong> Artrockmuseum<br \/>\n15 Febbraio 2018 <strong>Carpi (MO)<\/strong> Zazzabar di Miglia<br \/>\n16 Febbraio 2018 <strong>Massa<\/strong> Jack Rabbit<br \/>\n17 Febbraio 2018 <strong>Genova<\/strong> Cane<br \/>\n21 Febbraio 2018 <strong>Savignano (FC)<\/strong> SIDRO CLUB<br \/>\n22 Febbraio 2018 <strong>Monopoli (BA)<\/strong> Dirockato Winter<br \/>\n23 Febbraio 2018 <strong>Pescara <\/strong>Scumm<strong>\/<\/strong> Altre di B<br \/>\n24 Febbraio 2018 <strong>Amelia (TR)<\/strong> PORCELLI TAVERN<br \/>\n2 Marzo 2018 <strong>Santa Maria a Vico (CE)<\/strong> SMAV w\/ Fast Animals and Slow Kids<br \/>\n3 Marzo 2018 <strong>Tivoli (RO)<\/strong> Dissesto Musicale<br \/>\n10 Marzo 2018 <strong>Pistoia<\/strong> H2NO Pistoia<br \/>\n13 Marzo 2018 <strong>Roma<\/strong> Na cosetta<br \/>\n14 Marzo 2018 <strong>Perugia<\/strong> MERCOLED\u00ec ROCK<br \/>\n13 Aprile 2018 <strong>Bologna<\/strong> Estragon Club w\/ The Zen Circus<br \/>\n27 Aprile 2018 <strong>Firenze<\/strong> Obihall Teatro Di Firenze w\/ The Zen Circus<br \/>\n4 Maggio 2018 <strong>Roma<\/strong> Atlantico Live w\/ The Zen Circus<\/p>\n","protected":false},"excerpt":{"rendered":"<div class=\"mh-excerpt\"><p>A cura di: Renata Rossi &nbsp; &nbsp; Avevamo parlato in termini di elogio dei La Notte e del loro secondo album Volevo fare bene, prodotto <a class=\"mh-excerpt-more\" href=\"https:\/\/www.piuomenopop.it\/index.php\/2018\/02\/11\/il-nostro-obiettivo-e-quello-di-fare-bene-intervista-ai-la-notte\/\" title=\"Il nostro obiettivo \u00e8 quello di fare bene: intervista ai La Notte\">[&#8230;]<\/a><\/p>\n<\/div>","protected":false},"author":1,"featured_media":28998,"comment_status":"closed","ping_status":"closed","sticky":false,"template":"","format":"standard","meta":{"sfsi_plus_gutenberg_text_before_share":"","sfsi_plus_gutenberg_show_text_before_share":"","sfsi_plus_gutenberg_icon_type":"","sfsi_plus_gutenberg_icon_alignemt":"","sfsi_plus_gutenburg_max_per_row":"","footnotes":"","_links_to":"","_links_to_target":""},"categories":[5184,4],"tags":[5369,5371,5368,3448,1371,5370],"class_list":["post-29948","post","type-post","status-publish","format-standard","has-post-thumbnail","hentry","category-calendario-concerti","category-interviste","tag-andrea-marmorini","tag-arturo-magnanensi","tag-giulio-noccesi","tag-la-notte","tag-live-tour","tag-marco-romanelli"],"aioseo_notices":[],"_links":{"self":[{"href":"https:\/\/www.piuomenopop.it\/index.php\/wp-json\/wp\/v2\/posts\/29948","targetHints":{"allow":["GET"]}}],"collection":[{"href":"https:\/\/www.piuomenopop.it\/index.php\/wp-json\/wp\/v2\/posts"}],"about":[{"href":"https:\/\/www.piuomenopop.it\/index.php\/wp-json\/wp\/v2\/types\/post"}],"author":[{"embeddable":true,"href":"https:\/\/www.piuomenopop.it\/index.php\/wp-json\/wp\/v2\/users\/1"}],"replies":[{"embeddable":true,"href":"https:\/\/www.piuomenopop.it\/index.php\/wp-json\/wp\/v2\/comments?post=29948"}],"version-history":[{"count":3,"href":"https:\/\/www.piuomenopop.it\/index.php\/wp-json\/wp\/v2\/posts\/29948\/revisions"}],"predecessor-version":[{"id":29951,"href":"https:\/\/www.piuomenopop.it\/index.php\/wp-json\/wp\/v2\/posts\/29948\/revisions\/29951"}],"wp:featuredmedia":[{"embeddable":true,"href":"https:\/\/www.piuomenopop.it\/index.php\/wp-json\/wp\/v2\/media\/28998"}],"wp:attachment":[{"href":"https:\/\/www.piuomenopop.it\/index.php\/wp-json\/wp\/v2\/media?parent=29948"}],"wp:term":[{"taxonomy":"category","embeddable":true,"href":"https:\/\/www.piuomenopop.it\/index.php\/wp-json\/wp\/v2\/categories?post=29948"},{"taxonomy":"post_tag","embeddable":true,"href":"https:\/\/www.piuomenopop.it\/index.php\/wp-json\/wp\/v2\/tags?post=29948"}],"curies":[{"name":"wp","href":"https:\/\/api.w.org\/{rel}","templated":true}]}}