{"id":30338,"date":"2018-03-01T21:24:51","date_gmt":"2018-03-01T20:24:51","guid":{"rendered":"http:\/\/www.piuomenopop.it\/?p=30338"},"modified":"2018-03-01T21:50:38","modified_gmt":"2018-03-01T20:50:38","slug":"la-sorpresa-e-lo-stupore-del-pop-circense-i-fratelli-la-strada-live-palco-cs","status":"publish","type":"post","link":"https:\/\/www.piuomenopop.it\/index.php\/2018\/03\/01\/la-sorpresa-e-lo-stupore-del-pop-circense-i-fratelli-la-strada-live-palco-cs\/","title":{"rendered":"La sorpresa e lo stupore del &#8220;pop circense&#8221;:  I Fratelli La Strada live @Palco (CS)"},"content":{"rendered":"<p>A cura di:<strong> <a href=\"http:\/\/www.piuomenopop.it\/?s=renata+rossi&amp;submit=Search\" target=\"_blank\" rel=\"noopener\">Renata Rossi<\/a><\/strong><\/p>\n<p><img loading=\"lazy\" decoding=\"async\" class=\"aligncenter wp-image-30342\" src=\"http:\/\/www.piuomenopop.it\/wp-content\/uploads\/2018\/03\/fratelli_la_strada.jpg\" alt=\"\" width=\"500\" height=\"315\" srcset=\"https:\/\/www.piuomenopop.it\/wp-content\/uploads\/2018\/03\/fratelli_la_strada.jpg 567w, https:\/\/www.piuomenopop.it\/wp-content\/uploads\/2018\/03\/fratelli_la_strada-300x189.jpg 300w\" sizes=\"auto, (max-width: 500px) 100vw, 500px\" \/><\/p>\n<p>Ogni tanto si sente proprio il bisogno di un po\u2019 di dolcezza, di fiabe, zucchero, balocchi, si desidera tornare, almeno per una serata, bambini. Beh, chi mercoled\u00ec 28 febbraio si trovava al <a href=\"https:\/\/www.facebook.com\/PALCOlivemusic\/\" target=\"_blank\" rel=\"noopener\"><strong>Palco<\/strong><\/a> di Cosenza, per il nuovo appuntamento musicale organizzato da <a href=\"https:\/\/www.facebook.com\/events\/748931688633440\/\" target=\"_blank\" rel=\"noopener\"><strong>More Music<\/strong><\/a>, \u00e8 stato accontentato: il concerto de <a href=\"https:\/\/www.facebook.com\/i-Fratelli-La-Strada-325943947977\/\" target=\"_blank\" rel=\"noopener\"><strong>I Fratelli la Strada<\/strong><\/a>, duo siculo-catalano \u00e8 stato una vera e propria festa, colorata e allegra. <strong>Anna Garcia I Alba e Antonino D\u2019Antoni<\/strong>, scelgono un modo molto personale di approcciarsi alla musica e di far conoscere il loro \u201c<em>pop-circense<\/em>\u201d, in cui protagonisti sono le note di violino e chitarra, ma anche strumenti inusuali e bizzarri miscelati ad altre forme artistiche quali teatro e cabaret. Il loro \u00e8 un racconto fatto di parole ma anche di mimica facciale, di risate buffe interrotte da pianti, espressioni che accompagnano al meglio voci e strumenti. Il loro album, prodotto e distribuito da <strong>Viceversa Records<\/strong>, si chiama \u201c<em>POP (octopus vulgaris)<\/em>\u201d (Pop in catalano significa Polpo), e sembra voler annunciare, gi\u00e0 dal titolo, una rappresentazione del pop, tentacolare e bizzarra capace di mescolare, ancor pi\u00f9 dal vivo, la musica popolare con il folk, i balli da strada e le canzoni d\u2019autore.<\/p>\n<p>Tra un pezzo e l\u2019altro, Antonino racconta la storia del duo: Anna \u00e8 di origine catalana, cresciuta a Andorra, mentre lui nasce a Palermo. I due scelgono di vivere in Sicilia, terra di incroci e incontri, e, il loro passato, \u00e8 fatto di viaggi e spostamenti insieme alla compagnia itinerante olandese \u201cLa nave dei folli\u201d.<\/p>\n<p>La loro musica parla anche di questo, di contaminazione artistica e linguistica, di balli popolari, tradizione tzigana e filastrocche; cos\u00ec, tra pezzi dedicati ad Instambul, o ai Lautari (gruppo di musica folk nato a Catania negli anni ottanta) si arriva ad una rivisitazione di &#8220;<em>I am the Walrus<\/em>&#8221; e a un mash-up in cui Manu Chao incontra gli <span class=\"st\"> Orchestral Manoeuvres in the Dark.<\/span><\/p>\n<p>Il momento pi\u00f9 toccante e intenso \u00e8 per\u00f2 quello del <em>Valzer delle campanelle<\/em> in cui Anna inizia come per incanto a suonare proprio delle campanelle e il pubblico si stropiccia gli occhi per la meraviglia e per un attimo viene trascinato nel mondo dei balocchi. L&#8217;innocenza della voce di Anna e la sua grinta e sapienza nel suonare il violino, accompagnata ad arte dalla chitarra di Antonino non possono lasciare indifferenti e non trascinare in un vortice di allegria e divertimento.<\/p>\n<p>Insomma, mai prendersi troppo sul serio, nemmeno quando si \u00e8 degli ottimi musicisti, questo \u00e8 l&#8217;insegnamento del duo siculo-catalano: nella vita bisogna provare a ritrovare la gioia e la spensieratezza&#8230;proprio come davanti ad uno spettacolo circense!<\/p>\n<p style=\"text-align: center;\"><iframe loading=\"lazy\" src=\"https:\/\/www.youtube.com\/embed\/4MTwWNPxC74\" width=\"560\" height=\"315\" frameborder=\"0\" allowfullscreen=\"allowfullscreen\"><\/iframe><\/p>\n<p style=\"text-align: center;\"><iframe loading=\"lazy\" src=\"https:\/\/www.youtube.com\/embed\/xY5T7LKrtsE\" width=\"560\" height=\"315\" frameborder=\"0\" allowfullscreen=\"allowfullscreen\"><\/iframe><\/p>\n<p style=\"text-align: center;\"><iframe loading=\"lazy\" src=\"https:\/\/www.youtube.com\/embed\/qTMZP3bmHok\" width=\"560\" height=\"315\" frameborder=\"0\" allowfullscreen=\"allowfullscreen\"><\/iframe><\/p>\n<p>&nbsp;<\/p>\n<p>Leggi anche:<br \/>\n<a href=\"http:\/\/www.piuomenopop.it\/index.php\/2018\/02\/05\/oltre-le-gambe-ce-di-piu-leelo-moremusic-mercoledi-31-gennaio-2018\/\" target=\"_blank\" rel=\"noopener\"> Leelo @ More Music<br \/>\n<\/a><a href=\"http:\/\/www.piuomenopop.it\/index.php\/2018\/02\/21\/che-ne-sanno-i-telegiornali-pueblo-di-ascanio-celestini-more-cosenza\/\" target=\"_blank\" rel=\"noopener\">Pueblo di Ascanio Celestini @ More, Cosenza<\/a><\/p>\n<p>&nbsp;<\/p>\n<p><strong>Prossimo appuntamento con More Music:<\/strong><\/p>\n<p><em>13 marzo \u2013 Ian Fisher (USA) opening act Ida Wen\u00f8e (Germania)<\/em><\/p>\n","protected":false},"excerpt":{"rendered":"<div class=\"mh-excerpt\"><p>A cura di: Renata Rossi Ogni tanto si sente proprio il bisogno di un po\u2019 di dolcezza, di fiabe, zucchero, balocchi, si desidera tornare, almeno <a class=\"mh-excerpt-more\" href=\"https:\/\/www.piuomenopop.it\/index.php\/2018\/03\/01\/la-sorpresa-e-lo-stupore-del-pop-circense-i-fratelli-la-strada-live-palco-cs\/\" title=\"La sorpresa e lo stupore del &#8220;pop circense&#8221;:  I Fratelli La Strada live @Palco (CS)\">[&#8230;]<\/a><\/p>\n<\/div>","protected":false},"author":1,"featured_media":30342,"comment_status":"closed","ping_status":"closed","sticky":false,"template":"","format":"standard","meta":{"sfsi_plus_gutenberg_text_before_share":"","sfsi_plus_gutenberg_show_text_before_share":"","sfsi_plus_gutenberg_icon_type":"","sfsi_plus_gutenberg_icon_alignemt":"","sfsi_plus_gutenburg_max_per_row":"","footnotes":"","_links_to":"","_links_to_target":""},"categories":[227,939,5,5081],"tags":[5476,5477,5475,5312,3358,2219,427],"class_list":["post-30338","post","type-post","status-publish","format-standard","has-post-thumbnail","hentry","category-folk","category-pop","category-report","category-teatro","tag-anna-garcia-i-alba","tag-antonino-dantoni","tag-i-fratelli-la-strada","tag-more","tag-palco","tag-renata-rossi","tag-viceversa-records"],"aioseo_notices":[],"_links":{"self":[{"href":"https:\/\/www.piuomenopop.it\/index.php\/wp-json\/wp\/v2\/posts\/30338","targetHints":{"allow":["GET"]}}],"collection":[{"href":"https:\/\/www.piuomenopop.it\/index.php\/wp-json\/wp\/v2\/posts"}],"about":[{"href":"https:\/\/www.piuomenopop.it\/index.php\/wp-json\/wp\/v2\/types\/post"}],"author":[{"embeddable":true,"href":"https:\/\/www.piuomenopop.it\/index.php\/wp-json\/wp\/v2\/users\/1"}],"replies":[{"embeddable":true,"href":"https:\/\/www.piuomenopop.it\/index.php\/wp-json\/wp\/v2\/comments?post=30338"}],"version-history":[{"count":8,"href":"https:\/\/www.piuomenopop.it\/index.php\/wp-json\/wp\/v2\/posts\/30338\/revisions"}],"predecessor-version":[{"id":30356,"href":"https:\/\/www.piuomenopop.it\/index.php\/wp-json\/wp\/v2\/posts\/30338\/revisions\/30356"}],"wp:featuredmedia":[{"embeddable":true,"href":"https:\/\/www.piuomenopop.it\/index.php\/wp-json\/wp\/v2\/media\/30342"}],"wp:attachment":[{"href":"https:\/\/www.piuomenopop.it\/index.php\/wp-json\/wp\/v2\/media?parent=30338"}],"wp:term":[{"taxonomy":"category","embeddable":true,"href":"https:\/\/www.piuomenopop.it\/index.php\/wp-json\/wp\/v2\/categories?post=30338"},{"taxonomy":"post_tag","embeddable":true,"href":"https:\/\/www.piuomenopop.it\/index.php\/wp-json\/wp\/v2\/tags?post=30338"}],"curies":[{"name":"wp","href":"https:\/\/api.w.org\/{rel}","templated":true}]}}