{"id":31667,"date":"2018-04-06T13:58:17","date_gmt":"2018-04-06T11:58:17","guid":{"rendered":"http:\/\/www.piuomenopop.it\/?p=31667"},"modified":"2018-04-06T21:36:38","modified_gmt":"2018-04-06T19:36:38","slug":"la-voce-libera-del-cantastorie-catanese-cesare-basile-live-cosenza","status":"publish","type":"post","link":"https:\/\/www.piuomenopop.it\/index.php\/2018\/04\/06\/la-voce-libera-del-cantastorie-catanese-cesare-basile-live-cosenza\/","title":{"rendered":"La voce libera del cantastorie catanese: Cesare Basile live @ Cosenza"},"content":{"rendered":"<p>Di: <strong><a href=\"http:\/\/www.piuomenopop.it\/?s=renata+rossi&amp;submit=Search\" target=\"_blank\" rel=\"noopener\">Renata Rossi<\/a><\/strong><\/p>\n<p>&nbsp;<\/p>\n<figure id=\"attachment_31687\" aria-describedby=\"caption-attachment-31687\" style=\"width: 451px\" class=\"wp-caption aligncenter\"><img loading=\"lazy\" decoding=\"async\" class=\"wp-image-31687\" src=\"http:\/\/www.piuomenopop.it\/wp-content\/uploads\/2018\/04\/basile.jpg\" alt=\"\" width=\"451\" height=\"600\" srcset=\"https:\/\/www.piuomenopop.it\/wp-content\/uploads\/2018\/04\/basile.jpg 721w, https:\/\/www.piuomenopop.it\/wp-content\/uploads\/2018\/04\/basile-225x300.jpg 225w\" sizes=\"auto, (max-width: 451px) 100vw, 451px\" \/><figcaption id=\"caption-attachment-31687\" class=\"wp-caption-text\">\u00a9 Francesco Tenuta<\/figcaption><\/figure>\n<p>A Cosenza il 3 e il 4 aprile \u00e8 andata in scena una due giorni di musica, due concerti molto pi\u00f9 vicini di quanto un semplice ascolto possa far pensare: <a href=\"http:\/\/www.piuomenopop.it\/?s=volwo&amp;submit=Search\" target=\"_blank\" rel=\"noopener\"><strong>Volwo<\/strong><\/a> e <a href=\"http:\/\/www.piuomenopop.it\/?s=cesare+basile&amp;submit=Search\" target=\"_blank\" rel=\"noopener\"><strong>Cesare Basile<\/strong><\/a>. La loro musica parla di viaggi e spostamenti i cui protagonisti sono i poveri, i vinti, il popolo del sud (la Calabria in Volwo, la Sicilia in Basile). In comune troviamo anche l\u2019utilizzo di parole arcaiche e di espressioni dialettali, una musicalit\u00e0 delle parole tale da diventare linguaggio universale capace di arrivare a tutti, a chi ne sa cogliere la bellezza e la poesia.<\/p>\n<p><strong>Basile<\/strong> sceglie proprio Cosenza per ripartire con il tour in solo e il treno per spostarsi dalla sua Catania, un viaggio che \u00e8 anche omaggio alla lentezza, alla profondit\u00e0 della vita, di quella vita che lui stesso racconta nelle sue canzoni, quando parla di uomini e donne che non hanno voce, di storie lasciate l\u00ec in un angolo finch\u00e9 una voce libera non decide di accoglierle e farle proprie. Il saper cogliere ogni volta le sfumature dell&#8217;esistenza, esprimerle con la sua voce roca, raccontare passione e verit\u00e0, sono tratti distintivi del suo essere uno dei grandi cantastorie della musica italiana.<\/p>\n<p>Ad organizzare il concerto del 4 aprile sul palco dello spazio multifunzionale <a href=\"https:\/\/www.facebook.com\/offenaperture\/?ref=br_rs\" target=\"_blank\" rel=\"noopener\"><strong>OFFEN<\/strong><\/a> \u00e8 stato ancora una volta dopo l\u2019esibizione dell\u2019anno scorso in compagnia dei Caminanti, <a href=\"https:\/\/www.facebook.com\/luigi.marino.7374\" target=\"_blank\" rel=\"noopener\"><strong>Luigi Marino<\/strong><\/a>, talentuoso cantautore cosentino, che ha avuto anche l\u2019onore di aprire il concerto del cantautore catanese.<br \/>\nCon lui sul palco la violoncellista <strong>Alessandra Ciniglia<\/strong>. Il duo porta avanti un progetto musicale e artistico, \u201c<em>I was in Paris with Phoebe<\/em>\u201d, che vede la presenza anche della danzatrice <strong>Noemi Caruso<\/strong> e del videomaker <strong>Francesco Tenuta<\/strong>.<br \/>\nIl breve spazio dato ai due musicisti \u00e8 servito a far conoscere la profondit\u00e0 dei testi e delle musiche di Luigi, che, sebbene visibilmente emozionato, non sfigura davanti a quello che, come spiega lui stesso alla fine dell\u2019esibizione, rappresenta per lui un mentore. Cesare Basile \u00e8 il cantautore che ha dato il coraggio e la giusta ispirazione al musicista cosentino per esprimere al meglio le sue emozioni, i suoi sentimenti, il suo messaggio libero e anarchico.<\/p>\n<p>Tocca dunque al nostro cantastorie, che apre coi brani del suo ultimo lavoro \u201c<em>U fujutu su nesci chi fa<\/em>?\u201d, trascinando il pubblico, assorto come si trovasse davanti al messia, nei racconti che precedono\u00a0 l&#8217;esecuzione dei brani. Cesare parla di magie antiche e di medicina popolare, di pupari siciliani e tradizioni che si tramandano nel tempo. \u201c<em>Tri nuvuli ju visti cumpariri<\/em>\u201d \u00e8 ad esempio ispirata ad un antico scongiuro, nel quale tagliare la coda di un drago pu\u00f2 servire a combattere la sventura, metafora di un uomo che non deve rimanere inerte davanti alla realt\u00e0 perch\u00e9 in un atto profondamente politico pu\u00f2 arrivare a tagliare una tromba d\u2019aria col coltello. \u201c<em>Cinque Palmi<\/em>\u201d parla della scherma di bastone dei pastori di Sicilia mentre \u201c<em>Cola si fici focu\u201d<\/em> punta il dito sulla tragedia di un lavoratore costretto a darsi fuoco per sfuggire ai padroni.<br \/>\nSi va avanti con la splendida &#8220;<em>Canzoni Addinucchiata&#8221;<\/em>, la storia di una donna costretta in ginocchio per tutta la vita, finanche nella tomba, e, tra storie e musica, blues e cantilene, dolore e rinascita, Cesare regala al suo pubblico un pezzo inedito. C\u2019\u00e8 spazio poi per &#8220;<em>Cirasa di Jinnaru&#8221;<\/em> che, come spiega il cantautore, intesa troppo spesso come canzone d\u2019amore, \u00e8 invece un pezzo duro, sull\u2019incapacit\u00e0 di stare accanto a chi soffre.<br \/>\nIn chiusura, un brano splendido ed emozionante, una gemma dedicata all&#8217;amico Luigi Marino, &#8220;<em>Sotto i colpi di mezzi favori<\/em>&#8220;,\u00a0ispirata a una poesia di Danilo Dolci in cui si parla di potere e sottomissione, di rapporti impari tra sfruttatori e sfruttati.<\/p>\n<p>Andiamo via, anche questa volta, con in bocca il sapore dolce-amaro della musica di Cesare Basile, riconciliati con noi stessi, consapevoli che la rabbia e il dolore che abbiamo dentro appartengono anche a tanti altri.<\/p>\n<p>&nbsp;<\/p>\n<p><strong>Tour dates<\/strong><\/p>\n<p><em>7 aprile \u2013 Genazzano \u2013 Saltatempo Ass. Culturale<\/em><br \/>\n<em>8 aprile \u2013 San Ginesio \u2013 Teatro Leopardi San Ginesio<\/em><br \/>\n<em>10 aprile \u2013 Roma \u2013 Na cosetta<\/em><br \/>\n<em>11 aprile &#8211; Bologna &#8211; Baumhaus 25\/2<\/em><br \/>\n<em>13 aprile &#8211; Caramanico Terme &#8211; Cantina Majella<\/em><br \/>\n<em>14 aprile \u2013 Verona \u2013 Cohen Verona<\/em><br \/>\n<em>18 aprile \u2013 Padova \u2013 Sherwood Open Live<\/em><br \/>\n<em>19 aprile \u2013 Torino \u2013 BLAH BLAH<\/em><br \/>\n<em>20 aprile \u2013 Asti \u2013 Diavolo Rosso<\/em><\/p>\n<p>&nbsp;<\/p>\n<p style=\"text-align: center;\"><iframe loading=\"lazy\" style=\"border: none; overflow: hidden;\" src=\"https:\/\/www.facebook.com\/plugins\/video.php?href=https%3A%2F%2Fwww.facebook.com%2Fpiuomenopop%2Fvideos%2F1102998166506349%2F&amp;show_text=0&amp;width=267\" width=\"267\" height=\"476\" frameborder=\"0\" scrolling=\"no\" allowfullscreen=\"allowfullscreen\"><\/iframe><\/p>\n<p style=\"text-align: left;\"><a href=\"http:\/\/www.piuomenopop.it\/?s=cesare+basile&amp;submit=Search\" target=\"_blank\" rel=\"noopener\">I nostri articoli su Cesare Basile<\/a><\/p>\n","protected":false},"excerpt":{"rendered":"<div class=\"mh-excerpt\"><p>Di: Renata Rossi &nbsp; A Cosenza il 3 e il 4 aprile \u00e8 andata in scena una due giorni di musica, due concerti molto pi\u00f9 <a class=\"mh-excerpt-more\" href=\"https:\/\/www.piuomenopop.it\/index.php\/2018\/04\/06\/la-voce-libera-del-cantastorie-catanese-cesare-basile-live-cosenza\/\" title=\"La voce libera del cantastorie catanese: Cesare Basile live @ Cosenza\">[&#8230;]<\/a><\/p>\n<\/div>","protected":false},"author":1,"featured_media":19291,"comment_status":"closed","ping_status":"closed","sticky":false,"template":"","format":"standard","meta":{"sfsi_plus_gutenberg_text_before_share":"","sfsi_plus_gutenberg_show_text_before_share":"","sfsi_plus_gutenberg_icon_type":"","sfsi_plus_gutenberg_icon_alignemt":"","sfsi_plus_gutenburg_max_per_row":"","footnotes":"","_links_to":"","_links_to_target":""},"categories":[239,2399,227,5,457],"tags":[5692,1398,5694,3120,5693,5250,2219,992,1306],"class_list":["post-31667","post","type-post","status-publish","format-standard","has-post-thumbnail","hentry","category-blues","category-cantautorato","category-folk","category-report","category-rock","tag-alessandra-ciniglia","tag-cesare-basile","tag-francesco-tenuta","tag-luigi-marino","tag-noemi-caruso","tag-offen","tag-renata-rossi","tag-tour-dates","tag-volwo"],"aioseo_notices":[],"_links":{"self":[{"href":"https:\/\/www.piuomenopop.it\/index.php\/wp-json\/wp\/v2\/posts\/31667","targetHints":{"allow":["GET"]}}],"collection":[{"href":"https:\/\/www.piuomenopop.it\/index.php\/wp-json\/wp\/v2\/posts"}],"about":[{"href":"https:\/\/www.piuomenopop.it\/index.php\/wp-json\/wp\/v2\/types\/post"}],"author":[{"embeddable":true,"href":"https:\/\/www.piuomenopop.it\/index.php\/wp-json\/wp\/v2\/users\/1"}],"replies":[{"embeddable":true,"href":"https:\/\/www.piuomenopop.it\/index.php\/wp-json\/wp\/v2\/comments?post=31667"}],"version-history":[{"count":11,"href":"https:\/\/www.piuomenopop.it\/index.php\/wp-json\/wp\/v2\/posts\/31667\/revisions"}],"predecessor-version":[{"id":31776,"href":"https:\/\/www.piuomenopop.it\/index.php\/wp-json\/wp\/v2\/posts\/31667\/revisions\/31776"}],"wp:featuredmedia":[{"embeddable":true,"href":"https:\/\/www.piuomenopop.it\/index.php\/wp-json\/wp\/v2\/media\/19291"}],"wp:attachment":[{"href":"https:\/\/www.piuomenopop.it\/index.php\/wp-json\/wp\/v2\/media?parent=31667"}],"wp:term":[{"taxonomy":"category","embeddable":true,"href":"https:\/\/www.piuomenopop.it\/index.php\/wp-json\/wp\/v2\/categories?post=31667"},{"taxonomy":"post_tag","embeddable":true,"href":"https:\/\/www.piuomenopop.it\/index.php\/wp-json\/wp\/v2\/tags?post=31667"}],"curies":[{"name":"wp","href":"https:\/\/api.w.org\/{rel}","templated":true}]}}