{"id":32946,"date":"2018-05-10T22:20:54","date_gmt":"2018-05-10T20:20:54","guid":{"rendered":"http:\/\/www.piuomenopop.it\/?p=32946"},"modified":"2018-05-10T22:42:36","modified_gmt":"2018-05-10T20:42:36","slug":"gli-zen-circus-risvegliano-lanima-rock-di-roma-anche-se-alla-fine-lanima-non-conta","status":"publish","type":"post","link":"https:\/\/www.piuomenopop.it\/index.php\/2018\/05\/10\/gli-zen-circus-risvegliano-lanima-rock-di-roma-anche-se-alla-fine-lanima-non-conta\/","title":{"rendered":"Gli Zen Circus risvegliano l&#8217;anima rock di Roma (anche se, alla fine, l&#8217;anima non conta)"},"content":{"rendered":"<p>Parole a cura di <a href=\"https:\/\/www.facebook.com\/lperotta?lst=100007011706788%3A1206568581%3A1525596020\" target=\"_blank\" rel=\"noopener\"><strong>Lucio Perrotta<\/strong><\/a><\/p>\n<figure id=\"attachment_32933\" aria-describedby=\"caption-attachment-32933\" style=\"width: 800px\" class=\"wp-caption aligncenter\"><img loading=\"lazy\" decoding=\"async\" class=\"wp-image-32933\" src=\"http:\/\/www.piuomenopop.it\/wp-content\/uploads\/2018\/05\/The-Zen-Circus_Atlantico_Roma_04.jpg\" alt=\"\" width=\"800\" height=\"535\" srcset=\"https:\/\/www.piuomenopop.it\/wp-content\/uploads\/2018\/05\/The-Zen-Circus_Atlantico_Roma_04.jpg 1200w, https:\/\/www.piuomenopop.it\/wp-content\/uploads\/2018\/05\/The-Zen-Circus_Atlantico_Roma_04-300x201.jpg 300w, https:\/\/www.piuomenopop.it\/wp-content\/uploads\/2018\/05\/The-Zen-Circus_Atlantico_Roma_04-768x514.jpg 768w, https:\/\/www.piuomenopop.it\/wp-content\/uploads\/2018\/05\/The-Zen-Circus_Atlantico_Roma_04-1024x685.jpg 1024w\" sizes=\"auto, (max-width: 800px) 100vw, 800px\" \/><figcaption id=\"caption-attachment-32933\" class=\"wp-caption-text\">\u00a9 Gloria Imbrogno<\/figcaption><\/figure>\n<p>Se cercate il tormentone dell&#8217;estate, non bussate alla porta degli <a href=\"https:\/\/www.facebook.com\/thezencircus\/\" target=\"_blank\" rel=\"noopener\"><strong>Zen Circus<\/strong><\/a>. Se, invece, volete una canzone che tormenti la vostra giornata, un ricordo e, perch\u00e9 no, un amore, ecco, allora c&#8217;\u00e8 solo l&#8217;imbarazzo della scelta nel ricco men\u00f9 dei provinciali di Pisa. Io e <a href=\"https:\/\/www.facebook.com\/gloriaimbrognoph\/\" target=\"_blank\" rel=\"noopener\">Gloria Imbrogno<\/a>, che li ha <a href=\"http:\/\/www.piuomenopop.it\/index.php\/2018\/05\/06\/i-the-zen-circus-infiammano-latlantico-di-roma\/\" target=\"_blank\" rel=\"noopener\">immortalati con la sua reflex<\/a>, siamo stati all&#8217;ultima tappa del tour di Appino&amp;co. all&#8217;<strong>Atlantico di Roma<\/strong>. E ci dispiace per chi, tra voi, se li \u00e8 persi.<\/p>\n<p>S\u00ec, perch\u00e9 ancora una volta \u00e8 stata una lezione di rock quella andata in scena davanti a i 3-4mila fan della Capitale. Un saliscendi tra i successi dell&#8217;ultimo album (<a href=\"http:\/\/www.piuomenopop.it\/index.php\/2018\/03\/06\/il-ritorno-dei-the-zen-circus-tredici-stanze-infuocate-in-cui-guardarsi-allo-specchio\/\" target=\"_blank\" rel=\"noopener\"><strong><em>Il fuoco in una stanza<\/em><\/strong><\/a>) e i classici, con una costante lunga tutto lo spettacolo di 2 ore e mezza: il rock, quello puro e autentico. E se \u00e8 vero che \u201cl&#8217;anima non conta\u201d, \u00e8 l&#8217;unica cosa che ci portiamo a casa intatta: le gambe sono indolenzite per i continui salti, la voce persa al terzo pezzo, le orecchie frastornate ma ancora vogliose di ascoltare quell&#8217;alchimia che <strong>Appino<\/strong>, <strong>Ufo<\/strong>, Il Maestro<strong> Pellegrini<\/strong> e<strong> Karim<\/strong> creano in studio cos\u00ec come sul palco.<\/p>\n<figure id=\"attachment_32939\" aria-describedby=\"caption-attachment-32939\" style=\"width: 800px\" class=\"wp-caption aligncenter\"><img loading=\"lazy\" decoding=\"async\" class=\"wp-image-32939\" src=\"http:\/\/www.piuomenopop.it\/wp-content\/uploads\/2018\/05\/The-Zen-Circus_Atlantico_Roma_10.jpg\" alt=\"\" width=\"800\" height=\"534\" srcset=\"https:\/\/www.piuomenopop.it\/wp-content\/uploads\/2018\/05\/The-Zen-Circus_Atlantico_Roma_10.jpg 1200w, https:\/\/www.piuomenopop.it\/wp-content\/uploads\/2018\/05\/The-Zen-Circus_Atlantico_Roma_10-300x200.jpg 300w, https:\/\/www.piuomenopop.it\/wp-content\/uploads\/2018\/05\/The-Zen-Circus_Atlantico_Roma_10-768x513.jpg 768w, https:\/\/www.piuomenopop.it\/wp-content\/uploads\/2018\/05\/The-Zen-Circus_Atlantico_Roma_10-1024x684.jpg 1024w\" sizes=\"auto, (max-width: 800px) 100vw, 800px\" \/><figcaption id=\"caption-attachment-32939\" class=\"wp-caption-text\">\u00a9 Gloria Imbrogno<\/figcaption><\/figure>\n<p>Non sono certo una sorpresa, gli Zen. Ma dal vivo confermano quello che nell&#8217;ultimo album (ma anche nel penultimo, <em>La terza guerra mondiale<\/em>), risulta evidente: solo la passione e il piacere di fare ottima musica pu\u00f2 produrre qualcosa di indelebile. E loro, evidentemente, sono degli artigiani del suono.<\/p>\n<p>Se esistesse un TripAdvisor dei concerti, archivierei il tutto cos\u00ec: <strong>\u201cSerata indimenticabile, da rifare\u201d<\/strong>. E gi\u00f9 con cinque stellette. Per cui, lo dico a voi come a me, occhi aperti: gli Zen Circus ritorneranno. E allora non potrete perderveli.<\/p>\n<p>&nbsp;<\/p>\n<p>Leggi <a href=\"http:\/\/www.piuomenopop.it\/?s=the+zen+&amp;submit=Search\" target=\"_blank\" rel=\"noopener\">tutti gli articoli su The Zen Circus<\/a><\/p>\n","protected":false},"excerpt":{"rendered":"<div class=\"mh-excerpt\"><p>Parole a cura di Lucio Perrotta Se cercate il tormentone dell&#8217;estate, non bussate alla porta degli Zen Circus. Se, invece, volete una canzone che tormenti <a class=\"mh-excerpt-more\" href=\"https:\/\/www.piuomenopop.it\/index.php\/2018\/05\/10\/gli-zen-circus-risvegliano-lanima-rock-di-roma-anche-se-alla-fine-lanima-non-conta\/\" title=\"Gli Zen Circus risvegliano l&#8217;anima rock di Roma (anche se, alla fine, l&#8217;anima non conta)\">[&#8230;]<\/a><\/p>\n<\/div>","protected":false},"author":1,"featured_media":32933,"comment_status":"closed","ping_status":"closed","sticky":false,"template":"","format":"standard","meta":{"sfsi_plus_gutenberg_text_before_share":"","sfsi_plus_gutenberg_show_text_before_share":"","sfsi_plus_gutenberg_icon_type":"","sfsi_plus_gutenberg_icon_alignemt":"","sfsi_plus_gutenburg_max_per_row":"","footnotes":"","_links_to":"","_links_to_target":""},"categories":[5,457,82],"tags":[1240,6039,4446,3342,3967,6037,6038,122,1245,2767],"class_list":["post-32946","post","type-post","status-publish","format-standard","has-post-thumbnail","hentry","category-report","category-rock","category-talk-to","tag-appino","tag-atlantico-roma","tag-big-time-roma","tag-gloria-imbrogno","tag-karim","tag-lucio-perrotta","tag-pellegrini","tag-roma","tag-the-zen-circus","tag-udo"],"aioseo_notices":[],"_links":{"self":[{"href":"https:\/\/www.piuomenopop.it\/index.php\/wp-json\/wp\/v2\/posts\/32946","targetHints":{"allow":["GET"]}}],"collection":[{"href":"https:\/\/www.piuomenopop.it\/index.php\/wp-json\/wp\/v2\/posts"}],"about":[{"href":"https:\/\/www.piuomenopop.it\/index.php\/wp-json\/wp\/v2\/types\/post"}],"author":[{"embeddable":true,"href":"https:\/\/www.piuomenopop.it\/index.php\/wp-json\/wp\/v2\/users\/1"}],"replies":[{"embeddable":true,"href":"https:\/\/www.piuomenopop.it\/index.php\/wp-json\/wp\/v2\/comments?post=32946"}],"version-history":[{"count":10,"href":"https:\/\/www.piuomenopop.it\/index.php\/wp-json\/wp\/v2\/posts\/32946\/revisions"}],"predecessor-version":[{"id":33122,"href":"https:\/\/www.piuomenopop.it\/index.php\/wp-json\/wp\/v2\/posts\/32946\/revisions\/33122"}],"wp:featuredmedia":[{"embeddable":true,"href":"https:\/\/www.piuomenopop.it\/index.php\/wp-json\/wp\/v2\/media\/32933"}],"wp:attachment":[{"href":"https:\/\/www.piuomenopop.it\/index.php\/wp-json\/wp\/v2\/media?parent=32946"}],"wp:term":[{"taxonomy":"category","embeddable":true,"href":"https:\/\/www.piuomenopop.it\/index.php\/wp-json\/wp\/v2\/categories?post=32946"},{"taxonomy":"post_tag","embeddable":true,"href":"https:\/\/www.piuomenopop.it\/index.php\/wp-json\/wp\/v2\/tags?post=32946"}],"curies":[{"name":"wp","href":"https:\/\/api.w.org\/{rel}","templated":true}]}}