{"id":33563,"date":"2018-05-27T08:49:37","date_gmt":"2018-05-27T06:49:37","guid":{"rendered":"http:\/\/www.piuomenopop.it\/?p=33563"},"modified":"2018-05-27T08:49:37","modified_gmt":"2018-05-27T06:49:37","slug":"uzeda-30-anni-di-rock","status":"publish","type":"post","link":"https:\/\/www.piuomenopop.it\/index.php\/2018\/05\/27\/uzeda-30-anni-di-rock\/","title":{"rendered":"Uzeda: 30 anni di Rock!"},"content":{"rendered":"<figure id=\"attachment_33636\" aria-describedby=\"caption-attachment-33636\" style=\"width: 700px\" class=\"wp-caption aligncenter\"><img loading=\"lazy\" decoding=\"async\" class=\"wp-image-33636\" src=\"http:\/\/www.piuomenopop.it\/wp-content\/uploads\/2018\/05\/uzeda-Small.jpg\" alt=\"\" width=\"700\" height=\"366\" srcset=\"https:\/\/www.piuomenopop.it\/wp-content\/uploads\/2018\/05\/uzeda-Small.jpg 854w, https:\/\/www.piuomenopop.it\/wp-content\/uploads\/2018\/05\/uzeda-Small-300x157.jpg 300w, https:\/\/www.piuomenopop.it\/wp-content\/uploads\/2018\/05\/uzeda-Small-768x402.jpg 768w\" sizes=\"auto, (max-width: 700px) 100vw, 700px\" \/><figcaption id=\"caption-attachment-33636\" class=\"wp-caption-text\">\u00a9 Jacopo Benassi<\/figcaption><\/figure>\n<p>Gio\u00advan\u00adna Cac\u00adcio\u00adla, Raf\u00adfae\u00adle Gu\u00adli\u00adsa\u00adno, Da\u00advi\u00adde Oli\u00adve\u00adri e Ago\u00adsti\u00adno Ti\u00adlot\u00adta, sono gli <a href=\"https:\/\/www.facebook.com\/Uzeda-49338039575\/\" target=\"_blank\" rel=\"noopener\"><strong>Uzeda<\/strong><\/a>, da trent&#8217;anni a questa parte.<br \/>\nIn un&#8217;epoca fatta di immagine, di social media marketing applicato alla musica come si applica alle merendine, di suoni artificiali e artificiosi, sembra quasi anacronistico poter celebrare il trentennale della band catanese, un gruppo che ha fatto dei suoni taglienti e lancinanti e di un cantato, quello di Giovanna, evocativo e coinvolgente, i propri segni distintivi. Eppure quello che \u00e8 accaduto in questa due giorni di rock all&#8217;<strong>Afrobar<\/strong> di Catania, citt\u00e0 che ha dato loro i natali e il nome (Uzeda \u00e8 una delle porte della citt\u00e0, alla fine di Via Etnea), \u00e8 qualcosa di incredibile: a festeggiare con loro band del calibro degli <strong>Shellac<\/strong> del loro amico <strong>Steve Albini<\/strong>, i <strong>June of 44<\/strong>, che tornano eccezionalmente per un tour di 4 date in Italia, e poi <strong>The Ex, Black Heart Procession, Tapso II, Three Second Kiss, Stash Raiders<\/strong>.<\/p>\n<p>Eppure gli Uzeda sono una band (meravigliosa) che ha pubblicato nell&#8217;arco di un trentennio appena 4 (meravigliosi) dischi, pi\u00f9 due EP,\u00a0 che non fa certo decine di concerti all&#8217;anno ma che pu\u00f2 contare su uno stuolo di devoti, pi\u00f9 che di appasionati, veramente incredibile.<br \/>\n4 capitoli di una storia fatta di noise e poesia che non potete non conoscere&#8230;<\/p>\n<!--nextpage-->\n<p>OUT OF COLOURS &#8211; 1989<\/p>\n<p>Il disco d&#8217;esordio del quintetto catanese (all&#8217;epoca era nella band anche il chitarrista Giovanni Nicosia) viene pubblicato dalla\u00a0 A.V.Arts, etichetta indipendente romana. Seppur ancora lontano dai suoni che caratterizzeranno la band negli anni a venire, Out of colours \u00e8 un disco diretto e coinvolgente, che tutto sembra meno che un disco di rock italiano della fine degli anni 80.<\/p>\n<p>&nbsp;<\/p>\n<p><iframe loading=\"lazy\" src=\"https:\/\/www.youtube.com\/embed\/E6v5aMMna9M\" width=\"560\" height=\"315\" frameborder=\"0\" allowfullscreen=\"allowfullscreen\"><\/iframe><\/p>\n<p><!--nextpage-->WATERS &#8211; 1993<\/p>\n<p>Gli Uzeda incontrano Steve Albini e diventano la band che conosciamo. Uscito a &#8220;soli&#8221; 4 anni di distanza dall&#8217;esordio e nuovamente per A.V. Records, con Waters la band catanese si spinge nei territori che le saranno pi\u00f9 congeniali per tutto il resto della loro carriera: poesia e rumore. Un disco profondamente figlio dei suoi tempi ma destinato a restare indimenticabile<\/p>\n<p>&nbsp;<\/p>\n<p><iframe loading=\"lazy\" src=\"https:\/\/www.youtube.com\/embed\/RgYqonnIjz8\" width=\"560\" height=\"315\" frameborder=\"0\" allowfullscreen=\"allowfullscreen\"><\/iframe><\/p>\n<p><!--nextpage-->DIFFERENT SECTION WIRES &#8211; 1998<\/p>\n<p>Dopo altri 5 anni gli Uzeda si ripresentano al loro pubblico, reclutati dall&#8217;etichetta americana Touch and Go e ancora con la produzione di Steve Albini. DSW \u00e8 un disco incredibile, pieno di rumore e di emozioni, in cui il quartetto catanese d\u00e0 il meglio di se.<\/p>\n<p>&nbsp;<\/p>\n<p><iframe loading=\"lazy\" src=\"https:\/\/www.youtube.com\/embed\/q_v-bhBHLrg\" width=\"560\" height=\"315\" frameborder=\"0\" allowfullscreen=\"allowfullscreen\"><\/iframe><\/p>\n<p><!--nextpage-->STELLA &#8211; 2006<br \/>\nIl disco della maturit\u00e0, non fosse altro perch\u00e8 arriva a vent&#8217;anni dalla nascita della band \u00e8 anche l&#8217;ultimo finora pubblicato dalla band catanese. Sempre pi\u00f9 bravi, sempre pi\u00f9 intensi, sempre pi\u00f9 Uzeda.<\/p>\n<p><iframe loading=\"lazy\" src=\"https:\/\/www.youtube.com\/embed\/zUQHgYdUJwk\" width=\"560\" height=\"315\" frameborder=\"0\" allowfullscreen=\"allowfullscreen\"><\/iframe><\/p>\n","protected":false},"excerpt":{"rendered":"<div class=\"mh-excerpt\"><p>Gio\u00advan\u00adna Cac\u00adcio\u00adla, Raf\u00adfae\u00adle Gu\u00adli\u00adsa\u00adno, Da\u00advi\u00adde Oli\u00adve\u00adri e Ago\u00adsti\u00adno Ti\u00adlot\u00adta, sono gli Uzeda, da trent&#8217;anni a questa parte. In un&#8217;epoca fatta di immagine, di social media <a class=\"mh-excerpt-more\" href=\"https:\/\/www.piuomenopop.it\/index.php\/2018\/05\/27\/uzeda-30-anni-di-rock\/\" title=\"Uzeda: 30 anni di Rock!\">[&#8230;]<\/a><\/p>\n<\/div>","protected":false},"author":1,"featured_media":33636,"comment_status":"closed","ping_status":"closed","sticky":false,"template":"","format":"standard","meta":{"sfsi_plus_gutenberg_text_before_share":"","sfsi_plus_gutenberg_show_text_before_share":"","sfsi_plus_gutenberg_icon_type":"","sfsi_plus_gutenberg_icon_alignemt":"","sfsi_plus_gutenburg_max_per_row":"","footnotes":"","_links_to":"","_links_to_target":""},"categories":[2296,685,3,3511],"tags":[6197,6196,3804,6199,6195,6198,6194],"class_list":["post-33563","post","type-post","status-publish","format-standard","has-post-thumbnail","hentry","category-math-rock","category-noise","category-news","category-playlist","tag-black-heart-procession","tag-june-of-44","tag-shellac","tag-stash-raiders","tag-steve-albini","tag-three-second-kiss","tag-uzeda"],"aioseo_notices":[],"aioseo_head":"\n\t\t<!-- All in One SEO 5.0.1.1 - aioseo.com -->\n\t<meta name=\"description\" content=\"Gio\u00advan\u00adna Cac\u00adcio\u00adla, Raf\u00adfae\u00adle Gu\u00adli\u00adsa\u00adno, Da\u00advi\u00adde Oli\u00adve\u00adri e Ago\u00adsti\u00adno Ti\u00adlot\u00adta, sono gli Uzeda, da trent&#039;anni a questa parte. In un&#039;epoca fatta di immagine, di social media marketing applicato alla musica come si applica alle merendine, di suoni artificiali e artificiosi, sembra quasi anacronistico poter celebrare il trentennale della band catanese, un gruppo che ha fatto dei\" \/>\n\t<meta name=\"robots\" content=\"max-image-preview:large\" \/>\n\t<meta name=\"author\" content=\"Redazione\"\/>\n\t<link rel=\"canonical\" href=\"https:\/\/www.piuomenopop.it\/index.php\/2018\/05\/27\/uzeda-30-anni-di-rock\/\" \/>\n\t<meta name=\"generator\" content=\"All in One SEO (AIOSEO) 5.0.1.1\" \/>\n\t\t<meta property=\"og:locale\" content=\"it_IT\" \/>\n\t\t<meta property=\"og:site_name\" content=\"Piu o Meno POP - uno spazio di condivisione, che si occupa di passioni\" \/>\n\t\t<meta property=\"og:type\" content=\"article\" \/>\n\t\t<meta property=\"og:title\" content=\"Uzeda: 30 anni di Rock! - Piu o Meno POP\" \/>\n\t\t<meta property=\"og:description\" content=\"Gio\u00advan\u00adna Cac\u00adcio\u00adla, Raf\u00adfae\u00adle Gu\u00adli\u00adsa\u00adno, Da\u00advi\u00adde Oli\u00adve\u00adri e Ago\u00adsti\u00adno Ti\u00adlot\u00adta, sono gli Uzeda, da trent&#039;anni a questa parte. In un&#039;epoca fatta di immagine, di social media marketing applicato alla musica come si applica alle merendine, di suoni artificiali e artificiosi, sembra quasi anacronistico poter celebrare il trentennale della band catanese, un gruppo che ha fatto dei\" \/>\n\t\t<meta property=\"og:url\" content=\"https:\/\/www.piuomenopop.it\/index.php\/2018\/05\/27\/uzeda-30-anni-di-rock\/\" \/>\n\t\t<meta property=\"article:published_time\" content=\"2018-05-27T06:49:37+00:00\" \/>\n\t\t<meta property=\"article:modified_time\" content=\"2018-05-27T06:49:37+00:00\" \/>\n\t\t<meta name=\"twitter:card\" content=\"summary\" \/>\n\t\t<meta name=\"twitter:title\" content=\"Uzeda: 30 anni di Rock! - Piu o Meno POP\" \/>\n\t\t<meta name=\"twitter:description\" content=\"Gio\u00advan\u00adna Cac\u00adcio\u00adla, Raf\u00adfae\u00adle Gu\u00adli\u00adsa\u00adno, Da\u00advi\u00adde Oli\u00adve\u00adri e Ago\u00adsti\u00adno Ti\u00adlot\u00adta, sono gli Uzeda, da trent&#039;anni a questa parte. In un&#039;epoca fatta di immagine, di social media marketing applicato alla musica come si applica alle merendine, di suoni artificiali e artificiosi, sembra quasi anacronistico poter celebrare il trentennale della band catanese, un gruppo che ha fatto dei\" \/>\n\t\t<script type=\"application\/ld+json\" class=\"aioseo-schema\">\n\t\t\t{\"@context\":\"https:\\\/\\\/schema.org\",\"@graph\":[{\"@type\":\"BlogPosting\",\"@id\":\"https:\\\/\\\/www.piuomenopop.it\\\/index.php\\\/2018\\\/05\\\/27\\\/uzeda-30-anni-di-rock\\\/#blogposting\",\"name\":\"Uzeda: 30 anni di Rock! - Piu o Meno POP\",\"headline\":\"Uzeda: 30 anni di Rock!\",\"author\":{\"@id\":\"https:\\\/\\\/www.piuomenopop.it\\\/index.php\\\/author\\\/admin\\\/#author\"},\"publisher\":{\"@id\":\"https:\\\/\\\/www.piuomenopop.it\\\/#organization\"},\"image\":{\"@type\":\"ImageObject\",\"url\":\"https:\\\/\\\/www.piuomenopop.it\\\/wp-content\\\/uploads\\\/2018\\\/05\\\/uzeda-Small.jpg\",\"width\":854,\"height\":447,\"caption\":\"\\u00a9 Jacopo Benassi\"},\"datePublished\":\"2018-05-27T08:49:37+02:00\",\"dateModified\":\"2018-05-27T08:49:37+02:00\",\"inLanguage\":\"it-IT\",\"mainEntityOfPage\":{\"@id\":\"https:\\\/\\\/www.piuomenopop.it\\\/index.php\\\/2018\\\/05\\\/27\\\/uzeda-30-anni-di-rock\\\/#webpage\"},\"isPartOf\":{\"@id\":\"https:\\\/\\\/www.piuomenopop.it\\\/index.php\\\/2018\\\/05\\\/27\\\/uzeda-30-anni-di-rock\\\/#webpage\"},\"articleSection\":\"Math Rock, Noise, Notizie, Playlist, Black Heart procession, June of 44, Shellac, Stash raiders, Steve Albini, Three second kiss, Uzeda\"},{\"@type\":\"BreadcrumbList\",\"@id\":\"https:\\\/\\\/www.piuomenopop.it\\\/index.php\\\/2018\\\/05\\\/27\\\/uzeda-30-anni-di-rock\\\/#breadcrumblist\",\"itemListElement\":[{\"@type\":\"ListItem\",\"@id\":\"https:\\\/\\\/www.piuomenopop.it#listItem\",\"position\":1,\"name\":\"Home\",\"item\":\"https:\\\/\\\/www.piuomenopop.it\",\"nextItem\":{\"@type\":\"ListItem\",\"@id\":\"https:\\\/\\\/www.piuomenopop.it\\\/index.php\\\/category\\\/rock\\\/#listItem\",\"name\":\"Rock\"}},{\"@type\":\"ListItem\",\"@id\":\"https:\\\/\\\/www.piuomenopop.it\\\/index.php\\\/category\\\/rock\\\/#listItem\",\"position\":2,\"name\":\"Rock\",\"item\":\"https:\\\/\\\/www.piuomenopop.it\\\/index.php\\\/category\\\/rock\\\/\",\"nextItem\":{\"@type\":\"ListItem\",\"@id\":\"https:\\\/\\\/www.piuomenopop.it\\\/index.php\\\/category\\\/rock\\\/math-rock\\\/#listItem\",\"name\":\"Math Rock\"},\"previousItem\":{\"@type\":\"ListItem\",\"@id\":\"https:\\\/\\\/www.piuomenopop.it#listItem\",\"name\":\"Home\"}},{\"@type\":\"ListItem\",\"@id\":\"https:\\\/\\\/www.piuomenopop.it\\\/index.php\\\/category\\\/rock\\\/math-rock\\\/#listItem\",\"position\":3,\"name\":\"Math Rock\",\"item\":\"https:\\\/\\\/www.piuomenopop.it\\\/index.php\\\/category\\\/rock\\\/math-rock\\\/\",\"nextItem\":{\"@type\":\"ListItem\",\"@id\":\"https:\\\/\\\/www.piuomenopop.it\\\/index.php\\\/2018\\\/05\\\/27\\\/uzeda-30-anni-di-rock\\\/#listItem\",\"name\":\"Uzeda: 30 anni di Rock!\"},\"previousItem\":{\"@type\":\"ListItem\",\"@id\":\"https:\\\/\\\/www.piuomenopop.it\\\/index.php\\\/category\\\/rock\\\/#listItem\",\"name\":\"Rock\"}},{\"@type\":\"ListItem\",\"@id\":\"https:\\\/\\\/www.piuomenopop.it\\\/index.php\\\/2018\\\/05\\\/27\\\/uzeda-30-anni-di-rock\\\/#listItem\",\"position\":4,\"name\":\"Uzeda: 30 anni di Rock!\",\"previousItem\":{\"@type\":\"ListItem\",\"@id\":\"https:\\\/\\\/www.piuomenopop.it\\\/index.php\\\/category\\\/rock\\\/math-rock\\\/#listItem\",\"name\":\"Math Rock\"}}]},{\"@type\":\"Organization\",\"@id\":\"https:\\\/\\\/www.piuomenopop.it\\\/#organization\",\"name\":\"Piu o Meno POP\",\"description\":\"uno spazio di condivisione, che si occupa di passioni\",\"url\":\"https:\\\/\\\/www.piuomenopop.it\\\/\"},{\"@type\":\"Person\",\"@id\":\"https:\\\/\\\/www.piuomenopop.it\\\/index.php\\\/author\\\/admin\\\/#author\",\"url\":\"https:\\\/\\\/www.piuomenopop.it\\\/index.php\\\/author\\\/admin\\\/\",\"name\":\"Redazione\",\"image\":{\"@type\":\"ImageObject\",\"@id\":\"https:\\\/\\\/www.piuomenopop.it\\\/index.php\\\/2018\\\/05\\\/27\\\/uzeda-30-anni-di-rock\\\/#authorImage\",\"url\":\"https:\\\/\\\/www.piuomenopop.it\\\/wp-content\\\/uploads\\\/2016\\\/05\\\/Logo-150x150.jpg\",\"width\":96,\"height\":96,\"caption\":\"Redazione\"}},{\"@type\":\"WebPage\",\"@id\":\"https:\\\/\\\/www.piuomenopop.it\\\/index.php\\\/2018\\\/05\\\/27\\\/uzeda-30-anni-di-rock\\\/#webpage\",\"url\":\"https:\\\/\\\/www.piuomenopop.it\\\/index.php\\\/2018\\\/05\\\/27\\\/uzeda-30-anni-di-rock\\\/\",\"name\":\"Uzeda: 30 anni di Rock! - Piu o Meno POP\",\"description\":\"Gio\\u00advan\\u00adna Cac\\u00adcio\\u00adla, Raf\\u00adfae\\u00adle Gu\\u00adli\\u00adsa\\u00adno, Da\\u00advi\\u00adde Oli\\u00adve\\u00adri e Ago\\u00adsti\\u00adno Ti\\u00adlot\\u00adta, sono gli Uzeda, da trent'anni a questa parte. In un'epoca fatta di immagine, di social media marketing applicato alla musica come si applica alle merendine, di suoni artificiali e artificiosi, sembra quasi anacronistico poter celebrare il trentennale della band catanese, un gruppo che ha fatto dei\",\"inLanguage\":\"it-IT\",\"isPartOf\":{\"@id\":\"https:\\\/\\\/www.piuomenopop.it\\\/#website\"},\"breadcrumb\":{\"@id\":\"https:\\\/\\\/www.piuomenopop.it\\\/index.php\\\/2018\\\/05\\\/27\\\/uzeda-30-anni-di-rock\\\/#breadcrumblist\"},\"author\":{\"@id\":\"https:\\\/\\\/www.piuomenopop.it\\\/index.php\\\/author\\\/admin\\\/#author\"},\"creator\":{\"@id\":\"https:\\\/\\\/www.piuomenopop.it\\\/index.php\\\/author\\\/admin\\\/#author\"},\"image\":{\"@type\":\"ImageObject\",\"url\":\"https:\\\/\\\/www.piuomenopop.it\\\/wp-content\\\/uploads\\\/2018\\\/05\\\/uzeda-Small.jpg\",\"@id\":\"https:\\\/\\\/www.piuomenopop.it\\\/index.php\\\/2018\\\/05\\\/27\\\/uzeda-30-anni-di-rock\\\/#mainImage\",\"width\":854,\"height\":447,\"caption\":\"\\u00a9 Jacopo Benassi\"},\"primaryImageOfPage\":{\"@id\":\"https:\\\/\\\/www.piuomenopop.it\\\/index.php\\\/2018\\\/05\\\/27\\\/uzeda-30-anni-di-rock\\\/#mainImage\"},\"datePublished\":\"2018-05-27T08:49:37+02:00\",\"dateModified\":\"2018-05-27T08:49:37+02:00\"},{\"@type\":\"WebSite\",\"@id\":\"https:\\\/\\\/www.piuomenopop.it\\\/#website\",\"url\":\"https:\\\/\\\/www.piuomenopop.it\\\/\",\"name\":\"Piu o Meno POP\",\"description\":\"uno spazio di condivisione, che si occupa di passioni\",\"inLanguage\":\"it-IT\",\"publisher\":{\"@id\":\"https:\\\/\\\/www.piuomenopop.it\\\/#organization\"}}]}\n\t\t<\/script>\n\t\t<!-- All in One SEO -->\n\n","aioseo_head_json":{"title":"Uzeda: 30 anni di Rock! - Piu o Meno POP","description":"Gio\u00advan\u00adna Cac\u00adcio\u00adla, Raf\u00adfae\u00adle Gu\u00adli\u00adsa\u00adno, Da\u00advi\u00adde Oli\u00adve\u00adri e Ago\u00adsti\u00adno Ti\u00adlot\u00adta, sono gli Uzeda, da trent'anni a questa parte. In un'epoca fatta di immagine, di social media marketing applicato alla musica come si applica alle merendine, di suoni artificiali e artificiosi, sembra quasi anacronistico poter celebrare il trentennale della band catanese, un gruppo che ha fatto dei","canonical_url":"https:\/\/www.piuomenopop.it\/index.php\/2018\/05\/27\/uzeda-30-anni-di-rock\/","robots":"max-image-preview:large","keywords":"","webmasterTools":{"miscellaneous":""},"schema":{"@context":"https:\/\/schema.org","@graph":[{"@type":"BlogPosting","@id":"https:\/\/www.piuomenopop.it\/index.php\/2018\/05\/27\/uzeda-30-anni-di-rock\/#blogposting","name":"Uzeda: 30 anni di Rock! - Piu o Meno POP","headline":"Uzeda: 30 anni di Rock!","author":{"@id":"https:\/\/www.piuomenopop.it\/index.php\/author\/admin\/#author"},"publisher":{"@id":"https:\/\/www.piuomenopop.it\/#organization"},"image":{"@type":"ImageObject","url":"https:\/\/www.piuomenopop.it\/wp-content\/uploads\/2018\/05\/uzeda-Small.jpg","width":854,"height":447,"caption":"\u00a9 Jacopo Benassi"},"datePublished":"2018-05-27T08:49:37+02:00","dateModified":"2018-05-27T08:49:37+02:00","inLanguage":"it-IT","mainEntityOfPage":{"@id":"https:\/\/www.piuomenopop.it\/index.php\/2018\/05\/27\/uzeda-30-anni-di-rock\/#webpage"},"isPartOf":{"@id":"https:\/\/www.piuomenopop.it\/index.php\/2018\/05\/27\/uzeda-30-anni-di-rock\/#webpage"},"articleSection":"Math Rock, Noise, Notizie, Playlist, Black Heart procession, June of 44, Shellac, Stash raiders, Steve Albini, Three second kiss, Uzeda"},{"@type":"BreadcrumbList","@id":"https:\/\/www.piuomenopop.it\/index.php\/2018\/05\/27\/uzeda-30-anni-di-rock\/#breadcrumblist","itemListElement":[{"@type":"ListItem","@id":"https:\/\/www.piuomenopop.it#listItem","position":1,"name":"Home","item":"https:\/\/www.piuomenopop.it","nextItem":{"@type":"ListItem","@id":"https:\/\/www.piuomenopop.it\/index.php\/category\/rock\/#listItem","name":"Rock"}},{"@type":"ListItem","@id":"https:\/\/www.piuomenopop.it\/index.php\/category\/rock\/#listItem","position":2,"name":"Rock","item":"https:\/\/www.piuomenopop.it\/index.php\/category\/rock\/","nextItem":{"@type":"ListItem","@id":"https:\/\/www.piuomenopop.it\/index.php\/category\/rock\/math-rock\/#listItem","name":"Math Rock"},"previousItem":{"@type":"ListItem","@id":"https:\/\/www.piuomenopop.it#listItem","name":"Home"}},{"@type":"ListItem","@id":"https:\/\/www.piuomenopop.it\/index.php\/category\/rock\/math-rock\/#listItem","position":3,"name":"Math Rock","item":"https:\/\/www.piuomenopop.it\/index.php\/category\/rock\/math-rock\/","nextItem":{"@type":"ListItem","@id":"https:\/\/www.piuomenopop.it\/index.php\/2018\/05\/27\/uzeda-30-anni-di-rock\/#listItem","name":"Uzeda: 30 anni di Rock!"},"previousItem":{"@type":"ListItem","@id":"https:\/\/www.piuomenopop.it\/index.php\/category\/rock\/#listItem","name":"Rock"}},{"@type":"ListItem","@id":"https:\/\/www.piuomenopop.it\/index.php\/2018\/05\/27\/uzeda-30-anni-di-rock\/#listItem","position":4,"name":"Uzeda: 30 anni di Rock!","previousItem":{"@type":"ListItem","@id":"https:\/\/www.piuomenopop.it\/index.php\/category\/rock\/math-rock\/#listItem","name":"Math Rock"}}]},{"@type":"Organization","@id":"https:\/\/www.piuomenopop.it\/#organization","name":"Piu o Meno POP","description":"uno spazio di condivisione, che si occupa di passioni","url":"https:\/\/www.piuomenopop.it\/"},{"@type":"Person","@id":"https:\/\/www.piuomenopop.it\/index.php\/author\/admin\/#author","url":"https:\/\/www.piuomenopop.it\/index.php\/author\/admin\/","name":"Redazione","image":{"@type":"ImageObject","@id":"https:\/\/www.piuomenopop.it\/index.php\/2018\/05\/27\/uzeda-30-anni-di-rock\/#authorImage","url":"https:\/\/www.piuomenopop.it\/wp-content\/uploads\/2016\/05\/Logo-150x150.jpg","width":96,"height":96,"caption":"Redazione"}},{"@type":"WebPage","@id":"https:\/\/www.piuomenopop.it\/index.php\/2018\/05\/27\/uzeda-30-anni-di-rock\/#webpage","url":"https:\/\/www.piuomenopop.it\/index.php\/2018\/05\/27\/uzeda-30-anni-di-rock\/","name":"Uzeda: 30 anni di Rock! - Piu o Meno POP","description":"Gio\u00advan\u00adna Cac\u00adcio\u00adla, Raf\u00adfae\u00adle Gu\u00adli\u00adsa\u00adno, Da\u00advi\u00adde Oli\u00adve\u00adri e Ago\u00adsti\u00adno Ti\u00adlot\u00adta, sono gli Uzeda, da trent'anni a questa parte. In un'epoca fatta di immagine, di social media marketing applicato alla musica come si applica alle merendine, di suoni artificiali e artificiosi, sembra quasi anacronistico poter celebrare il trentennale della band catanese, un gruppo che ha fatto dei","inLanguage":"it-IT","isPartOf":{"@id":"https:\/\/www.piuomenopop.it\/#website"},"breadcrumb":{"@id":"https:\/\/www.piuomenopop.it\/index.php\/2018\/05\/27\/uzeda-30-anni-di-rock\/#breadcrumblist"},"author":{"@id":"https:\/\/www.piuomenopop.it\/index.php\/author\/admin\/#author"},"creator":{"@id":"https:\/\/www.piuomenopop.it\/index.php\/author\/admin\/#author"},"image":{"@type":"ImageObject","url":"https:\/\/www.piuomenopop.it\/wp-content\/uploads\/2018\/05\/uzeda-Small.jpg","@id":"https:\/\/www.piuomenopop.it\/index.php\/2018\/05\/27\/uzeda-30-anni-di-rock\/#mainImage","width":854,"height":447,"caption":"\u00a9 Jacopo Benassi"},"primaryImageOfPage":{"@id":"https:\/\/www.piuomenopop.it\/index.php\/2018\/05\/27\/uzeda-30-anni-di-rock\/#mainImage"},"datePublished":"2018-05-27T08:49:37+02:00","dateModified":"2018-05-27T08:49:37+02:00"},{"@type":"WebSite","@id":"https:\/\/www.piuomenopop.it\/#website","url":"https:\/\/www.piuomenopop.it\/","name":"Piu o Meno POP","description":"uno spazio di condivisione, che si occupa di passioni","inLanguage":"it-IT","publisher":{"@id":"https:\/\/www.piuomenopop.it\/#organization"}}]},"og:locale":"it_IT","og:site_name":"Piu o Meno POP - uno spazio di condivisione, che si occupa di passioni","og:type":"article","og:title":"Uzeda: 30 anni di Rock! - Piu o Meno POP","og:description":"Gio\u00advan\u00adna Cac\u00adcio\u00adla, Raf\u00adfae\u00adle Gu\u00adli\u00adsa\u00adno, Da\u00advi\u00adde Oli\u00adve\u00adri e Ago\u00adsti\u00adno Ti\u00adlot\u00adta, sono gli Uzeda, da trent'anni a questa parte. In un'epoca fatta di immagine, di social media marketing applicato alla musica come si applica alle merendine, di suoni artificiali e artificiosi, sembra quasi anacronistico poter celebrare il trentennale della band catanese, un gruppo che ha fatto dei","og:url":"https:\/\/www.piuomenopop.it\/index.php\/2018\/05\/27\/uzeda-30-anni-di-rock\/","article:published_time":"2018-05-27T06:49:37+00:00","article:modified_time":"2018-05-27T06:49:37+00:00","twitter:card":"summary","twitter:title":"Uzeda: 30 anni di Rock! - Piu o Meno POP","twitter:description":"Gio\u00advan\u00adna Cac\u00adcio\u00adla, Raf\u00adfae\u00adle Gu\u00adli\u00adsa\u00adno, Da\u00advi\u00adde Oli\u00adve\u00adri e Ago\u00adsti\u00adno Ti\u00adlot\u00adta, sono gli Uzeda, da trent'anni a questa parte. In un'epoca fatta di immagine, di social media marketing applicato alla musica come si applica alle merendine, di suoni artificiali e artificiosi, sembra quasi anacronistico poter celebrare il trentennale della band catanese, un gruppo che ha fatto dei"},"aioseo_meta_data":{"post_id":"33563","title":null,"description":null,"keywords":null,"keyphrases":null,"primary_term":null,"canonical_url":null,"og_title":null,"og_description":null,"og_object_type":"default","og_image_type":"default","og_image_url":null,"og_image_width":null,"og_image_height":null,"og_image_custom_url":null,"og_image_custom_fields":null,"og_video":null,"og_custom_url":null,"og_article_section":null,"og_article_tags":null,"twitter_use_og":false,"twitter_card":"default","twitter_image_type":"default","twitter_image_url":null,"twitter_image_custom_url":null,"twitter_image_custom_fields":null,"twitter_title":null,"twitter_description":null,"schema":{"blockGraphs":[],"customGraphs":[],"default":{"data":{"Article":[],"Course":[],"Dataset":[],"FAQPage":[],"Movie":[],"Person":[],"Product":[],"ProductReview":[],"Car":[],"Recipe":[],"Service":[],"SoftwareApplication":[],"WebPage":[]},"graphName":"BlogPosting","isEnabled":true},"graphs":[]},"schema_type":"default","schema_type_options":null,"pillar_content":false,"robots_default":true,"robots_noindex":false,"robots_noarchive":false,"robots_nosnippet":false,"robots_nofollow":false,"robots_noimageindex":false,"robots_noodp":false,"robots_notranslate":false,"robots_max_snippet":null,"robots_max_videopreview":null,"robots_max_imagepreview":"large","priority":null,"frequency":null,"local_seo":null,"limit_modified_date":false,"created":"2022-06-22 18:45:12","updated":"2026-06-22 07:53:43","ai":null,"breadcrumb_settings":null,"seo_analyzer_scan_date":null,"focus_keyword":null,"additional_keywords":null,"truseo_locale":null},"aioseo_breadcrumb":"<div class=\"aioseo-breadcrumbs\"><span class=\"aioseo-breadcrumb\">\n\t\t\t<a href=\"https:\/\/www.piuomenopop.it\" title=\"Home\">Home<\/a>\n\t\t<\/span><span class=\"aioseo-breadcrumb-separator\">&raquo;<\/span><span class=\"aioseo-breadcrumb\">\n\t\t\t<a href=\"https:\/\/www.piuomenopop.it\/index.php\/category\/rock\/\" title=\"Rock\">Rock<\/a>\n\t\t<\/span><span class=\"aioseo-breadcrumb-separator\">&raquo;<\/span><span class=\"aioseo-breadcrumb\">\n\t\t\t<a href=\"https:\/\/www.piuomenopop.it\/index.php\/category\/rock\/math-rock\/\" title=\"Math Rock\">Math Rock<\/a>\n\t\t<\/span><span class=\"aioseo-breadcrumb-separator\">&raquo;<\/span><span class=\"aioseo-breadcrumb\">\n\t\t\tUzeda: 30 anni di Rock!\n\t\t<\/span><\/div>","aioseo_breadcrumb_json":[{"label":"Home","link":"https:\/\/www.piuomenopop.it"},{"label":"Rock","link":"https:\/\/www.piuomenopop.it\/index.php\/category\/rock\/"},{"label":"Math Rock","link":"https:\/\/www.piuomenopop.it\/index.php\/category\/rock\/math-rock\/"},{"label":"Uzeda: 30 anni di Rock!","link":"https:\/\/www.piuomenopop.it\/index.php\/2018\/05\/27\/uzeda-30-anni-di-rock\/"}],"_links":{"self":[{"href":"https:\/\/www.piuomenopop.it\/index.php\/wp-json\/wp\/v2\/posts\/33563","targetHints":{"allow":["GET"]}}],"collection":[{"href":"https:\/\/www.piuomenopop.it\/index.php\/wp-json\/wp\/v2\/posts"}],"about":[{"href":"https:\/\/www.piuomenopop.it\/index.php\/wp-json\/wp\/v2\/types\/post"}],"author":[{"embeddable":true,"href":"https:\/\/www.piuomenopop.it\/index.php\/wp-json\/wp\/v2\/users\/1"}],"replies":[{"embeddable":true,"href":"https:\/\/www.piuomenopop.it\/index.php\/wp-json\/wp\/v2\/comments?post=33563"}],"version-history":[{"count":8,"href":"https:\/\/www.piuomenopop.it\/index.php\/wp-json\/wp\/v2\/posts\/33563\/revisions"}],"predecessor-version":[{"id":33641,"href":"https:\/\/www.piuomenopop.it\/index.php\/wp-json\/wp\/v2\/posts\/33563\/revisions\/33641"}],"wp:featuredmedia":[{"embeddable":true,"href":"https:\/\/www.piuomenopop.it\/index.php\/wp-json\/wp\/v2\/media\/33636"}],"wp:attachment":[{"href":"https:\/\/www.piuomenopop.it\/index.php\/wp-json\/wp\/v2\/media?parent=33563"}],"wp:term":[{"taxonomy":"category","embeddable":true,"href":"https:\/\/www.piuomenopop.it\/index.php\/wp-json\/wp\/v2\/categories?post=33563"},{"taxonomy":"post_tag","embeddable":true,"href":"https:\/\/www.piuomenopop.it\/index.php\/wp-json\/wp\/v2\/tags?post=33563"}],"curies":[{"name":"wp","href":"https:\/\/api.w.org\/{rel}","templated":true}]}}