{"id":34133,"date":"2018-06-17T20:10:10","date_gmt":"2018-06-17T18:10:10","guid":{"rendered":"http:\/\/www.piuomenopop.it\/?p=34133"},"modified":"2018-06-17T20:14:03","modified_gmt":"2018-06-17T18:14:03","slug":"bjork-annunciata-la-nuova-data-del-concerto-lunedi-30-luglio-alle-terme-di-caracalla","status":"publish","type":"post","link":"https:\/\/www.piuomenopop.it\/index.php\/2018\/06\/17\/bjork-annunciata-la-nuova-data-del-concerto-lunedi-30-luglio-alle-terme-di-caracalla\/","title":{"rendered":"Bj\u00f6rk, annunciata la nuova data del concerto: luned\u00ec 30 luglio alle Terme di Caracalla"},"content":{"rendered":"<p><img loading=\"lazy\" decoding=\"async\" class=\"size-full wp-image-34135 aligncenter\" src=\"http:\/\/www.piuomenopop.it\/wp-content\/uploads\/2018\/06\/bjork-Small.jpg\" alt=\"\" width=\"847\" height=\"480\" srcset=\"https:\/\/www.piuomenopop.it\/wp-content\/uploads\/2018\/06\/bjork-Small.jpg 847w, https:\/\/www.piuomenopop.it\/wp-content\/uploads\/2018\/06\/bjork-Small-300x170.jpg 300w, https:\/\/www.piuomenopop.it\/wp-content\/uploads\/2018\/06\/bjork-Small-768x435.jpg 768w\" sizes=\"auto, (max-width: 847px) 100vw, 847px\" \/><\/p>\n<p><a href=\"http:\/\/www.justmusicfestival.it\" target=\"_blank\" rel=\"noopener\">Just Music Festival<\/a> e Teatro dell\u2019Opera di Roma sono lieti di poter finalmente comunicare la\u00a0<strong>nuova data del concerto di Bj\u00f6rk, che si terr\u00e0 il prossimo luned\u00ec 30 Luglio a Roma, sempre presso le Terme di Caracalla.<\/strong><\/p>\n<p>Come gi\u00e0 annunciato, i biglietti gi\u00e0 acquistati per la data del 13 Giugno \u2013 annullata a causa del maltempo \u2013 restano validi e potranno essere riutilizzati per la nuova data. Tutti coloro che invece vorranno chiedere il rimborso del biglietto, lo potranno fare \u2013 a seconda del metodo di acquisto effettuato \u2013 presso le biglietterie del Teatro dell\u2019Opera o attraverso il circuito Ticketone (sia online, sia ricevitorie).<\/p>\n<p>&nbsp;<\/p>\n<p>Info biglietti: <a href=\"http:\/\/www.operaroma.it\" target=\"_blank\" rel=\"noopener\">www.operaroma.it<\/a> e <a href=\"http:\/\/www.ticketone.it\" target=\"_blank\" rel=\"noopener\">www.ticketone.it<\/a><\/p>\n<p><b>\u00a0<\/b><\/p>\n<p>&nbsp;<\/p>\n<p>&nbsp;<\/p>\n<p>&nbsp;<\/p>\n","protected":false},"excerpt":{"rendered":"<div class=\"mh-excerpt\"><p>Just Music Festival e Teatro dell\u2019Opera di Roma sono lieti di poter finalmente comunicare la\u00a0nuova data del concerto di Bj\u00f6rk, che si terr\u00e0 il prossimo <a class=\"mh-excerpt-more\" href=\"https:\/\/www.piuomenopop.it\/index.php\/2018\/06\/17\/bjork-annunciata-la-nuova-data-del-concerto-lunedi-30-luglio-alle-terme-di-caracalla\/\" title=\"Bj\u00f6rk, annunciata la nuova data del concerto: luned\u00ec 30 luglio alle Terme di Caracalla\">[&#8230;]<\/a><\/p>\n<\/div>","protected":false},"author":1,"featured_media":34135,"comment_status":"closed","ping_status":"closed","sticky":false,"template":"","format":"standard","meta":{"sfsi_plus_gutenberg_text_before_share":"","sfsi_plus_gutenberg_show_text_before_share":"","sfsi_plus_gutenberg_icon_type":"","sfsi_plus_gutenberg_icon_alignemt":"","sfsi_plus_gutenburg_max_per_row":"","footnotes":"","_links_to":"","_links_to_target":""},"categories":[5184,3],"tags":[1348,4465,6315,122,6316,6317],"class_list":["post-34133","post","type-post","status-publish","format-standard","has-post-thumbnail","hentry","category-calendario-concerti","category-news","tag-bjork","tag-gdg-press","tag-just-music-festival","tag-roma","tag-teatro-dellopera-di-roma","tag-terme-di-caracalla"],"aioseo_notices":[],"_links":{"self":[{"href":"https:\/\/www.piuomenopop.it\/index.php\/wp-json\/wp\/v2\/posts\/34133","targetHints":{"allow":["GET"]}}],"collection":[{"href":"https:\/\/www.piuomenopop.it\/index.php\/wp-json\/wp\/v2\/posts"}],"about":[{"href":"https:\/\/www.piuomenopop.it\/index.php\/wp-json\/wp\/v2\/types\/post"}],"author":[{"embeddable":true,"href":"https:\/\/www.piuomenopop.it\/index.php\/wp-json\/wp\/v2\/users\/1"}],"replies":[{"embeddable":true,"href":"https:\/\/www.piuomenopop.it\/index.php\/wp-json\/wp\/v2\/comments?post=34133"}],"version-history":[{"count":1,"href":"https:\/\/www.piuomenopop.it\/index.php\/wp-json\/wp\/v2\/posts\/34133\/revisions"}],"predecessor-version":[{"id":34136,"href":"https:\/\/www.piuomenopop.it\/index.php\/wp-json\/wp\/v2\/posts\/34133\/revisions\/34136"}],"wp:featuredmedia":[{"embeddable":true,"href":"https:\/\/www.piuomenopop.it\/index.php\/wp-json\/wp\/v2\/media\/34135"}],"wp:attachment":[{"href":"https:\/\/www.piuomenopop.it\/index.php\/wp-json\/wp\/v2\/media?parent=34133"}],"wp:term":[{"taxonomy":"category","embeddable":true,"href":"https:\/\/www.piuomenopop.it\/index.php\/wp-json\/wp\/v2\/categories?post=34133"},{"taxonomy":"post_tag","embeddable":true,"href":"https:\/\/www.piuomenopop.it\/index.php\/wp-json\/wp\/v2\/tags?post=34133"}],"curies":[{"name":"wp","href":"https:\/\/api.w.org\/{rel}","templated":true}]}}