{"id":34150,"date":"2018-06-19T09:39:04","date_gmt":"2018-06-19T07:39:04","guid":{"rendered":"http:\/\/www.piuomenopop.it\/?p=34150"},"modified":"2018-06-19T09:39:04","modified_gmt":"2018-06-19T07:39:04","slug":"brunori-ruggeri-mirkoeilcane-e-molto-altro-a-voci-per-la-liberta-2018","status":"publish","type":"post","link":"https:\/\/www.piuomenopop.it\/index.php\/2018\/06\/19\/brunori-ruggeri-mirkoeilcane-e-molto-altro-a-voci-per-la-liberta-2018\/","title":{"rendered":"BRUNORI, RUGGERI, MIRKOEILCANE E MOLTO ALTRO A VOCI PER LA LIBERT\u00c0 2018"},"content":{"rendered":"<p class=\"m_8806471020852615124western\" align=\"center\"><span style=\"font-family: Times New Roman, serif;\"><span style=\"font-size: large;\"><strong>BRUNORI, RUGGERI, MIRKOEILCANE E MOLTO ALTRO A VOCI PER LA LIBERT\u00c0 2018<\/strong><\/span><\/span><\/p>\n<p class=\"m_8806471020852615124western\" align=\"center\"><span style=\"font-family: Times New Roman, serif;\"><strong><br \/>\n<\/strong><\/span><span style=\"font-family: Times New Roman, serif;\"><em><strong>IL FESTIVAL DI AMNESTY INTERNATIONAL DAL 19 AL 22 LUGLIO A ROSOLINA MARE (RO)<\/strong><\/em><\/span><\/p>\n<p class=\"m_8806471020852615124western\" align=\"left\"><span style=\"font-family: Times New Roman, serif;\">Saranno quattro giorni pieni di musica di qualit\u00e0 e di attenzione ai temi dei diritti umani quelli <\/span><span style=\"font-family: Times New Roman, serif;\"><strong>dal 19 al 22 luglio a Rosolina Mare<\/strong><\/span><span style=\"font-family: Times New Roman, serif;\">, in provincia di Rovigo, con la 21<\/span><sup><span style=\"font-family: Times New Roman, serif;\">a<\/span><\/sup><span style=\"font-family: Times New Roman, serif;\"> edizione di \u201c<\/span><span style=\"font-family: Times New Roman, serif;\"><strong>Voci per la Libert\u00e0 \u2013 Una Canzone per Amnesty<\/strong><\/span><span style=\"font-family: Times New Roman, serif;\">\u201d. <\/span><span style=\"font-family: Times New Roman, serif;\"><strong>Brunori sas<\/strong><\/span><span style=\"font-family: Times New Roman, serif;\">, <\/span><span style=\"font-family: Times New Roman, serif;\"><strong>vincitore del Premio Amnesty Italia<\/strong><\/span><span style=\"font-family: Times New Roman, serif;\">, sezione Big, sar\u00e0 uno dei protagonisti di un programma ricco di eventi, che <\/span><span style=\"font-family: Times New Roman, serif;\">sosterr\u00e0 <\/span><span style=\"font-family: Times New Roman, serif;\">la campagna di Amnesty International \u201cLa solidariet\u00e0 non \u00e8 reato\u201d e <\/span><span style=\"font-family: Times New Roman, serif;\">vedr\u00e0 tra gli <\/span><span style=\"font-family: Times New Roman, serif;\">ospiti <\/span><span style=\"font-family: Times New Roman, serif;\"><strong>Enrico Ruggeri<\/strong><\/span><span style=\"font-family: Times New Roman, serif;\">, <\/span><span style=\"font-family: Times New Roman, serif;\"><strong>Mirkoeilcane<\/strong><\/span><span style=\"font-family: Times New Roman, serif;\"> e la <\/span><span style=\"font-family: Times New Roman, serif;\"><strong>Med Free Orkestra<\/strong><\/span><span style=\"font-family: Times New Roman, serif;\">.<\/span><\/p>\n<p class=\"m_8806471020852615124western\" align=\"left\"><span style=\"font-family: Times New Roman, serif;\">Grandi artisti che si alterneranno sul palco di Piazzale Europa con otto band e cantautori provenienti da tutta Italia, da Bergamo a Pantelleria, da Venezia a Napoli, in concorso per il <\/span><span style=\"font-family: Times New Roman, serif;\"><strong>Premio Amnesty Italia, sezione Emergenti, <\/strong><\/span><span style=\"font-family: Times New Roman, serif;\">dedicato ai migliori brani legati alla Dichiarazione universale dei diritti umani. Il contest proporr\u00e0 le semifinali il 20 e 21 luglio e la finale fra i cinque migliori il 22 luglio.<\/span><\/p>\n<p class=\"m_8806471020852615124western\" align=\"left\"><span style=\"font-family: Times New Roman, serif;\">Il 20 luglio si fronteggeranno: <\/span><span style=\"font-family: Times New Roman, serif;\"><strong>Storie Storte<\/strong><\/span><span style=\"font-family: Times New Roman, serif;\"> da Venezia con \u201cMare nostro\u201d (folk),<\/span> <span style=\"font-family: Times New Roman, serif;\"><strong>Giulia Ventisette<\/strong><\/span><span style=\"font-family: Times New Roman, serif;\"> da Firenze con \u201cTutti zitti\u201d (pop d&#8217;autore), <\/span><span style=\"font-family: Times New Roman, serif;\"><strong>La Malaleche<\/strong><\/span><span style=\"font-family: Times New Roman, serif;\"> da Monza\/Bergamo con \u201cSiamo migranti\u201d (patchanka), <\/span><span style=\"font-family: Times New Roman, serif;\"><strong>Iza&amp;Sara<\/strong><\/span><span style=\"font-family: Times New Roman, serif;\"> da Forl\u00ec\/Faenza con \u201cFavola\u201d (pop).<\/span><\/p>\n<p class=\"m_8806471020852615124western\" align=\"left\"><span style=\"font-family: Times New Roman, serif;\">Il 21 luglio toccher\u00e0 a: <\/span><span style=\"font-family: Times New Roman, serif;\"><strong>Pupi di Surfaro<\/strong><\/span><span style=\"font-family: Times New Roman, serif;\"> dalla Sicilia con \u201c&#8217;Gnanzou\u201d (nu kombat folk), <\/span><span style=\"font-family: Times New Roman, serif;\"><strong>Danilo Ruggero<\/strong><\/span><span style=\"font-family: Times New Roman, serif;\"> da Pantelleria con \u201cAgghiri ddr\u00e0\u201d (folk \/ canzone d&#8217;autore), <\/span><span style=\"font-family: Times New Roman, serif;\"><strong>Mujeres Creando<\/strong><\/span><span style=\"font-family: Times New Roman, serif;\"> da Napoli con \u201cE je parlo \u2018e te\u201d (world music), <\/span><span style=\"font-family: Times New Roman, serif;\"><strong>Eleonora Betti<\/strong><\/span><span style=\"font-family: Times New Roman, serif;\"> da Arezzo con \u201cLibera\u201d (folk \/ canzone d&#8217;autore).<\/span><\/p>\n<p class=\"m_8806471020852615124western\" align=\"left\"><span style=\"font-family: Times New Roman, serif;\">Voci per la libert\u00e0 \u00e8 un evento sostenuto da <\/span><span style=\"font-family: Times New Roman, serif;\"><strong>Amnesty International Italia<\/strong><\/span><span style=\"font-family: Times New Roman, serif;\"> in cui la creativit\u00e0 tocca le persone su temi importanti quali uguaglianza e rispetto. Quest\u2019anno il festival promuover\u00e0 la campagna <\/span><span style=\"font-family: Times New Roman, serif;\"><strong>\u201cLa solidariet\u00e0 non \u00e8 reato\u201d<\/strong><\/span><span style=\"font-family: Times New Roman, serif;\"> con cui Amnesty International vuole sfidare la criminalizzazione della solidariet\u00e0 nelle sue varie forme: il lavoro umanitario e dei diritti umani non dovrebbe mai essere criminalizzato perch\u00e9 aiutare le persone ad attraversare i confini in modo irregolare, senza alcun vantaggio personale, non \u00e8 contrabbando e non dovrebbe essere considerato un reato. Individui e organizzazioni che aiutano rifugiati e migranti sono l\u2019esempio pi\u00f9 visibile dell\u2019impegno per costruire comunit\u00e0 pi\u00f9 accoglienti in Europa: testimoniano le violazioni dei diritti umani e gli abusi; rispettano l&#8217;imperativo umanitario, anteponendo le persone ai confini.<\/span><\/p>\n<p class=\"m_8806471020852615124western\" align=\"left\"><span style=\"font-family: Times New Roman, serif;\">Sui temi dei diritti umani saranno due le installazioni presenti quest\u2019anno a Voci per la libert\u00e0 e visitabili al Centro Congressi a fianco al palco: \u201c<\/span><span style=\"font-family: Times New Roman, serif;\"><strong>Inalienabile<\/strong><\/span><span style=\"font-family: Times New Roman, serif;\">\u201d di Silva Rotelli, progetto multimediale sul rapporto tra musica e diritti umani e <\/span><span style=\"font-family: Times New Roman, serif;\"><strong>\u201cCiokor\u00e0\u201d<\/strong><\/span><span style=\"font-family: Times New Roman, serif;\"> progetto fotografico di Valentina Tamborra che testimonia la condizione delle migliaia di bambini di strada in Kenia. Verranno inaugurate nella serata di apertura, quella del 19, che vedr\u00e0 l\u2019esibizione del caleidoscopico e multietnico ensemble musicale della romana <\/span><span style=\"font-family: Times New Roman, serif;\"><strong>Med Free Orkestra<\/strong><\/span><span style=\"font-family: Times New Roman, serif;\">, preceduta da quella di <\/span><span style=\"font-family: Times New Roman, serif;\"><strong>BO.RO.FRA<\/strong><\/span><span style=\"font-family: Times New Roman, serif;\">, che alle 18.30 sar\u00e0 anche protagonista dell\u2019aperitivo in spiaggia.<\/span><\/p>\n<p class=\"m_8806471020852615124western\" align=\"left\"><span style=\"font-family: Times New Roman, serif;\">Il giorno dopo, l\u2019aperitivo sar\u00e0 affidato al live di <\/span><span style=\"font-family: Times New Roman, serif;\"><strong>Carlo Valente<\/strong><\/span><span style=\"font-family: Times New Roman, serif;\">, il vincitore del Premio Amnesty sezione Emergenti lo scorso anno. Ospite della serata, dopo l\u2019esibizione dei semifinalisti, sar\u00e0 <\/span><span style=\"font-family: Times New Roman, serif;\"><strong>Mirkoeilcane<\/strong><\/span><span style=\"font-family: Times New Roman, serif;\">, giovane cantautore romano noto per aver presentato a Sanremo 2018 un brano intenso sui migranti come \u201cStiamo tutti bene\u201d.<\/span><\/p>\n<p class=\"m_8806471020852615124western\" align=\"left\"><span style=\"font-family: Times New Roman, serif;\">Sabato 21 luglio si aprir\u00e0 alle 18.30 con un <\/span><span style=\"font-family: Times New Roman, serif;\"><strong>Dj set interculturale<\/strong><\/span><span style=\"font-family: Times New Roman, serif;\">, per proseguire la sera con la seconda semifinale e con il live di <\/span><span style=\"font-family: Times New Roman, serif;\"><strong>Enrico Ruggeri<\/strong><\/span><span style=\"font-family: Times New Roman, serif;\">, artista dalla lunga carriera, spesso costellata da brani sui temi dei diritti umani (da \u201cNessuno tocchi Caino\u201d alla stessa \u201cSi pu\u00f2 dare di pi\u00f9\u201d).<\/span><\/p>\n<p class=\"m_8806471020852615124western\" align=\"left\"><span style=\"font-family: Times New Roman, serif;\">La giornata di chiusura inizier\u00e0 all\u2019alba alle 5.00 con una p<\/span><span style=\"font-family: Times New Roman, serif;\">erformance di musica e danza contemporane<\/span><span style=\"font-family: Times New Roman, serif;\">a a cura dei <\/span><span style=\"font-family: Times New Roman, serif;\"><strong>Cantieri Culturali Creativi<\/strong><\/span><span style=\"font-family: Times New Roman, serif;\">. Nel pomeriggio ci sar\u00e0 un incontro alle 18.30 con il portavoce di Amnesty International Italia <\/span><span style=\"font-family: Times New Roman, serif;\"><strong>Riccardo Noury<\/strong><\/span><span style=\"font-family: Times New Roman, serif;\"> e con <\/span><span style=\"font-family: Times New Roman, serif;\"><strong>Dario Brunori<\/strong><\/span><span style=\"font-family: Times New Roman, serif;\">, che la sera salir\u00e0 sul palco per eseguire la canzone vincitrice del Premio Amnesty Italia Big, la sua \u201cL\u2019uomo nero\u201d, insieme ad altri brani del suo repertorio. Durante la serata verr\u00e0 anche assegnato, fra i cinque finalisti, il Premio Amnesty Italia, sezione Emergenti, il Premio della Critica e il Premio Giuria Popolare.<\/span><\/p>\n<p class=\"m_8806471020852615124western\" align=\"left\"><span style=\"font-family: Times New Roman, serif;\">Durante tutte le serate del festival ci saranno laboratori didattici per bambini sui diritti umani a cura di Cooperativa Porto Alegre, Cooperativa Peter Pan e Libreria Ricarello.<\/span><\/p>\n<p class=\"m_8806471020852615124western\" align=\"left\"><strong>Tutti gli eventi sono ad ingresso libero.<\/strong><\/p>\n<p class=\"m_8806471020852615124western\" align=\"left\"><span style=\"font-family: Times New Roman, serif;\">Presentano: <\/span><span style=\"font-family: Times New Roman, serif;\"><strong>Savino Zaba<\/strong><\/span><span style=\"font-family: Times New Roman, serif;\"> (Rai1, Radio2) e <\/span><span style=\"font-family: Times New Roman, serif;\"><strong>Carmen Formenton<\/strong><\/span><span style=\"font-family: Times New Roman, serif;\"> (Voci per la Libert\u00e0).<\/span><\/p>\n<p class=\"m_8806471020852615124western\" align=\"left\"><span style=\"font-family: Times New Roman, serif;\">Il festival dallo scorso anno fa parte di una rassegna pi\u00f9 ampia, <\/span><span style=\"font-family: Times New Roman, serif;\"><strong>\u201cArte per la libert\u00e0, il festival della creativit\u00e0 per i diritti umani\u201d <\/strong><\/span><span style=\"font-family: Times New Roman, serif;\">realizzata con il sostegno di MiBACT e di SIAE, nell\u2019ambito dell\u2019iniziativa \u201cSillumina \u2013 Copia privata per i giovani, per la cultura\u201d. L\u2019iniziativa, iniziata gi\u00e0 dal mese di aprile e che tocca le province di Rovigo, Padova e Ferrara, propone, oltre alla musica, arte contemporanea, cinema, fotografia, teatro, libri e danza. Un intenso viaggio nell\u2019arte giovanile a favore dei diritti umani.<br \/>\n<\/span><\/p>\n<p class=\"m_8806471020852615124western\" align=\"left\"><span style=\"font-family: Times New Roman, serif;\">Tutto il ricco calendario \u00e8 consultabile sul sito: <a href=\"http:\/\/www.vociperlaliberta.it\" target=\"_blank\" rel=\"noopener\" data-saferedirecturl=\"https:\/\/www.google.com\/url?hl=it&amp;q=http:\/\/www.vociperlaliberta.it&amp;source=gmail&amp;ust=1529414022553000&amp;usg=AFQjCNFMV4NoMXYZ6gHtVlKSwSXYxTo5lQ\">www.vociperlaliberta.it<\/a> e <a href=\"http:\/\/www.arteperlaliberta.com\" target=\"_blank\" rel=\"noopener\" data-saferedirecturl=\"https:\/\/www.google.com\/url?hl=it&amp;q=http:\/\/www.arteperlaliberta.com&amp;source=gmail&amp;ust=1529414022553000&amp;usg=AFQjCNFpAS0yA0azbsBoFKsE9YZ4Hjkwdw\">www.arteperlaliberta.com<\/a><\/span><\/p>\n<p class=\"m_8806471020852615124western\" align=\"center\"><span style=\"font-family: Times New Roman, serif;\"><strong>XXI EDIZIONE VOCI PER LA LIBERT\u00c0 &#8211; UNA CANZONE PER AMNESTY<br \/>\nRosolina Mare (RO) 19-22 Luglio 2018<br \/>\n<\/strong><\/span><\/p>\n<p class=\"m_8806471020852615124western\"><span style=\"font-family: Times New Roman, serif;\"><strong>GIOVED\u00cc 19 LUGLIO<br \/>\n<\/strong><\/span><span style=\"font-family: Times New Roman, serif;\">ore 18.30 aperitivo in spiaggia con progetto BO.RO.FRA \u201cl\u2019arte che accoglie\u201d<br \/>\nore 21.00 Arena Piazzale Europa<br \/>\nInaugurazione installazioni Centro Congressi:<br \/>\nINALIENABILE di Silva Rotelli, CIOKOR\u00c0 di Valentina Tamborra<br \/>\nLIVE: <\/span><span style=\"font-family: Times New Roman, serif;\"><strong>BO.RO.FRA.<\/strong><\/span><span style=\"font-family: Times New Roman, serif;\"> + <\/span><span style=\"font-family: Times New Roman, serif;\"><strong>MED FREE ORKESTRA<\/strong><\/span><span style=\"font-family: Times New Roman, serif;\"><br \/>\n<\/span><\/p>\n<p class=\"m_8806471020852615124western\"><span style=\"font-family: Times New Roman, serif;\"><strong>VENERD\u00cc 20 LUGLIO<br \/>\n<\/strong><\/span><span style=\"font-family: Times New Roman, serif;\">ore 18.30 aperitivo in spiaggia con CARLO VALENTE<br \/>\nore 21.00 Arena Piazzale Europa LIVE<br \/>\nSEMIFINALI CONCORSO con GIULIA VENTISETTE \u2013 LA MALALECHE &#8211; STORIESTORTE \u2013 IZA &amp; SARA + <\/span><span style=\"font-family: Times New Roman, serif;\"><strong>MIRKOEILCANE<\/strong><\/span><\/p>\n<p class=\"m_8806471020852615124western\"><span style=\"font-family: Times New Roman, serif;\"><strong><br \/>\nSABATO 21 LUGLIO<br \/>\n<\/strong><\/span><span style=\"font-family: Times New Roman, serif;\">ore 18.30 aperitivo in spiaggia con DJ SET INTERCULTURALE<br \/>\nore 21.00 Arena Piazzale Europa LIVE<br \/>\nSEMIFINALI CONCORSO con MUJERES CREANDO \u2013 PUPI DI SULFARO \u2013 ELEONORA BETTI \u2013 DANILO RUGGERO + <\/span><span style=\"font-family: Times New Roman, serif;\"><strong>ENRICO RUGGERI<\/strong><\/span><\/p>\n<p class=\"m_8806471020852615124western\"><span style=\"font-family: Times New Roman, serif;\"><strong><br \/>\nDOMENICA 22 LUGLIO<br \/>\n<\/strong><\/span><span style=\"font-family: Times New Roman, serif;\">ore 5.00 performance di danza in spiaggia con CANTIERI CULTURALI CREATIVI<br \/>\nore 18.30 centro congressi incontro pubblico con RICCARDO NOURY e BRUNORI SAS<br \/>\nore 21.00 Arena Piazzale Europa LIVE<br \/>\nFINALE CONCORSO con I MIGLIORI 5 ARTIST<\/span><span style=\"font-family: Times New Roman, serif;\">I<\/span><span style=\"font-family: Times New Roman, serif;\"><br \/>\n+ PREMIO AMNESTY INTERNATIONAL ITALIA a <\/span><span style=\"font-family: Times New Roman, serif;\"><strong>BRUNORI SAS<\/strong><\/span><\/p>\n<p class=\"m_8806471020852615124western\"><span style=\"font-family: Times New Roman, serif;\"><strong>Un\u2019iniziativa di:<\/strong><\/span><span style=\"font-family: Times New Roman, serif;\"><br \/>\nAssociazione Culturale Voci per la Libert\u00e0 e Amnesty International Italia<\/span><\/p>\n<p class=\"m_8806471020852615124western\"><span style=\"font-family: Times New Roman, serif;\"><strong><br \/>\nCon il sostegno di:<\/strong><\/span><span style=\"font-family: Times New Roman, serif;\"><br \/>\nMiBACT e di SIAE, nell\u2019ambito dell\u2019iniziativa \u201cSillumina \u2013 Copia privata per i giovani, per la cultura\u201d, CGIL Rovigo, CISL Padova e Rovigo, ITALPIZZA<\/span><\/p>\n<p class=\"m_8806471020852615124western\"><span style=\"font-family: Times New Roman, serif;\"><strong><br \/>\nCon la collaborazione di:<\/strong><\/span><span style=\"font-family: Times New Roman, serif;\"><br \/>\nProvincia di Rovigo, ReteEventi, il Comune di Rosolina, Pro Loco Rosolina, Cooperativa Porto Alegre, Cooperativa Peter Pan, Libreria Ricarello<\/span><\/p>\n<p class=\"m_8806471020852615124western\"><span style=\"font-family: Times New Roman, serif;\"><strong><br \/>\nPartner tecnici:<\/strong><\/span><span style=\"font-family: Times New Roman, serif;\"><br \/>\nAlce Nero, ARS audio &amp; light, Idee Grafiche, Grafiche Nuova Tipografia, Meeting degli Indipendenti, Musica nelle Aie, OPS Group, Rete dei Festival, Studioartax, Peruzzine<\/span><\/p>\n<p class=\"m_8806471020852615124western\"><span style=\"font-family: Times New Roman, serif;\"><strong><br \/>\nMedia Partner:<\/strong><\/span><span style=\"font-family: Times New Roman, serif;\"><br \/>\nRai Radio7 Live, Radio Popolare, Radio LatteMiele, Radio LoveFM, Radio 41, Viva la Radio, DeltaRadio, ArtTribune, FunnyVegan, Rumore, Mescalina, La Scena, Post Scriptum, Spettakolo, ViaVaiNet, REMweb, Il Gazzettino, Il Resto del Carlino, La Voce di Rovigo, RovigoOggi, RovigoInDiretta<\/span><\/p>\n<div id=\"simple-translate-button\" style=\"display: block; left: 916px; top: 60px; width: 22px; height: 22px;\"><\/div>\n<div id=\"simple-translate-panel\" style=\"display: none;\">\n<p>&#8230;<\/p>\n<\/div>\n","protected":false},"excerpt":{"rendered":"<div class=\"mh-excerpt\"><p>BRUNORI, RUGGERI, MIRKOEILCANE E MOLTO ALTRO A VOCI PER LA LIBERT\u00c0 2018 IL FESTIVAL DI AMNESTY INTERNATIONAL DAL 19 AL 22 LUGLIO A ROSOLINA MARE <a class=\"mh-excerpt-more\" href=\"https:\/\/www.piuomenopop.it\/index.php\/2018\/06\/19\/brunori-ruggeri-mirkoeilcane-e-molto-altro-a-voci-per-la-liberta-2018\/\" title=\"BRUNORI, RUGGERI, MIRKOEILCANE E MOLTO ALTRO A VOCI PER LA LIBERT\u00c0 2018\">[&#8230;]<\/a><\/p>\n<\/div>","protected":false},"author":1,"featured_media":34152,"comment_status":"closed","ping_status":"closed","sticky":false,"template":"","format":"standard","meta":{"sfsi_plus_gutenberg_text_before_share":"","sfsi_plus_gutenberg_show_text_before_share":"","sfsi_plus_gutenberg_icon_type":"","sfsi_plus_gutenberg_icon_alignemt":"","sfsi_plus_gutenburg_max_per_row":"","footnotes":"","_links_to":"","_links_to_target":""},"categories":[3],"tags":[3723,3853,944,2400,6331,1813,5289,6330],"class_list":["post-34150","post","type-post","status-publish","format-standard","has-post-thumbnail","hentry","category-news","tag-amnesty-international","tag-brunori","tag-brunori-sas","tag-dario-brunori","tag-enrico-ruggeri","tag-med-free-orkestra","tag-mirkoeilcane","tag-ruggeri"],"aioseo_notices":[],"_links":{"self":[{"href":"https:\/\/www.piuomenopop.it\/index.php\/wp-json\/wp\/v2\/posts\/34150","targetHints":{"allow":["GET"]}}],"collection":[{"href":"https:\/\/www.piuomenopop.it\/index.php\/wp-json\/wp\/v2\/posts"}],"about":[{"href":"https:\/\/www.piuomenopop.it\/index.php\/wp-json\/wp\/v2\/types\/post"}],"author":[{"embeddable":true,"href":"https:\/\/www.piuomenopop.it\/index.php\/wp-json\/wp\/v2\/users\/1"}],"replies":[{"embeddable":true,"href":"https:\/\/www.piuomenopop.it\/index.php\/wp-json\/wp\/v2\/comments?post=34150"}],"version-history":[{"count":3,"href":"https:\/\/www.piuomenopop.it\/index.php\/wp-json\/wp\/v2\/posts\/34150\/revisions"}],"predecessor-version":[{"id":34191,"href":"https:\/\/www.piuomenopop.it\/index.php\/wp-json\/wp\/v2\/posts\/34150\/revisions\/34191"}],"wp:featuredmedia":[{"embeddable":true,"href":"https:\/\/www.piuomenopop.it\/index.php\/wp-json\/wp\/v2\/media\/34152"}],"wp:attachment":[{"href":"https:\/\/www.piuomenopop.it\/index.php\/wp-json\/wp\/v2\/media?parent=34150"}],"wp:term":[{"taxonomy":"category","embeddable":true,"href":"https:\/\/www.piuomenopop.it\/index.php\/wp-json\/wp\/v2\/categories?post=34150"},{"taxonomy":"post_tag","embeddable":true,"href":"https:\/\/www.piuomenopop.it\/index.php\/wp-json\/wp\/v2\/tags?post=34150"}],"curies":[{"name":"wp","href":"https:\/\/api.w.org\/{rel}","templated":true}]}}