{"id":34170,"date":"2018-06-18T21:36:23","date_gmt":"2018-06-18T19:36:23","guid":{"rendered":"http:\/\/www.piuomenopop.it\/?p=34170"},"modified":"2018-06-19T10:55:41","modified_gmt":"2018-06-19T08:55:41","slug":"festa-della-musica-di-brescia-intervista-a-jean-luc-stote","status":"publish","type":"post","link":"https:\/\/www.piuomenopop.it\/index.php\/2018\/06\/18\/festa-della-musica-di-brescia-intervista-a-jean-luc-stote\/","title":{"rendered":"Festa della Musica di Brescia: intervista a Jean Luc Stote"},"content":{"rendered":"<p>A cura di: <a href=\"https:\/\/www.facebook.com\/antobastanza\" target=\"_blank\" rel=\"noopener\">Antonio Bastanza<\/a><\/p>\n<p>&nbsp;<\/p>\n<p><a href=\"https:\/\/www.facebook.com\/associazionefestadellamusicabrescia\/\" target=\"_blank\" rel=\"noopener\"><strong>La Festa della Musica di Brescia\u00a0<\/strong><\/a>\u00e8 dedicata alla musica dal vivo, di qualsiasi genere e stile: una grande manifestazione popolare che celebra il solstiz<span class=\"text_exposed_show\">io d\u2019estate. <\/span>\u00c8<span class=\"text_exposed_show\">\u00a0aperta a tutti i partecipanti amatori o professionisti, che desiderano esibirsi di fronte ad un vasto pubblico. Ormai ci siamo: l&#8217;appuntamento \u00e8 a Brescia il 21 giugno, in 120 paesi e 3000 citt\u00e0. <\/span><\/p>\n<p><span class=\"text_exposed_show\">Per saperne qualcosa in pi\u00f9 abbiamo pensato di fare due chiacchiere con l&#8217;organizzatore di questa grande macchina artistica, <a href=\"https:\/\/www.facebook.com\/jeanluc.stote.1\" target=\"_blank\" rel=\"noopener\"><strong>Jean Luc Stote<\/strong><\/a>, uno che di musica e di eventi se ne intende.<br \/>\n<\/span><\/p>\n<p>&nbsp;<\/p>\n<p><img loading=\"lazy\" decoding=\"async\" class=\"aligncenter wp-image-34172\" src=\"http:\/\/www.piuomenopop.it\/wp-content\/uploads\/2018\/06\/stote.jpg\" alt=\"\" width=\"700\" height=\"464\" srcset=\"https:\/\/www.piuomenopop.it\/wp-content\/uploads\/2018\/06\/stote.jpg 960w, https:\/\/www.piuomenopop.it\/wp-content\/uploads\/2018\/06\/stote-300x199.jpg 300w, https:\/\/www.piuomenopop.it\/wp-content\/uploads\/2018\/06\/stote-768x509.jpg 768w\" sizes=\"auto, (max-width: 700px) 100vw, 700px\" \/><\/p>\n<p>&nbsp;<\/p>\n<p><strong>E cos\u00ec siamo giunti alla quinta edizione della FdMB. Com\u2019\u00e8 andata? Sei soddisfatto del lavoro fatto fin\u2019ora? Possiamo aspettarci ancora qualche sorpresa?<\/strong><br \/>\nS\u00ec, non possiamo non dirci soddisfatti: continuiamo a crescere numericamente e a differenziare la proposta. Quest&#8217;anno siamo riusciti a concretizzare la <strong>Festa della Musica delle Scuole<\/strong>, un pallino che avevamo fin dall&#8217;inizio di questa avventura. Ci\u00f2 \u00e8 avvenuto \u2013 lo scorso 12 maggio \u2013 grazie alla collaborazione degli Istituti musicali e scolastici della citt\u00e0 di Brescia. Le sorprese sono state annunciate e ne avete parlato anche voi, siamo felici di avere quest&#8217;anno uno spazio busker dalle 12 alle 14, quando tutti i palchi si fermeranno e si esibiranno solo i musicisti di strada; e siamo felici pure del <strong>Castello elettronico<\/strong>, grande dancefloor di pietra che animer\u00e0 a suon di musica elettronica da ballare la notte del 23 giugno. Tuttavia la sorpresa pi\u00f9 grande ora la pu\u00f2 fare il tempo atmosferico: che non sia caldo come le ore meridiane dell&#8217;anno scorso e che non piova. Insomma che ci sia un bel clima tale da permettere ai musicisti di suonare e al pubblico di invadere la citt\u00e0.<\/p>\n<p>&nbsp;<\/p>\n<p><strong>Come si organizza un evento di questa portata? Quali sono le maggiori criticit\u00e0 cui andate incontro? Quanta gente c\u2019\u00e8 dietro a lavorarci?<\/strong><br \/>\nLo si organizza partendo molti mesi prima, oserei dire quando \u00e8 terminata l&#8217;edizione precedente, almeno riflettendo su ci\u00f2 che non \u00e8 andato e pu\u00f2 essere migliorato. La criticit\u00e0 maggiore \u00e8 muovere una macchina che conta circa cento situazioni live su tutta la citt\u00e0 e altrettanti organizzatori, ognuno con la propria legittima visione e sensibilit\u00e0. Ma alla fine, con un po&#8217; di fatica e diplomazia, va tutto a posto ed \u00e8 una grande gioia. Riguardo la gente che lavora alla FdMB c&#8217;\u00e8 il gruppo di persone dentro l&#8217;<strong>Associazione Festa della Musica di Brescia,<\/strong> due uffici stampa, un buon numero di volontari (anche se non sono mai sufficienti) e tutte le persone che lavorano ai palchi: organizzatori e fonici prima di tutto. Non ho mai fatto un conto totale di quanta gente lavori alla Festa, ma posso dire che \u00e8 l&#8217;equivalente di una fabbrica di media grandezza, insomma qualche centinaio di persone.<\/p>\n<p>&nbsp;<\/p>\n<p><strong>La risposta entusiasta della gente, rappresenta quella marcia in pi\u00f9, un\u2019importante spinta a lavorare?<\/strong><br \/>\nS\u00ec, \u00e8 fondamentale che la gente si diverta, stia bene, ascolti e scopra nuova musica. Ma lo \u00e8 allo stesso modo per i musicisti: noi vogliamo che, per quanto possibile, ricordino la FdMB come un&#8217;esperienza positiva e da ripetere. Qualche intoppo c&#8217;\u00e8 sempre e non potrebbe essere altrimenti, tuttavia a giudicare dalla crescita numerica dei partecipanti, anche da fuori Brescia e da fuori la Lombardia, e da quanti musicisti ritornano direi che tutto sommato ce la caviamo!<\/p>\n<p>&nbsp;<\/p>\n<p><strong>In cosa questa festa popolare di Brescia si differenzia dalle altre, puoi spiegare, a chi non la conosce, perch\u00e9 \u00e8 unica?<\/strong><br \/>\nE&#8217; unica perch\u00e9 segue fedelmente le regole della<em> Festa della Musica francese<\/em>, laddove una manifestazione come questa \u00e8 nata, in Francia, e si \u00e8 diffusa nel mondo. Mi permetto di dire che \u00e8 unica anche perch\u00e9 \u00e8 la pi\u00f9 grande d&#8217;Italia, ospita tutti senza distinzioni di genere e di qualit\u00e0 della proposta e prova ad essere ogni anno un evento accogliente e sempre a favore della musica.<\/p>\n<p>&nbsp;<\/p>\n<p><strong>La FbMB \u00e8 anche un\u2019imp<\/strong><strong>ortante vetrina per giovani talenti, con band poco conosciute ai pi\u00f9. C\u2019\u00e8 qualcuno di questi artisti cui sei rimasto pi\u00f9 legato?<\/strong><br \/>\nSono legato a moltissime realt\u00e0 musicali bresciane, non solo giovani, ma anche a realt\u00e0 fuori Brescia. Conduco da anni ogni giorno un programma musicale su Radio Onda d&#8217;Urto dove do spazio a progetti conosciuti e sconosciuti, faccio ascoltare i loro brani, li intervisto. E&#8217; normale e bello che di qualcuno mi innamori.<\/p>\n<p>&nbsp;<\/p>\n<p><strong>Cos\u2019\u00e8 il Castello elettronico, una delle novit\u00e0 di questa quinta edizione? Puoi dirci quali sono le altre novit\u00e0?<\/strong><br \/>\nL&#8217;ho spiegato sopra. Aggiungo che per noi \u00e8 un allargamento non da poco e con un significato importante. Molti musicisti guardano con scetticismo ai dj da dancefloor, a mio giudizio sbagliando. Nel nostro piccolo diamo una legittimazione all&#8217;elettronica con un grande evento in uno dei posti pi\u00f9 belli della citt\u00e0 di Brescia. Ci\u00f2 accade per\u00f2 grazie all&#8217;iniziativa di chi sul territorio lavora su questi generi musicali, entit\u00e0 che siamo riusciti a coinvolgere. In fondo la FdMB vive sulla capacit\u00e0 nostra di mettere in rete e coinvolgere le tante e differenti realt\u00e0 musicali bresciane.<\/p>\n<p>&nbsp;<\/p>\n<p><strong>Qual \u00e8, a tuo parere, lo stato di salute della musica bresciana e, un po\u2019 pi\u00f9 in generale, quello della musica italiana?<\/strong><br \/>\nDirei entrambi molto buoni. C&#8217;\u00e8 un sacco di bella musica in giro. Progetti che hanno visibilit\u00e0 e altri meno conosciuti che portano la loro visione. A Brescia, ma anche a Bergamo, la situazione \u00e8 molto viva e feconda. In fondo negli ultimi anni, anche grazie alle tecnologie che hanno facilitato l&#8217;accesso alla registrazione e la possibilit\u00e0 di farsi conoscere, abbiamo assistito alla riscossa della provincia. Non tanto a discapito delle grosse citt\u00e0 ma a fianco di queste ultime. E ci\u00f2 vale per i musicisti, ma anche per i locali e gli addetti ai lavori.<\/p>\n<p>&nbsp;<\/p>\n<p><a href=\"http:\/\/www.piuomenopop.it\/?s=festa+della+musica+di+brescia&amp;submit=Search\" target=\"_blank\" rel=\"noopener\">Tutti i nostri articoli sulla <strong>FdMB<\/strong><\/a><\/p>\n","protected":false},"excerpt":{"rendered":"<div class=\"mh-excerpt\"><p>A cura di: Antonio Bastanza &nbsp; La Festa della Musica di Brescia\u00a0\u00e8 dedicata alla musica dal vivo, di qualsiasi genere e stile: una grande manifestazione <a class=\"mh-excerpt-more\" href=\"https:\/\/www.piuomenopop.it\/index.php\/2018\/06\/18\/festa-della-musica-di-brescia-intervista-a-jean-luc-stote\/\" title=\"Festa della Musica di Brescia: intervista a Jean Luc Stote\">[&#8230;]<\/a><\/p>\n<\/div>","protected":false},"author":1,"featured_media":34172,"comment_status":"closed","ping_status":"closed","sticky":false,"template":"","format":"standard","meta":{"sfsi_plus_gutenberg_text_before_share":"","sfsi_plus_gutenberg_show_text_before_share":"","sfsi_plus_gutenberg_icon_type":"","sfsi_plus_gutenberg_icon_alignemt":"","sfsi_plus_gutenburg_max_per_row":"","footnotes":"","_links_to":"","_links_to_target":""},"categories":[730,4],"tags":[103,6347,6346,6348,6345],"class_list":["post-34170","post","type-post","status-publish","format-standard","has-post-thumbnail","hentry","category-festival","category-interviste","tag-antonio-bastanza","tag-associazione-festa-della-musica-di-brescia","tag-festa-della-musica-delle-scuole","tag-jean-luc-stote","tag-la-festa-della-musica-a-brescia"],"aioseo_notices":[],"_links":{"self":[{"href":"https:\/\/www.piuomenopop.it\/index.php\/wp-json\/wp\/v2\/posts\/34170","targetHints":{"allow":["GET"]}}],"collection":[{"href":"https:\/\/www.piuomenopop.it\/index.php\/wp-json\/wp\/v2\/posts"}],"about":[{"href":"https:\/\/www.piuomenopop.it\/index.php\/wp-json\/wp\/v2\/types\/post"}],"author":[{"embeddable":true,"href":"https:\/\/www.piuomenopop.it\/index.php\/wp-json\/wp\/v2\/users\/1"}],"replies":[{"embeddable":true,"href":"https:\/\/www.piuomenopop.it\/index.php\/wp-json\/wp\/v2\/comments?post=34170"}],"version-history":[{"count":6,"href":"https:\/\/www.piuomenopop.it\/index.php\/wp-json\/wp\/v2\/posts\/34170\/revisions"}],"predecessor-version":[{"id":34197,"href":"https:\/\/www.piuomenopop.it\/index.php\/wp-json\/wp\/v2\/posts\/34170\/revisions\/34197"}],"wp:featuredmedia":[{"embeddable":true,"href":"https:\/\/www.piuomenopop.it\/index.php\/wp-json\/wp\/v2\/media\/34172"}],"wp:attachment":[{"href":"https:\/\/www.piuomenopop.it\/index.php\/wp-json\/wp\/v2\/media?parent=34170"}],"wp:term":[{"taxonomy":"category","embeddable":true,"href":"https:\/\/www.piuomenopop.it\/index.php\/wp-json\/wp\/v2\/categories?post=34170"},{"taxonomy":"post_tag","embeddable":true,"href":"https:\/\/www.piuomenopop.it\/index.php\/wp-json\/wp\/v2\/tags?post=34170"}],"curies":[{"name":"wp","href":"https:\/\/api.w.org\/{rel}","templated":true}]}}