{"id":34251,"date":"2018-06-23T16:21:40","date_gmt":"2018-06-23T14:21:40","guid":{"rendered":"http:\/\/www.piuomenopop.it\/?p=34251"},"modified":"2018-06-23T16:21:40","modified_gmt":"2018-06-23T14:21:40","slug":"lemandorle-a-nudo-nel-video-di-gelato-colorato","status":"publish","type":"post","link":"https:\/\/www.piuomenopop.it\/index.php\/2018\/06\/23\/lemandorle-a-nudo-nel-video-di-gelato-colorato\/","title":{"rendered":"LEMANDORLE: a nudo nel video di Gelato Colorato"},"content":{"rendered":"<p style=\"text-align: justify;\"><strong>Gelato Colorato<\/strong> \u00e8 il primo videoclip scritto e diretto da <strong><a href=\"https:\/\/www.facebook.com\/lemandorleofficial\/\" target=\"_blank\" rel=\"noopener\">LEMANDORLE<\/a><\/strong>, che li vede protagonisti non solo in fase di regia ma per la prima volta anche davanti alla macchina da presa.<\/p>\n<p><img loading=\"lazy\" decoding=\"async\" class=\"aligncenter wp-image-34252 size-full\" src=\"http:\/\/www.piuomenopop.it\/wp-content\/uploads\/2018\/06\/le-mandorle.jpg\" alt=\"\" width=\"598\" height=\"427\" srcset=\"https:\/\/www.piuomenopop.it\/wp-content\/uploads\/2018\/06\/le-mandorle.jpg 598w, https:\/\/www.piuomenopop.it\/wp-content\/uploads\/2018\/06\/le-mandorle-300x214.jpg 300w\" sizes=\"auto, (max-width: 598px) 100vw, 598px\" \/><\/p>\n<p style=\"text-align: justify;\">Un flusso di libere associazioni visive e quadretti surreali, alternate a scene di backstage, come a mescolare senza soluzione di continuit\u00e0 realt\u00e0 e finzione, costruzione scenica e spontaneit\u00e0 privata. Una metafora della vita, in cui a volte ci mettiamo a nudo e altre ci nascondiamo dietro a maschere e convenzioni sociali, sempre in bilico tra pi\u00f9 universi, come gi\u00e0 il brano d\u2019altronde, con la sua vaga malinconia ma allo stesso tempo <strong>la voglia di far ballare perch\u00e9 \u00e8 arrivata l\u2019estate.<\/strong><\/p>\n<p style=\"text-align: justify;\"><strong>Gelato Colorato<\/strong> \u00e8 il racconto di una storia giunta al capolinea appena prima dell\u2019estate: non sempre la formula della felicit\u00e0 \u00e8 \u201cdu gust is megl che uan&#8221;, come recitava una famosa pubblicit\u00e0 di qualche anno fa. A volte in due si \u00e8 pi\u00f9 soli che da soli e ci si ritrova a guardarsi mentre tutto finisce, ognuno con la propria verit\u00e0.<\/p>\n<p style=\"text-align: justify;\"><strong>Gelato Colorato<\/strong>, in bilico tra malinconia ed euforia, uno stato d\u2019animo che ricorda gli ultimi giorni di scuola, \u00e8 per\u00f2 anche un brano da ballare, una canzone pop che descrive il momento in cui si \u00e8a met\u00e0 strada tra un inizio e una fine appoggiandosi su un beat di musica elettronica.<\/p>\n<p>&nbsp;<\/p>\n<p><iframe loading=\"lazy\" title=\"lemandorle - Gelato colorato\" width=\"500\" height=\"281\" src=\"https:\/\/www.youtube.com\/embed\/cIKgfMWHgYw?feature=oembed\" frameborder=\"0\" allow=\"accelerometer; autoplay; clipboard-write; encrypted-media; gyroscope; picture-in-picture; web-share\" referrerpolicy=\"strict-origin-when-cross-origin\" allowfullscreen><\/iframe><\/p>\n<blockquote><p>&nbsp;<\/p>\n<p style=\"text-align: justify;\"><em><strong>\u201cSiamo come quei libri per bambini, ancora da colorare, in attesa che siano gli altri a renderci noi stessi. Siamo l\u2019estate e l\u2019inverno. Al di l\u00e0 delle stagioni. Al di l\u00e0 dei calendari. Siamo un gelato colorato\u201d.<\/strong><\/em><\/p>\n<p>&nbsp;<\/p><\/blockquote>\n<p style=\"text-align: center;\"><strong>Prosegue intanto l\u2019intensa attivit\u00e0 live che porter\u00e0 <a href=\"https:\/\/www.facebook.com\/lemandorleofficial\/\" target=\"_blank\" rel=\"noopener\">Lemandorle<\/a> sui palchi di tutta Italia.<\/strong><\/p>\n<p style=\"text-align: center;\"><strong>14 giugno @ OFF &#8211; Modena <\/strong><br \/>\n<strong>23 giugno @ AntiFestival &#8211; Trevi <\/strong><br \/>\n<strong>30 giugno @ Pinewood Fest &#8211; Aquila <\/strong><br \/>\n<strong>6 luglio @ Hortis Festival &#8211; Oderzo <\/strong><br \/>\n<strong>10 luglio @ Ape+ Parco Sempione &#8211; Milano <\/strong><br \/>\n<strong>11 luglio @ Gravity Pop fest &#8211; Busto Arsizio <\/strong><br \/>\n<strong>13 luglio @ Ambria Music Festival &#8211; Zogno Bergamo <\/strong><br \/>\n<strong>14 luglio @ Tanaro Libera Tutti &#8211; Alba <\/strong><br \/>\n<strong>15 luglio @ RealityBites Festival &#8211; Fucecchio <\/strong><br \/>\n<strong>21 luglio @ Sundays Festival &#8211; Palermo <\/strong><br \/>\n<strong>26 luglio @ &#8220;Summertime 2018&#8221; &#8211; Noci (BA) <\/strong><br \/>\n<strong>27 luglio @ Eco Summer Festival &#8211; Parete (CE) <\/strong><br \/>\n<strong>28 luglio @ Eco Sound Festival &#8211; Viterbo <\/strong><br \/>\n<strong>11 agosto @ WeWillRockFest &#8211; Lido Camaiore (LU) <\/strong><br \/>\n<strong>16 agosto @ FESTA RADIO ONDA D&#8217;URTO opening Ghemon &#8211; Brescia <\/strong><br \/>\n<strong>23 agosto @ LASANTA S.Maria di Cittadella &#8211; Padova <\/strong><br \/>\n<strong>30 agosto @ HOME FESTIVAL &#8211; Treviso<\/strong><br \/>\n<strong>2 settembre @ Festival delle Periferie &#8211; Bari <\/strong><br \/>\n<strong>8 settembre @ RockinCentrale &#8211; Vicenza <\/strong><br \/>\n<strong>21 settembre @ Fiorano Modenese<\/strong><\/p>\n","protected":false},"excerpt":{"rendered":"<div class=\"mh-excerpt\"><p>Gelato Colorato \u00e8 il primo videoclip scritto e diretto da LEMANDORLE, che li vede protagonisti non solo in fase di regia ma per la prima <a class=\"mh-excerpt-more\" href=\"https:\/\/www.piuomenopop.it\/index.php\/2018\/06\/23\/lemandorle-a-nudo-nel-video-di-gelato-colorato\/\" title=\"LEMANDORLE: a nudo nel video di Gelato Colorato\">[&#8230;]<\/a><\/p>\n<\/div>","protected":false},"author":1,"featured_media":34252,"comment_status":"closed","ping_status":"closed","sticky":false,"template":"","format":"standard","meta":{"sfsi_plus_gutenberg_text_before_share":"","sfsi_plus_gutenberg_show_text_before_share":"","sfsi_plus_gutenberg_icon_type":"","sfsi_plus_gutenberg_icon_alignemt":"","sfsi_plus_gutenburg_max_per_row":"","footnotes":"","_links_to":"","_links_to_target":""},"categories":[5184,3,8,985],"tags":[6366,955,3365,1057],"class_list":["post-34251","post","type-post","status-publish","format-standard","has-post-thumbnail","hentry","category-calendario-concerti","category-news","category-uscite","category-tour","tag-gelato-colorato","tag-inri","tag-lemandorle","tag-metatron"],"aioseo_notices":[],"_links":{"self":[{"href":"https:\/\/www.piuomenopop.it\/index.php\/wp-json\/wp\/v2\/posts\/34251","targetHints":{"allow":["GET"]}}],"collection":[{"href":"https:\/\/www.piuomenopop.it\/index.php\/wp-json\/wp\/v2\/posts"}],"about":[{"href":"https:\/\/www.piuomenopop.it\/index.php\/wp-json\/wp\/v2\/types\/post"}],"author":[{"embeddable":true,"href":"https:\/\/www.piuomenopop.it\/index.php\/wp-json\/wp\/v2\/users\/1"}],"replies":[{"embeddable":true,"href":"https:\/\/www.piuomenopop.it\/index.php\/wp-json\/wp\/v2\/comments?post=34251"}],"version-history":[{"count":1,"href":"https:\/\/www.piuomenopop.it\/index.php\/wp-json\/wp\/v2\/posts\/34251\/revisions"}],"predecessor-version":[{"id":34253,"href":"https:\/\/www.piuomenopop.it\/index.php\/wp-json\/wp\/v2\/posts\/34251\/revisions\/34253"}],"wp:featuredmedia":[{"embeddable":true,"href":"https:\/\/www.piuomenopop.it\/index.php\/wp-json\/wp\/v2\/media\/34252"}],"wp:attachment":[{"href":"https:\/\/www.piuomenopop.it\/index.php\/wp-json\/wp\/v2\/media?parent=34251"}],"wp:term":[{"taxonomy":"category","embeddable":true,"href":"https:\/\/www.piuomenopop.it\/index.php\/wp-json\/wp\/v2\/categories?post=34251"},{"taxonomy":"post_tag","embeddable":true,"href":"https:\/\/www.piuomenopop.it\/index.php\/wp-json\/wp\/v2\/tags?post=34251"}],"curies":[{"name":"wp","href":"https:\/\/api.w.org\/{rel}","templated":true}]}}