{"id":34384,"date":"2018-07-02T18:12:50","date_gmt":"2018-07-02T16:12:50","guid":{"rendered":"http:\/\/www.piuomenopop.it\/?p=34384"},"modified":"2018-07-02T18:16:36","modified_gmt":"2018-07-02T16:16:36","slug":"esce-solstizio-deluxe-de-i-botanici","status":"publish","type":"post","link":"https:\/\/www.piuomenopop.it\/index.php\/2018\/07\/02\/esce-solstizio-deluxe-de-i-botanici\/","title":{"rendered":"Esce &#8220;Solstizio deluxe&#8221; de I Botanici"},"content":{"rendered":"<p style=\"text-align: center;\"><em><strong>&#8220;SOLSTIZIO DELUXE&#8221;<\/strong><\/em><br \/>\n<strong>l&#8217;extended version dell&#8217;esordio de<\/strong><br \/>\n<strong>I BOTANICI<\/strong><\/p>\n<p><img loading=\"lazy\" decoding=\"async\" class=\"aligncenter wp-image-34385 size-full\" src=\"http:\/\/www.piuomenopop.it\/wp-content\/uploads\/2018\/07\/botanici-Small.png\" alt=\"\" width=\"480\" height=\"480\" srcset=\"https:\/\/www.piuomenopop.it\/wp-content\/uploads\/2018\/07\/botanici-Small.png 480w, https:\/\/www.piuomenopop.it\/wp-content\/uploads\/2018\/07\/botanici-Small-150x150.png 150w, https:\/\/www.piuomenopop.it\/wp-content\/uploads\/2018\/07\/botanici-Small-300x300.png 300w, https:\/\/www.piuomenopop.it\/wp-content\/uploads\/2018\/07\/botanici-Small-60x60.png 60w\" sizes=\"auto, (max-width: 480px) 100vw, 480px\" \/><\/p>\n<p>Esce per Garrincha Dischi <strong><em>&#8220;Solstizio deluxe&#8221;<\/em> <\/strong>de\u00a0<a href=\"https:\/\/www.facebook.com\/ibotaniciband\/\" target=\"_blank\" rel=\"noopener\"><strong>I Botanici<\/strong><\/a>, un&#8217;extended version del loro esordio doscografico ad un anno dalla sua pubblicazione.<br \/>\n<strong><em>&#8220;Solstizio deluxe&#8221;<\/em><\/strong> va a sostituire letteralmente <em><strong>&#8220;Solstizio&#8221;<\/strong><\/em> arrichendosi di 3 tracce: <em>&#8220;Binario&#8221;<\/em> brano pubblicato lo scorso autunno, <em>&#8220;Verde&#8221;<\/em> riarrangiamento botanico del brano de\u00a0<strong>Lo Stato Sociale<\/strong>\u00a0e <em>&#8220;Un&#8217;altra estate&#8221;<\/em> l&#8217;inedito che<\/p>\n<blockquote><p><em>&#8220;nasce dalla voglia (pi\u00f9 che dall&#8217;idea) di rincorrere l&#8217;estate quando ci sentiamo frenati da qualcuno o qualcosa. \u00c8 un inno antinostalgico alla libert\u00e0, al lasciarsi tutto alle spalle con la certezza che il sole e il mare ci daranno\u00a0 per i prossimi tre mesi (almeno) la felicit\u00e0 e la spensieratezza che cerchiamo. Non c&#8217;\u00e8 nostalgia ma soltanto la voglia di nuotare e andare verso altre sponde. Il super liquidator in copertina rappresenta il simbolo di questa estate di solo divertimento come a 14 anni tra spruzzate e gavettoni fino a sera. \u00c8 questo il sentimento da ritrovare&#8221; <\/em><\/p><\/blockquote>\n<p>(I Botanici).<\/p>\n<p><em><strong>&#8220;Solsitizio Deluxe&#8221;<\/strong><\/em>, che verr\u00e0 presentato live in un tour per l&#8217;ultima estate del solstizio de\u00a0<strong>I Botanici<\/strong>, \u00e8 stato prodotto da\u00a0Alberto &#8220;Bebo&#8221; Guidetti\u00a0de\u00a0Lo Stato Sociale:<\/p>\n<blockquote><p><em> &#8220;Dopo un anno di vita di Solstizio, la pubblicazione di un singolo come Binario prodotto con Sollo e l\u2019arrivo di Un\u2019altra estate ho pensato fosse sensato -anche alla luce delle oltre cinquanta date di tour- ripubblicare l\u2019album per festeggiarne gli ottimi risultati. In questa versione Deluxe di Solstizio ci sar\u00e0 anche una cover de Lo Stato Sociale: Verde. Una strana b-side che nell\u2019estetica di musica e testo era gi\u00e0 un brano dei Botanici suonato da una band pop. In questa versione i pezzi tornano ad ordinarsi e il risultato \u00e8 una mina fotonica.Buon primo anno Solstizio e bravi ai miei fratelli Botanici, abbiamo ancora tanto da fare ma \u00e8 bello ogni tanto fermarsi per godersi i risultati&#8221;.<\/em><\/p><\/blockquote>\n<p style=\"text-align: center;\"><iframe loading=\"lazy\" src=\"https:\/\/open.spotify.com\/embed\/album\/4gC1A8EWVO4THbvM5HqMKm\" width=\"300\" height=\"380\" frameborder=\"0\"><\/iframe><\/p>\n<p>BIO:I Botanici sono Fons, Toni, Gas e il Ciani, vengono da Benevento e suonano post-hardcore\/emo con influenze indie e alternative. Alla matrice post-adolescenziale ed emotiva dei testi, I Botanici intrecciano una ricercatezza musicale che li avvicina al mondo delle piante, spontaneo e complesso allo stesso tempo. Quando suonano fanno poche chiacchiere e molto rumore.<br \/>\nL&#8217;esordio avviene nel 2015 con una demo di tre canzoni registrate male e una quarantina di concerti. Ad aprile 2017 esce il loro primo disco &#8220;Solstizio&#8221; per Garrincha Dischi a cui seguiranno trenta date in giro per l&#8217;Italia.<br \/>\nDa novembre, con l\u2019uscita del singolo Binario hanno continuato a suonare praticamente senza mai fermarsi. A Giugno del 2018 con l\u2019uscita del singolo \u201cUn\u2019altra estate\u201d e con l\u2019uscita di una versione deluxe di \u201cSolstizio\u201d, contenente i nuovi due singoli e una cover dello Stato Sociale, saranno ancora in giro per un\u2019altra estate, l\u2019ultima di Solstizio.<\/p>\n<p><strong> <img loading=\"lazy\" decoding=\"async\" class=\"aligncenter wp-image-34386\" src=\"http:\/\/www.piuomenopop.it\/wp-content\/uploads\/2018\/07\/botanici1-Small.jpg\" alt=\"\" width=\"700\" height=\"304\" srcset=\"https:\/\/www.piuomenopop.it\/wp-content\/uploads\/2018\/07\/botanici1-Small.jpg 854w, https:\/\/www.piuomenopop.it\/wp-content\/uploads\/2018\/07\/botanici1-Small-300x130.jpg 300w, https:\/\/www.piuomenopop.it\/wp-content\/uploads\/2018\/07\/botanici1-Small-768x334.jpg 768w\" sizes=\"auto, (max-width: 700px) 100vw, 700px\" \/><\/strong><\/p>\n<p>&nbsp;<\/p>\n","protected":false},"excerpt":{"rendered":"<div class=\"mh-excerpt\"><p>&#8220;SOLSTIZIO DELUXE&#8221; l&#8217;extended version dell&#8217;esordio de I BOTANICI Esce per Garrincha Dischi &#8220;Solstizio deluxe&#8221; de\u00a0I Botanici, un&#8217;extended version del loro esordio doscografico ad un anno <a class=\"mh-excerpt-more\" href=\"https:\/\/www.piuomenopop.it\/index.php\/2018\/07\/02\/esce-solstizio-deluxe-de-i-botanici\/\" title=\"Esce &#8220;Solstizio deluxe&#8221; de I Botanici\">[&#8230;]<\/a><\/p>\n<\/div>","protected":false},"author":1,"featured_media":34385,"comment_status":"closed","ping_status":"closed","sticky":false,"template":"","format":"standard","meta":{"sfsi_plus_gutenberg_text_before_share":"","sfsi_plus_gutenberg_show_text_before_share":"","sfsi_plus_gutenberg_icon_type":"","sfsi_plus_gutenberg_icon_alignemt":"","sfsi_plus_gutenburg_max_per_row":"","footnotes":"","_links_to":"","_links_to_target":""},"categories":[5184,3],"tags":[6434,996,3916,3427,6433],"class_list":["post-34384","post","type-post","status-publish","format-standard","has-post-thumbnail","hentry","category-calendario-concerti","category-news","tag-bebo-guidetti","tag-garrincha-dischi","tag-i-botanici","tag-lo-stato-sociale","tag-solstizio-deluxe"],"aioseo_notices":[],"_links":{"self":[{"href":"https:\/\/www.piuomenopop.it\/index.php\/wp-json\/wp\/v2\/posts\/34384","targetHints":{"allow":["GET"]}}],"collection":[{"href":"https:\/\/www.piuomenopop.it\/index.php\/wp-json\/wp\/v2\/posts"}],"about":[{"href":"https:\/\/www.piuomenopop.it\/index.php\/wp-json\/wp\/v2\/types\/post"}],"author":[{"embeddable":true,"href":"https:\/\/www.piuomenopop.it\/index.php\/wp-json\/wp\/v2\/users\/1"}],"replies":[{"embeddable":true,"href":"https:\/\/www.piuomenopop.it\/index.php\/wp-json\/wp\/v2\/comments?post=34384"}],"version-history":[{"count":2,"href":"https:\/\/www.piuomenopop.it\/index.php\/wp-json\/wp\/v2\/posts\/34384\/revisions"}],"predecessor-version":[{"id":34388,"href":"https:\/\/www.piuomenopop.it\/index.php\/wp-json\/wp\/v2\/posts\/34384\/revisions\/34388"}],"wp:featuredmedia":[{"embeddable":true,"href":"https:\/\/www.piuomenopop.it\/index.php\/wp-json\/wp\/v2\/media\/34385"}],"wp:attachment":[{"href":"https:\/\/www.piuomenopop.it\/index.php\/wp-json\/wp\/v2\/media?parent=34384"}],"wp:term":[{"taxonomy":"category","embeddable":true,"href":"https:\/\/www.piuomenopop.it\/index.php\/wp-json\/wp\/v2\/categories?post=34384"},{"taxonomy":"post_tag","embeddable":true,"href":"https:\/\/www.piuomenopop.it\/index.php\/wp-json\/wp\/v2\/tags?post=34384"}],"curies":[{"name":"wp","href":"https:\/\/api.w.org\/{rel}","templated":true}]}}