{"id":34552,"date":"2018-07-07T11:59:49","date_gmt":"2018-07-07T09:59:49","guid":{"rendered":"http:\/\/www.piuomenopop.it\/?p=34552"},"modified":"2018-07-07T12:01:22","modified_gmt":"2018-07-07T10:01:22","slug":"camignonissima-a-camignone-bs-il-festival-preistorico-con-dunk-stella-maris-sgrilli-scintilla-giorgio-cordini-e-altri-dal-19-al-29-luglio","status":"publish","type":"post","link":"https:\/\/www.piuomenopop.it\/index.php\/2018\/07\/07\/camignonissima-a-camignone-bs-il-festival-preistorico-con-dunk-stella-maris-sgrilli-scintilla-giorgio-cordini-e-altri-dal-19-al-29-luglio\/","title":{"rendered":"CAMIGNONISSIMA: a Camignone (BS) il festival &#8220;preistorico&#8221; con DUNK, STELLA MARIS, SGRILLI, SCINTILLA, GIORGIO CORDINI e altri dal 19 al 29 luglio"},"content":{"rendered":"<table class=\"m_9044265924809673506mcnTextBlock\" border=\"0\" width=\"100%\" cellspacing=\"0\" cellpadding=\"0\">\n<tbody class=\"m_9044265924809673506mcnTextBlockOuter\">\n<tr>\n<td class=\"m_9044265924809673506mcnTextBlockInner\" valign=\"top\">\n<table class=\"m_9044265924809673506mcnTextContentContainer\" border=\"0\" width=\"100%\" cellspacing=\"0\" cellpadding=\"0\" align=\"left\">\n<tbody>\n<tr>\n<td class=\"m_9044265924809673506mcnTextContent\" valign=\"top\">\n<div>\n<p style=\"text-align: center;\"><a href=\"https:\/\/www.facebook.com\/camignonissima\/\" target=\"_blank\" rel=\"noopener\"><strong><span class=\"il\">CAMIGNONISSIMA<\/span>\u00a02018<\/strong><\/a><\/p>\n<p style=\"text-align: center;\">19 &#8211; 22 luglio e 26 &#8211; 29 luglio<\/p>\n<p style=\"text-align: center;\">Camignone (BS), ingresso libero<\/p>\n<p style=\"text-align: center;\">La 34esima edizione del Festival &#8220;preistorico&#8221; degli #homocamignons mescola musica, comicit\u00e0 e buona cucina nelle verdi pianure della Franciacorta<\/p>\n<\/div>\n<\/td>\n<\/tr>\n<\/tbody>\n<\/table>\n<\/td>\n<\/tr>\n<\/tbody>\n<\/table>\n<table class=\"m_9044265924809673506mcnImageBlock\" border=\"0\" width=\"100%\" cellspacing=\"0\" cellpadding=\"0\">\n<tbody class=\"m_9044265924809673506mcnImageBlockOuter\">\n<tr>\n<td class=\"m_9044265924809673506mcnImageBlockInner\" valign=\"top\">\n<table class=\"m_9044265924809673506mcnImageContentContainer\" border=\"0\" width=\"100%\" cellspacing=\"0\" cellpadding=\"0\" align=\"left\">\n<tbody>\n<tr>\n<td class=\"m_9044265924809673506mcnImageContent\" valign=\"top\"><img loading=\"lazy\" decoding=\"async\" class=\"alignnone size-full wp-image-34555 aligncenter\" src=\"http:\/\/www.piuomenopop.it\/wp-content\/uploads\/2018\/07\/camignonissima1-Small.jpg\" alt=\"\" width=\"854\" height=\"316\" srcset=\"https:\/\/www.piuomenopop.it\/wp-content\/uploads\/2018\/07\/camignonissima1-Small.jpg 854w, https:\/\/www.piuomenopop.it\/wp-content\/uploads\/2018\/07\/camignonissima1-Small-300x111.jpg 300w, https:\/\/www.piuomenopop.it\/wp-content\/uploads\/2018\/07\/camignonissima1-Small-768x284.jpg 768w\" sizes=\"auto, (max-width: 854px) 100vw, 854px\" \/><\/td>\n<\/tr>\n<\/tbody>\n<\/table>\n<\/td>\n<\/tr>\n<\/tbody>\n<\/table>\n<table class=\"m_9044265924809673506mcnTextBlock\" border=\"0\" width=\"100%\" cellspacing=\"0\" cellpadding=\"0\">\n<tbody class=\"m_9044265924809673506mcnTextBlockOuter\">\n<tr>\n<td class=\"m_9044265924809673506mcnTextBlockInner\" valign=\"top\">\n<table class=\"m_9044265924809673506mcnTextContentContainer\" border=\"0\" width=\"100%\" cellspacing=\"0\" cellpadding=\"0\" align=\"left\">\n<tbody>\n<tr>\n<td class=\"m_9044265924809673506mcnTextContent\" valign=\"top\">\n<div>\n<div>\n<p><a href=\"https:\/\/macrameufficiostampa.us8.list-manage.com\/track\/click?u=37c83826ed23d2fb3c24c3cf8&amp;id=11bfab8f0f&amp;e=a3e7e8d894\" target=\"_blank\" rel=\"noopener\" data-saferedirecturl=\"https:\/\/www.google.com\/url?hl=it&amp;q=https:\/\/macrameufficiostampa.us8.list-manage.com\/track\/click?u%3D37c83826ed23d2fb3c24c3cf8%26id%3D11bfab8f0f%26e%3Da3e7e8d894&amp;source=gmail&amp;ust=1531043530311000&amp;usg=AFQjCNHQNXgr_gy4ErNTC99RyThzjYfDzQ\">SCARICA LA LOCANDINA COMPLETA<\/a><\/p>\n<p><strong><span class=\"il\">Camignonissima<\/span><\/strong>\u00a0invecchia e lo fa sempre meglio! Giunto alla\u00a0<strong>34esima edizione<\/strong>, il Festival di\u00a0<strong>Camignone<\/strong>, frazione di\u00a0<strong>Passirano (BS)<\/strong>\u00a0\u00e8 una realt\u00e0 storica, anzi\u00a0<em>preistorica<\/em>, del panorama festivaliero bresciano. Infatti se l&#8217;anno scorso ad accompagnare\u00a0<span class=\"il\">Camignonissima<\/span>c&#8217;erano dei giurassici dinosauri, quest&#8217;anno arrivano dal passato pi\u00f9 remoto gli<strong>#homocamignons<\/strong>, eccentrici uomini delle caverne che saranno le mascotte di questa nuova edizione del Festival e del suo mix di musica, comicit\u00e0 e buona cucina.<\/p>\n<p><strong>Da gioved\u00ec 19 a domenica 22 luglio<\/strong>\u00a0e\u00a0<strong>da gioved\u00ec 26 a domenica 29 luglio<\/strong>\u00a0saliranno sul palco del Festival\u00a0<strong>DUNK<\/strong>,\u00a0<strong>Stella Maris<\/strong>,\u00a0<strong>Sergio Sgrilli<\/strong>,\u00a0<strong>Scintilla<\/strong>,\u00a0<strong>Giorgio Cordini<\/strong>\u00a0con la sua rilettura de \u201c<strong>La Buona Novella<\/strong>\u201d di De Andr\u00e9,\u00a0<strong>Hell Spet<\/strong>,\u00a0<strong>Selvaggi Band<\/strong>, il tributo a Celentano de \u201c<strong>Il Re degli Ignoranti<\/strong>\u201d, e poi ancora<strong>\u00a0Karmasonica<\/strong>,<strong>\u00a0Il Sistema di Mel<\/strong>,<strong>Piccola Orchestra Karasci\u00f2<\/strong>\u00a0e\u00a0<strong>James and the Butcher<\/strong>. Tutto ad ingresso gratuito.<\/p>\n<p>Ma ad aprire\u00a0<span class=\"il\">Camignonissima<\/span>\u00a0<strong>gioved\u00ec 19<\/strong>\u00a0luglio sar\u00e0 \u201c<strong>Colorissima \/ Fabio Corre con Noi<\/strong>\u201d. La\u00a0<em>color run<\/em>\u00a0\u2013 in ricordo di Fabio Moretti, componente del consiglio e amico di<span class=\"il\">Camignonissima<\/span>\u00a0\u2013 sar\u00e0 una corsa (o una camminata) non competitiva nella quale i partecipanti\u00a0<strong>potranno \u201ccolorarsi\u201d con delle polveri lavabili e non tossiche di varie tonalit\u00e0<\/strong>. \u201cColorissima\u201d si svolger\u00e0 lungo un\u00a0<strong>percorso di 5 km\u00a0<\/strong>e sar\u00e0 aperta alle persone di ogni et\u00e0. Le iscrizioni si possono fare sul sito di\u00a0<span class=\"il\">Camignonissima<\/span>\u00a0oppure prima dell&#8217;inizio della corsa, a partire dalle 18.30 nell&#8217;area del Festival, che sar\u00e0 animata da un dj set. Il costo di partecipazione \u00e8 di 10 \u20ac per gli adulti e di 7 \u20ac per i bambini, con l&#8217;iscrizione verranno consegnate\u00a0una maglietta celebrativa della giornata e due bustine di colore.<\/p>\n<p><span class=\"il\">Camignonissima<\/span>\u00a0proseguir\u00e0 poi<strong>\u00a0venerd\u00ec 20 luglio<\/strong>\u00a0con\u00a0<strong>Il Re degli Ignoranti<\/strong>,<strong>\u00a0<\/strong>l&#8217;eccezionale tributo ad\u00a0<strong>Adriano Celentano<\/strong>\u00a0che ripercorrer\u00e0 la carriera del Molleggiato con le sue pi\u00f9 belle canzoni.<br \/>\n<strong>Sabato 21 luglio<\/strong>\u00a0torner\u00e0 sul palco di\u00a0<span class=\"il\">Camignonissima<\/span>\u00a0<strong>Giorgio Cordini<\/strong>, chitarrista degli ultimi tour di\u00a0<strong>Fabrizio De Andr\u00e9<\/strong>\u00a0che omagger\u00e0 il cantautore genovese eseguendo per intero insieme alla sua band \u201c<strong>La Buona Novella<\/strong>\u201d, uno dei dischi pi\u00f9 importanti di Faber.<\/p>\n<p>Chiusura del primo finesettimana\u00a0<strong>domenica 22 luglio<\/strong>\u00a0come da tradizione all&#8217;insegna della comicit\u00e0: arriva a Camignone\u00a0<strong>Gianluca \u201c<\/strong><strong>Scintilla\u201d<\/strong><strong>\u00a0Fubelli<\/strong>, conduttore e mattatore di Colorado ma soprattutto uno dei comici pi\u00f9 divertenti che sono apparsi in tv negli ultimi anni.<\/p>\n<p>Il secondo finesettimana di\u00a0<span class=\"il\">Camignonissima<\/span>\u00a02018 inizier\u00e0<strong>\u00a0gioved\u00ec 26 luglio<\/strong>\u00a0con una bella botta di energia. Gli\u00a0<strong>Hell Spet\u00a0<\/strong>sono una band Hellbilly Cowpunk, come si definiscono loro, e propongono un misto di country, punk, hillbilly in un live senza fronzoli ma decisamente impattante. La\u00a0<strong>Selvaggi Band\u00a0<\/strong>\u00e8 un gruppo folk con sonorit\u00e0 irish e country, testi in italiano e dialetto bresciano e una resa live ruspante, \u201csudata\u201d e stradaiola.<\/p>\n<p>Due super-gruppi invece per le imperdibili serate indie di questa edizione, fra cantautorato, rock visionario, psichedelia e live di straordinaria intensit\u00e0.<br \/>\n<strong>Venerd\u00ec 27 luglio<\/strong>\u00a0il concerto degli\u00a0<strong>Stella Maris<\/strong>, band formata da\u00a0<strong>Umberto Maria Giardini<\/strong>\u00a0(ex Moltheni) alla voce,\u00a0<strong>Ugo Cappadonia<\/strong>\u00a0(collaborazioni con SickTamburo e Il Pan Del Diavolo) e\u00a0<strong>Gianluca Bartolo\u00a0<\/strong>(Il Pan del diavolo) alle chitarre,\u00a0<strong>Emanuele Alosi\u00a0<\/strong>(La banda del pozzo) alla batteria e\u00a0<strong>Paolo Narduzzo<\/strong>\u00a0(Universal Sex Arena) al basso. I cinque presenteranno i brani dell&#8217;omonimo disco d&#8217;esordio, secondo Rockit.it \u201c<em>un piccolo tesoro di ritmiche pop e materia rock che si scioglie in fluidi passaggi di scintillante armonia<\/em>\u201d.<br \/>\nIn apertura il rock emozionale dei\u00a0<strong>Karmasonica<\/strong>\u00a0e il folk cantautorale della\u00a0<strong>Piccola Orchestra Karasci\u00f2<\/strong>.<\/p>\n<p><strong>Sabato 28 luglio\u00a0<\/strong>chiuderanno il loro tour estivo proprio a Camignone i\u00a0<strong>DUNK<\/strong>, ovvero<strong>Ettore\u00a0<\/strong>e\u00a0<strong>Marco Giuradei<\/strong>\u00a0(rispettivamente voce e chitarra il primo, piano e synth il secondo),\u00a0<strong>Carmelo Pipitone<\/strong>\u00a0dei Marta sui tubi (chitarra) e\u00a0<strong>Luca Ferrari<\/strong>\u00a0dei Verdena (batteria). Rockit.it racconta il loro omonimo disco d&#8217;esordio come un concentrato di \u201c<em>chitarre gonfie di istinto e una batteria che segna il percorso coi denti, e oceani montanti di progressioni psichedeliche, rock puro e infiammato spirito cantautorale<\/em>\u201d.<br \/>\nIn apertura il rock teso de\u00a0<strong>Il sistema di Mel\u00a0<\/strong>e l&#8217;electro-rock fantasmagorico di\u00a0<strong>James and the Butcher<\/strong>.<\/p>\n<p><strong>Domenica 29 luglio<\/strong>\u00a0<span class=\"il\">Camignonissima<\/span>\u00a0dar\u00e0 il proprio arrivederci all&#8217;anno prossimo insieme a<strong>Sergio Sgrilli<\/strong>. Comico e cabarettista, cantautore e attore, Sgrilli \u00e8 stato per molti anni una presenza fissa a Zelig. Porter\u00e0 sul palco le sue canzoni e le sue battute beffarde e urticanti, che non risparmiano la politica, il costume, le follie e le contraddizioni del nostro tempo.<\/p>\n<p>Si chiuder\u00e0 cos\u00ec, all&#8217;insegna della comicit\u00e0, l&#8217;edizione 2018 di\u00a0<strong><span class=\"il\">Camignonissima<\/span><\/strong>, che durante tutti gli otto giorni del Festival proporr\u00e0 al pubblico la propria cucina all&#8217;insegna della gastronomia di qualit\u00e0, con men\u00f9 a base di\u00a0<strong>casoncelli bresciani<\/strong>,\u00a0<strong>salamine<\/strong>,\u00a0<strong>tagliate<\/strong>,<strong>polletti<\/strong>, una specialit\u00e0 del Festival come la\u00a0<strong>torta fritta dolce<\/strong>\u00a0(con nutella) o\u00a0<strong>salata<\/strong>\u00a0(con prosciutto crudo) e molto altro. Senza dimenticare l&#8217;area per bambini con i gonfiabili e le attivit\u00e0 sportive.<\/p>\n<p>Tutto questo \u00e8\u00a0<strong><span class=\"il\">Camignonissima<\/span>\u00a02018<\/strong>,\u00a0<strong>#unaestapreistorica<\/strong>!<\/p>\n<p>Media Parnerships:\u00a0<strong>Radio Bruno<\/strong>\u00a0\u2013\u00a0<strong>Nonsense Mag<\/strong>\u00a0\u2013\u00a0<strong>Pi\u00f9 o meno Pop<\/strong>\u00a0\u2013\u00a0<strong>TRAKS<\/strong><\/p>\n<p><b>\u00a0<\/b><\/p>\n<\/div>\n<\/div>\n<\/td>\n<\/tr>\n<\/tbody>\n<\/table>\n<\/td>\n<\/tr>\n<\/tbody>\n<\/table>\n","protected":false},"excerpt":{"rendered":"<div class=\"mh-excerpt\"><p>CAMIGNONISSIMA\u00a02018 19 &#8211; 22 luglio e 26 &#8211; 29 luglio Camignone (BS), ingresso libero La 34esima edizione del Festival &#8220;preistorico&#8221; degli #homocamignons mescola musica, comicit\u00e0 <a class=\"mh-excerpt-more\" href=\"https:\/\/www.piuomenopop.it\/index.php\/2018\/07\/07\/camignonissima-a-camignone-bs-il-festival-preistorico-con-dunk-stella-maris-sgrilli-scintilla-giorgio-cordini-e-altri-dal-19-al-29-luglio\/\" title=\"CAMIGNONISSIMA: a Camignone (BS) il festival &#8220;preistorico&#8221; con DUNK, STELLA MARIS, SGRILLI, SCINTILLA, GIORGIO CORDINI e altri dal 19 al 29 luglio\">[&#8230;]<\/a><\/p>\n<\/div>","protected":false},"author":1,"featured_media":34558,"comment_status":"closed","ping_status":"closed","sticky":false,"template":"","format":"standard","meta":{"sfsi_plus_gutenberg_text_before_share":"","sfsi_plus_gutenberg_show_text_before_share":"","sfsi_plus_gutenberg_icon_type":"","sfsi_plus_gutenberg_icon_alignemt":"","sfsi_plus_gutenburg_max_per_row":"","footnotes":"","_links_to":"","_links_to_target":""},"categories":[5184,3],"tags":[12,6461,3697,4526,4558],"class_list":["post-34552","post","type-post","status-publish","format-standard","has-post-thumbnail","hentry","category-calendario-concerti","category-news","tag-brescia","tag-camignone","tag-camignonissima","tag-dunk","tag-stella-maris"],"aioseo_notices":[],"_links":{"self":[{"href":"https:\/\/www.piuomenopop.it\/index.php\/wp-json\/wp\/v2\/posts\/34552","targetHints":{"allow":["GET"]}}],"collection":[{"href":"https:\/\/www.piuomenopop.it\/index.php\/wp-json\/wp\/v2\/posts"}],"about":[{"href":"https:\/\/www.piuomenopop.it\/index.php\/wp-json\/wp\/v2\/types\/post"}],"author":[{"embeddable":true,"href":"https:\/\/www.piuomenopop.it\/index.php\/wp-json\/wp\/v2\/users\/1"}],"replies":[{"embeddable":true,"href":"https:\/\/www.piuomenopop.it\/index.php\/wp-json\/wp\/v2\/comments?post=34552"}],"version-history":[{"count":3,"href":"https:\/\/www.piuomenopop.it\/index.php\/wp-json\/wp\/v2\/posts\/34552\/revisions"}],"predecessor-version":[{"id":34560,"href":"https:\/\/www.piuomenopop.it\/index.php\/wp-json\/wp\/v2\/posts\/34552\/revisions\/34560"}],"wp:featuredmedia":[{"embeddable":true,"href":"https:\/\/www.piuomenopop.it\/index.php\/wp-json\/wp\/v2\/media\/34558"}],"wp:attachment":[{"href":"https:\/\/www.piuomenopop.it\/index.php\/wp-json\/wp\/v2\/media?parent=34552"}],"wp:term":[{"taxonomy":"category","embeddable":true,"href":"https:\/\/www.piuomenopop.it\/index.php\/wp-json\/wp\/v2\/categories?post=34552"},{"taxonomy":"post_tag","embeddable":true,"href":"https:\/\/www.piuomenopop.it\/index.php\/wp-json\/wp\/v2\/tags?post=34552"}],"curies":[{"name":"wp","href":"https:\/\/api.w.org\/{rel}","templated":true}]}}