{"id":35052,"date":"2018-07-17T20:04:25","date_gmt":"2018-07-17T18:04:25","guid":{"rendered":"http:\/\/www.piuomenopop.it\/?p=35052"},"modified":"2018-07-17T20:04:25","modified_gmt":"2018-07-17T18:04:25","slug":"lunione-fa-la-forza-intervista-a-ugo-cappadonia-degli-stella-maris","status":"publish","type":"post","link":"https:\/\/www.piuomenopop.it\/index.php\/2018\/07\/17\/lunione-fa-la-forza-intervista-a-ugo-cappadonia-degli-stella-maris\/","title":{"rendered":"L&#8217;unione fa la forza: intervista a Ugo Cappadonia degli Stella Maris"},"content":{"rendered":"<p>Intervista a cura di:<strong> <a href=\"https:\/\/www.facebook.com\/antobastanza\" target=\"_blank\" rel=\"noopener\">Antonio Bastanza<\/a><\/strong><\/p>\n<p>&nbsp;<\/p>\n<p><a href=\"https:\/\/www.facebook.com\/stellamarisufficiale\/\" target=\"_blank\" rel=\"noopener\"><strong>Stella Maris<\/strong><\/a> \u00e8 la band nata da un&#8217;idea di <strong>Umberto Maria Giardini<\/strong>, che ha voluto con s\u00e9 in formazione <strong>Ugo Cappadonia, Gianluca Bartolo, Paolo Narduzzo<\/strong> ed <strong>Emanuele Alosi. <\/strong>Nell&#8217;album di esordio, pubblicato lo scorso novembre, la classe e l&#8217;intensit\u00e0 poetica della voce di Giardini si mescolano alle personalit\u00e0 degli altri membri della band, creando un sound che richiama la dolcezza degli<strong> Smith<\/strong> e il pop inglese anni &#8217;80\u00a0 (<a href=\"https:\/\/www.piuomenopop.it\/index.php\/2017\/11\/22\/lastro-pop-nella-tempesta\/\" target=\"_blank\" rel=\"noopener\">qui la nostra recensione)<\/a>.<\/p>\n<p>Alla vigilia del Festival <a href=\"https:\/\/www.facebook.com\/camignonissima\/\"><strong>Camignonissima<\/strong><\/a>, giunto ormai alla 34esima edizione, che si distingue da sempre per un ampio cartellone di artisti musicali e non solo, abbiamo voluto intervistare Ugo Cappadonia, per conoscere qualcosa in pi\u00f9 di questo interessantissimo gruppo.<\/p>\n<p>&nbsp;<\/p>\n<p><img loading=\"lazy\" decoding=\"async\" class=\"alignnone size-medium wp-image-26948 aligncenter\" src=\"http:\/\/www.piuomenopop.it\/wp-content\/uploads\/2017\/11\/stella-maris-cover-cd_-300x300.jpg\" alt=\"\" width=\"300\" height=\"300\" srcset=\"https:\/\/www.piuomenopop.it\/wp-content\/uploads\/2017\/11\/stella-maris-cover-cd_-300x300.jpg 300w, https:\/\/www.piuomenopop.it\/wp-content\/uploads\/2017\/11\/stella-maris-cover-cd_-150x150.jpg 150w, https:\/\/www.piuomenopop.it\/wp-content\/uploads\/2017\/11\/stella-maris-cover-cd_-60x60.jpg 60w, https:\/\/www.piuomenopop.it\/wp-content\/uploads\/2017\/11\/stella-maris-cover-cd_.jpg 600w\" sizes=\"auto, (max-width: 300px) 100vw, 300px\" \/><\/p>\n<p>&nbsp;<\/p>\n<p><strong>Ho letto da qualche parte che gli Stella Maris sono nati quasi per gioco, senza nessuna velleit\u00e0 particolare, e la cosa mi ha incuriosito: ci racconti come \u00e8 nata l\u2019idea di questo progetto?<\/strong><\/p>\n<p>\u00c8 nato tutto da un&#8217;idea di Umberto Giardini, che aveva in mente di formare una nuova band, parallelamente alla sua carriera solista, che riproponesse sonorit\u00e0 e atmosfere legate alla new wave e pi\u00f9 in generale al suono Britsh degli anni &#8217;80. L&#8217;idea era di vedersi in sala prove, scrivere qualche brano e vedere cosa sarebbe accaduto, senza alcun programma stabilito.<\/p>\n<p>&nbsp;<\/p>\n<p><strong>Gli Stella Maris nascono dalla confluenza di esperienze importanti di musicisti con un vissuto artistico abbastanza diverso tra loro: in che modo il vostro passato musicale ha influenzato le canzoni del disco?<\/strong><\/p>\n<p>Direi che questo ha influenzato principalmente la facilit\u00e0 e la velocit\u00e0 con cui \u00e8 stato fatto il tutto. Ognuno di noi avendo gi\u00e0 grande esperienza alle spalle ha svolto il suo compito in maniera semplicissima e visto che l&#8217;unione fa la forza \u00e8 stato tutto facile, immediato e veloce perch\u00e8 sapevamo dove stavamo andando.<\/p>\n<p>&nbsp;<\/p>\n<p><strong>Il vostro \u00e8 un disco emotivamente forte, di grande impatto, non a caso incentrato sull\u2019amore inteso in tutte le sue forme. come \u00e8 nato?<\/strong><\/p>\n<p>Il disco \u00e8 al 90% incentrato sull&#8217;amore omosessuale.\u00a0\u00c8 un tema che non \u00e8 stato mai trattato abbastanza nella musica leggera, e in questo preciso momento storico abbiamo ritenuto opportuno incentrare il significato dell&#8217;album su questo.<\/p>\n<p><strong>Musicalmente il disco \u00e8 molto orientato su un poprock molto smithsiano, fresco ed evocativo. Quanto i lavori della band di Morrissey hanno influenzato i vostri brani?<\/strong><\/p>\n<p>Molto, ma non del tutto. Ci siamo dati questo riferimento esclusivamente per dare subito un&#8217;identit\u00e0 al progetto e un&#8217;uniformit\u00e0 che altrimenti, visto che proveniamo tutti da esperienze musicali diverse, sarebbe stato pi\u00f9 caotico trovare. Diciamo che abbiamo scelto una rotta e l&#8217;abbiamo seguita, per arrivare tutti insieme alla stessa meta. Anche il processo di scrittura \u00e8 stato impostato sulla divisione dei compiti tra Umberto Maria Giardini, che si \u00e8 dedicato alle liriche e alle melodie, e io che mi sono concentrato sui riff e i giri di chitarra. Tutta la band poi ha messo del suo nell&#8217;arragiamento dell&#8217;album.<\/p>\n<p>&nbsp;<\/p>\n<p><strong>I suoni dei vostri brani richiamano esplicitamente certa musica degli anni 80. avete utilizzato qualche accorgimento particolare durate la registrazione, ad esempio strumenti dell\u2019epoca?<\/strong><\/p>\n<p>Si. l&#8217;intero suono dell&#8217;album e degli Stella Maris \u00e8 incentrato sull&#8217;amplificatore roland jazz chorus 120 originale degli anni &#8217;80. L&#8217;album \u00e8 stato registrato a nastro suonando tutti insieme con pochissime sovraincisioni, tutto qua.<\/p>\n<p>&nbsp;<\/p>\n<p><strong>A guardarvi dal vivo, vedere l\u2019affiatamento tra di voi sembra suoniate insieme da un decennio quando invece il progetto \u00e8 nato relativamente da poco. In pi\u00f9, ci\u00f2 che sorprende dei vostri concerti \u00e8 l\u2019atmosfera intima e suggestiva, quasi unica, che riuscite a creare. Quanto \u00e8 stato difficile creare una alchimia del genere tra di voi nei live?<\/strong><\/p>\n<p>Non \u00e8 stato difficile, come nella realizzazione del disco anche preparare il live \u00e8 stato molto immediato. La vera difficolt\u00e0 \u00e8 stata nel trovare periodi di disponibilit\u00e0 tra gli impegni di tutti. Ma quando siamo insieme \u00e8 tutto magico.<\/p>\n<p>&nbsp;<\/p>\n<p><strong>Ho trovato curiosa la copertina del disco, forse perch\u00e9 mi ricorda un piatto appeso su una parete di casa dei miei nonni. Com&#8217;\u00e8 nata l\u2019idea?<\/strong><\/p>\n<p>L&#8217;idea anche in questo caso \u00e8 stata di Umberto Giardini. Volevamo qualcosa di semplice e delicato, ma che fosse al tempo stesso una sorta di biglietto da visita. Ecco, potrebbe significare \u201cquesto \u00e8 quello che abbiamo preparato per voi\u201d.<\/p>\n<p>&nbsp;<\/p>\n<p><strong>Cosa c\u2019\u00e8 nel futuro degli Stella Maris?<\/strong><\/p>\n<p>Ancora \u00e8 presto per dirlo. Andremo in tour probabilmente fino alla fine dell&#8217;anno. Poi Umberto Maria Giardini pubblicher\u00e0 il suo nuovo album \u201cForma Mentis\u201d e io sto gi\u00e0 lavorando al mio prossimo album solista. Ma abbiamo gi\u00e0 registrato dei brani inediti e stiamo continuando a scrivere, ci piacerebbe realizzare un secondo album di sicuro.<\/p>\n","protected":false},"excerpt":{"rendered":"<div class=\"mh-excerpt\"><p>Intervista a cura di: Antonio Bastanza &nbsp; Stella Maris \u00e8 la band nata da un&#8217;idea di Umberto Maria Giardini, che ha voluto con s\u00e9 in <a class=\"mh-excerpt-more\" href=\"https:\/\/www.piuomenopop.it\/index.php\/2018\/07\/17\/lunione-fa-la-forza-intervista-a-ugo-cappadonia-degli-stella-maris\/\" title=\"L&#8217;unione fa la forza: intervista a Ugo Cappadonia degli Stella Maris\">[&#8230;]<\/a><\/p>\n<\/div>","protected":false},"author":1,"featured_media":26948,"comment_status":"closed","ping_status":"closed","sticky":false,"template":"","format":"standard","meta":{"sfsi_plus_gutenberg_text_before_share":"","sfsi_plus_gutenberg_show_text_before_share":"","sfsi_plus_gutenberg_icon_type":"","sfsi_plus_gutenberg_icon_alignemt":"","sfsi_plus_gutenburg_max_per_row":"","footnotes":"","_links_to":"","_links_to_target":""},"categories":[4],"tags":[3697,4559,4140,6624,4556,4558,2558],"class_list":["post-35052","post","type-post","status-publish","format-standard","has-post-thumbnail","hentry","category-interviste","tag-camignonissima","tag-emanuele-alosi","tag-gianluca-bartolo","tag-go-cappadonia","tag-paolo-narduzzo","tag-stella-maris","tag-umberto-maria-giardini"],"aioseo_notices":[],"_links":{"self":[{"href":"https:\/\/www.piuomenopop.it\/index.php\/wp-json\/wp\/v2\/posts\/35052","targetHints":{"allow":["GET"]}}],"collection":[{"href":"https:\/\/www.piuomenopop.it\/index.php\/wp-json\/wp\/v2\/posts"}],"about":[{"href":"https:\/\/www.piuomenopop.it\/index.php\/wp-json\/wp\/v2\/types\/post"}],"author":[{"embeddable":true,"href":"https:\/\/www.piuomenopop.it\/index.php\/wp-json\/wp\/v2\/users\/1"}],"replies":[{"embeddable":true,"href":"https:\/\/www.piuomenopop.it\/index.php\/wp-json\/wp\/v2\/comments?post=35052"}],"version-history":[{"count":1,"href":"https:\/\/www.piuomenopop.it\/index.php\/wp-json\/wp\/v2\/posts\/35052\/revisions"}],"predecessor-version":[{"id":35053,"href":"https:\/\/www.piuomenopop.it\/index.php\/wp-json\/wp\/v2\/posts\/35052\/revisions\/35053"}],"wp:featuredmedia":[{"embeddable":true,"href":"https:\/\/www.piuomenopop.it\/index.php\/wp-json\/wp\/v2\/media\/26948"}],"wp:attachment":[{"href":"https:\/\/www.piuomenopop.it\/index.php\/wp-json\/wp\/v2\/media?parent=35052"}],"wp:term":[{"taxonomy":"category","embeddable":true,"href":"https:\/\/www.piuomenopop.it\/index.php\/wp-json\/wp\/v2\/categories?post=35052"},{"taxonomy":"post_tag","embeddable":true,"href":"https:\/\/www.piuomenopop.it\/index.php\/wp-json\/wp\/v2\/tags?post=35052"}],"curies":[{"name":"wp","href":"https:\/\/api.w.org\/{rel}","templated":true}]}}