{"id":35093,"date":"2018-07-18T14:30:11","date_gmt":"2018-07-18T12:30:11","guid":{"rendered":"http:\/\/www.piuomenopop.it\/?p=35093"},"modified":"2018-07-18T21:54:57","modified_gmt":"2018-07-18T19:54:57","slug":"festa-della-musica-di-chianciano-terme","status":"publish","type":"post","link":"https:\/\/www.piuomenopop.it\/index.php\/2018\/07\/18\/festa-della-musica-di-chianciano-terme\/","title":{"rendered":"Festa della musica di Chianciano Terme"},"content":{"rendered":"<p><img loading=\"lazy\" decoding=\"async\" class=\"aligncenter wp-image-35094\" src=\"http:\/\/www.piuomenopop.it\/wp-content\/uploads\/2018\/07\/festa-della-musica-2018.jpg\" alt=\"\" width=\"700\" height=\"266\" srcset=\"https:\/\/www.piuomenopop.it\/wp-content\/uploads\/2018\/07\/festa-della-musica-2018.jpg 1556w, https:\/\/www.piuomenopop.it\/wp-content\/uploads\/2018\/07\/festa-della-musica-2018-1536x584.jpg 1536w, https:\/\/www.piuomenopop.it\/wp-content\/uploads\/2018\/07\/festa-della-musica-2018-300x114.jpg 300w, https:\/\/www.piuomenopop.it\/wp-content\/uploads\/2018\/07\/festa-della-musica-2018-768x292.jpg 768w, https:\/\/www.piuomenopop.it\/wp-content\/uploads\/2018\/07\/festa-della-musica-2018-1024x390.jpg 1024w\" sizes=\"auto, (max-width: 700px) 100vw, 700px\" \/><\/p>\n<p>&nbsp;<\/p>\n<p align=\"CENTER\"><span style=\"font-family: Arial, sans-serif;\">Dal 25 al 29 luglio\u00a0<\/span><span style=\"font-family: Arial, sans-serif;\">nell\u2019epicentro toscano del benessere termale<\/span><\/p>\n<p><span style=\"font-family: Arial, sans-serif; font-size: large;\"><b>Conto alla rovescia per la <a href=\"https:\/\/www.facebook.com\/events\/601100320253174\/\" target=\"_blank\" rel=\"noopener\">Festa della musica di Chianciano Terme<\/a> al Parco Fucoli\u00a0<\/b><\/span><span style=\"font-family: Arial, sans-serif;\"><br \/>\nOspiti di questa XIX edizione: Nitro, Dunk, Monkey Onecanobey, Forelock &amp; Arawak, Dub Inc, Red Lines, Bangcock, Disperato Circo Musicale e molti altri ancora.\u00a0<\/span><span style=\"font-family: Arial, sans-serif;\">L\u2019evento, ad ingresso completamente libero, \u00e8 organizzato da oltre 200 volontari<\/span><span style=\"font-family: Arial, sans-serif;\"><br \/>\n<\/span><span style=\"font-family: Arial, sans-serif;\"><b><br \/>\n<\/b><\/span><span style=\"font-family: Arial, sans-serif;\">Apertura area ristoro ore 19:30 &#8211; Inizio concerti ore 22:00<\/span><\/p>\n<p align=\"JUSTIFY\"><span style=\"font-family: Arial, sans-serif;\"><br \/>\n<\/span><span style=\"color: #000000;\"><span style=\"font-family: Arial, sans-serif;\">Chianciano Terme, 18 luglio 2018 &#8211; Un\u00a0<\/span><\/span><span style=\"color: #000000;\"><span style=\"font-family: Arial, sans-serif;\">festival<\/span><\/span><span style=\"color: #000000;\"><span style=\"font-family: Arial, sans-serif;\">\u00a0che coinvolge un&#8217;intera comunit\u00e0, i cui ingredienti principali sono la buona musica e la buona cucina. \u00c8 la Festa della musica e cacciagione a cena di Chianciano Terme, dal 25 al 29 luglio al Parco Fucoli ad ingresso completamente libero.\u00a0<\/span><\/span><span style=\"color: #000000;\"><span style=\"font-family: Arial, sans-serif;\">La rassegna,\u00a0<\/span><\/span><span style=\"color: #000000;\"><span style=\"font-family: Arial, sans-serif;\">patrocinata e supportata dal Comune di Chianciano Terme, giunge quest&#8217;anno alla sua\u00a0<\/span><\/span><span style=\"color: #000000;\"><span style=\"font-family: Arial, sans-serif;\">XIX edizione e nei suoi 5 giorni di programmazione vedr\u00e0\u00a0<\/span><\/span><span style=\"font-family: Arial, sans-serif;\">alternarsi sul palco alcuni dei nomi pi\u00f9 forti del panorama indipendente italiano e internazionale. Tra questi\u00a0<\/span><span style=\"font-family: Arial, sans-serif;\">Nitro, Dunk, Monkey Onecanobey, Forelock &amp; Arawak, Dub Inc, Red Lines, Bangcock, Disperato Circo Musicale e molti altri ancora<\/span><span style=\"color: #000000;\"><span style=\"font-family: Arial, sans-serif;\">.\u00a0<\/span><\/span><span style=\"color: #000000;\"><span style=\"font-family: Arial, sans-serif;\">Immancabile come in ogni edizione il ristorante a km Zero nel quale faranno mostra di s\u00e9 gustosi piatti a base di cacciagione. Grande cura sar\u00e0 dedicata anche agli allestimenti con spazi creativi realizzati con materiali di riciclo, in linea con le prerogative del festival.<br \/>\n<\/span><\/span><span style=\"color: #000000;\"><span style=\"font-family: Arial, sans-serif;\">La manifestazione\u00a0<\/span><\/span><span style=\"color: #000000;\"><span style=\"font-family: Arial, sans-serif;\">nasce dal basso con l&#8217;impegno di oltre 200 persone ed un\u2019organizzazione, quella del Comitato Chiancianese E20, che ogni anno raccoglie la sfida di creare un evento<br \/>\nche possa garantire ottimi standard di qualit\u00e0 pur basandosi quasi esclusivamente sul volontariato.<\/span><\/span><\/p>\n<p align=\"JUSTIFY\"><span style=\"color: #000000;\"><span style=\"font-family: Arial, sans-serif;\">Il programma prende il via\u00a0<\/span><\/span><span style=\"color: #000000;\"><span style=\"font-family: Arial, sans-serif;\"><b>mercoled\u00ec 25\u00a0<\/b><\/span><\/span><span style=\"color: #000000;\"><span style=\"font-family: Arial, sans-serif;\">con una serata tutta dedicata alle band a \u201cKm Zero\u201d. Sul palco i giovanissimi\u00a0<\/span><\/span><span style=\"color: #000000;\"><span style=\"font-family: Arial, sans-serif;\"><b>Daddo<\/b><\/span><\/span><span style=\"color: #000000;\"><span style=\"font-family: Arial, sans-serif;\">\u00a0e\u00a0<\/span><\/span><span style=\"color: #000000;\"><span style=\"font-family: Arial, sans-serif;\"><b>TwoLo<\/b><\/span><\/span><span style=\"color: #000000;\"><span style=\"font-family: Arial, sans-serif;\">\u00a0uniti dalla passione per il rap. Con loro l\u2019energia pura dei\u00a0<\/span><\/span><span style=\"color: #000000;\"><span style=\"font-family: Arial, sans-serif;\"><b>Jess\u2019s Games<\/b><\/span><\/span><span style=\"color: #000000;\"><span style=\"font-family: Arial, sans-serif;\">, gruppo trasformista e poliedrico che riesce a passare da atmosfere puramente rock\/blues al funky a ell&#8217;R&amp;B. Chiude la line up la musica elettronica di\u00a0<\/span><\/span><span style=\"color: #000000;\"><span style=\"font-family: Arial, sans-serif;\"><b>Leletronika<\/b><\/span><\/span><span style=\"color: #000000;\"><span style=\"font-family: Arial, sans-serif;\">, progetto nato nel 2010 da Gabriele Coppi (polistrumentista, leader e produttore della band).<\/span><\/span><\/p>\n<p align=\"JUSTIFY\"><span style=\"color: #000000;\"><span style=\"font-family: Arial, sans-serif;\"><b>Gioved\u00ec 26\u00a0<\/b><\/span><\/span><span style=\"color: #000000;\"><span style=\"font-family: Arial, sans-serif;\">spazio ai primi big. Sul palco\u00a0<\/span><\/span><span style=\"color: #000000;\"><span style=\"font-family: Arial, sans-serif;\">lla stessa serata i\u00a0<\/span><\/span><span style=\"color: #000000;\"><span style=\"font-family: Arial, sans-serif;\"><b>Dunk e i<\/b><\/span><\/span><span style=\"color: #000000;\"><span style=\"font-family: Arial, sans-serif;\">\u00a0<\/span><\/span><span style=\"color: #000000;\"><span style=\"font-family: Arial, sans-serif;\"><b>Monkey OneCanObey.<br \/>\n<\/b><\/span><\/span><span style=\"color: #000000;\"><span style=\"font-family: Arial, sans-serif;\">Il primo \u00e8<\/span><\/span><span style=\"color: #000000;\"><span style=\"font-family: Arial, sans-serif;\"><b>\u00a0<\/b><\/span><\/span><span style=\"color: #000000;\"><span style=\"font-family: Arial, sans-serif;\">un esperimento \u201cin progress\u201d al limite della performance, sbocciato dall&#8217;incontro tra i fratelli Ettore e Marco Giuradei con Luca Ferrari (voce e chitarra dei Verdena) e Carmelo Pipitone (voce e chitarra dei Marta sui Tubi). Il gruppo ha esordito ufficialmente nell\u2019aprile del 2017 in occasione del decennale della Latteria Molloy a Brescia e ha racchiuso l&#8217;entusiasmo dei mesi passati insieme nell\u2019omonimo album registrato nel settembre del 2017.<br \/>\n<\/span><\/span><span style=\"color: #000000;\"><span style=\"font-family: Arial, sans-serif;\">In apertura con un\u00a0<\/span><\/span><span style=\"color: #000000;\"><span style=\"font-family: Arial, sans-serif;\">nome ispirato al leggendario Obi Wan Kenobi, celebre personaggio di Star Wars, i\u00a0<\/span><\/span><span style=\"color: #000000;\"><span style=\"font-family: Arial, sans-serif;\"><b>Monkey OneCanObey\u00a0<\/b><\/span><\/span><span style=\"color: #000000;\"><span style=\"font-family: Arial, sans-serif;\">che<\/span><\/span><span style=\"color: #000000;\"><span style=\"font-family: Arial, sans-serif;\"><b>\u00a0<\/b><\/span><\/span><span style=\"color: #000000;\"><span style=\"font-family: Arial, sans-serif;\">ci delizieranno con<\/span><\/span><span style=\"color: #000000;\"><span style=\"font-family: Arial, sans-serif;\">\u00a0la\u00a0<\/span><\/span><span style=\"color: #000000;\"><span style=\"font-family: Arial, sans-serif;\">beatbox di<\/span><\/span><span style=\"color: #000000;\"><span style=\"font-family: Arial, sans-serif;\">\u00a0<\/span><\/span><span style=\"color: #000000;\"><span style=\"font-family: Arial, sans-serif;\">Phil e la voce (nonch\u00e9 chitarra) di<\/span><\/span><span style=\"color: #000000;\"><span style=\"font-family: Arial, sans-serif;\">\u00a0<\/span><\/span><span style=\"color: #000000;\"><span style=\"font-family: Arial, sans-serif;\">Sav.\u00a0<\/span><\/span><span style=\"color: #000000;\"><span style=\"font-family: Arial, sans-serif;\">Dopo la partecipazione all\u2019Holydays Festival e al Supersonic Music Club di Foligno, dove hanno confermato\u00a0<\/span><\/span><span style=\"font-family: Arial, sans-serif;\">il loro grande successo di pubblico, durante l\u2019estate scorsa sono stati protagonisti di un mini tour che li ha portati a suonare su alcuni dei palchi pi\u00f9 importanti della Regione Umbria come il Riverock Festival di Assisi, l\u2019Umbria Che Spacca, l\u2019Antifestival ed ancora il Rock for Life di Chiusi ed il Chroma festival.\u00a0<\/span><span style=\"color: #000000;\"><span style=\"font-family: Arial, sans-serif;\">In chiusura\u00a0<\/span><\/span><span style=\"color: #000000;\"><span style=\"font-family: Arial, sans-serif;\">per l\u2019aftershow del gioved\u00ec\u00a0<\/span><\/span><span style=\"color: #000000;\"><span style=\"font-family: Arial, sans-serif;\"><b>Maja Cox<\/b><\/span><\/span><span style=\"color: #000000;\"><span style=\"font-family: Arial, sans-serif;\">,<\/span><\/span><span style=\"color: #000000;\"><span style=\"font-family: Arial, sans-serif;\">\u00a0<\/span><\/span><span style=\"color: #000000;\"><span style=\"font-family: Arial, sans-serif;\">affermata dj belga dal coinvolgente stile deep house.<\/span><\/span><\/p>\n<p align=\"JUSTIFY\"><span style=\"color: #000000;\"><span style=\"font-family: Arial, sans-serif;\"><b>Venerd\u00ec 27<\/b><\/span><\/span><span style=\"color: #000000;\"><span style=\"font-family: Arial, sans-serif;\">\u00a0<\/span><\/span><span style=\"color: #000000;\"><span style=\"font-family: Arial, sans-serif;\"><b>luglio<\/b><\/span><\/span><span style=\"color: #000000;\"><span style=\"font-family: Arial, sans-serif;\">\u00a0il raggae internazionale sbarca a Chianciano. Sul palco arriva il cantante\u00a0<\/span><\/span><span style=\"color: #000000;\"><span style=\"font-family: Arial, sans-serif;\"><b>Forelock<\/b><\/span><\/span><span style=\"color: #000000;\"><span style=\"font-family: Arial, sans-serif;\">, al Parco Foculi insieme alla band sarda Arawak.\u00a0<\/span><\/span><span style=\"color: #000000;\"><span style=\"font-family: Arial, sans-serif;\">Forelock \u00e8 diventato negli anni uno dei punti di riferimento<\/span><\/span><span style=\"color: #000000;\"><span style=\"font-family: Arial, sans-serif;\"><b>\u00a0<\/b><\/span><\/span><span style=\"color: #000000;\"><span style=\"font-family: Arial, sans-serif;\">nella comunit\u00e0 reggae nazionale ed europea. Grazie al progetto DubFiles, sotto la guida artistica di Paolo Baldini, ha intrapreso rapporti collaborativi con giovani artisti della scena europea come Mellow Mood e Sr. Wilson. Il 2015 \u00e8 stato l\u2019anno di svolta della band\u00a0<\/span><\/span><span style=\"color: #000000;\"><span style=\"font-family: Arial, sans-serif;\"><b>Forelock &amp; Arawak<\/b><\/span><\/span><span style=\"color: #000000;\"><span style=\"font-family: Arial, sans-serif;\">che ha debuttato con il disco intitolato Zero per poi realizzare una tourn\u00e9e calcando i palchi dei maggiori eventi reggae italiani ed europei.<\/span><\/span><\/p>\n<p align=\"JUSTIFY\"><span style=\"color: #000000;\"><span style=\"font-family: Arial, sans-serif;\">A seguire i\u00a0<\/span><\/span><span style=\"color: #000000;\"><span style=\"font-family: Arial, sans-serif;\"><b>Dub Inc,<\/b><\/span><\/span><span style=\"color: #000000;\"><span style=\"font-family: Arial, sans-serif;\">\u00a0la pi\u00f9 importante band della scena raggae francese. Si sono esibiti\u00a0<\/span><\/span><span style=\"font-family: Arial, sans-serif;\">di fronte a migliaia di spettatori sui palchi dei pi\u00f9 importanti festival francesi ed europei ma anche in Sudamerica e in India.<br \/>\nSenza mai contare sull&#8217;appoggio dei media mainstream i loro video su youtube totalizzano milioni di visualizzazioni e i loro profili social sono seguiti da centinaia di migliaia di fan. Con il disco intitolato So What pubblicato alla fine del 2016, i Dub Inc propongono un sound\u00a0<\/span><span style=\"color: #000000;\"><span style=\"font-family: Arial, sans-serif;\">reggae influenzato dalle dancehall, dall\u2019hip hop e dall\u2019elettronica. Nel disco, risultato di un lungo processo di scrittura ispirato dai tristi fatti di cronaca che hanno tinto di nero la cronaca francese,\u00a0<\/span><\/span><span style=\"font-family: Arial, sans-serif;\">hanno trovato posto anche guest d\u2019eccezione come gli ambasciatori del reggae italiano Mellow Mood nel brano Justice e del giovane prodigio francese Na\u00e0man sul singolo Don\u2019t Be a Victim. L&#8217;after show della serata sar\u00e0 curato da John Type, noto nella scena mondiale del djing come l\u2019inventore del MidiTablism, l&#8217;arte di manipolare i suoni e creare\u00a0musica\u00a0mediante il\u00a0giradischi\u00a0ed il mixer\u00a0da dj.<\/span><\/p>\n<p align=\"JUSTIFY\"><span style=\"color: #000000;\"><span style=\"font-family: Arial, sans-serif;\"><b>Sabato 28<\/b><\/span><\/span><span style=\"color: #000000;\"><span style=\"font-family: Arial, sans-serif;\">\u00a0luglio spazio ai\u00a0<\/span><\/span><span style=\"color: #000000;\"><span style=\"font-family: Arial, sans-serif;\"><b>Red Lines\u00a0<\/b><\/span><\/span><span style=\"color: #000000;\"><span style=\"font-family: Arial, sans-serif;\">composti dalla londinese d&#8217;adozione Marianna Pluda e dal chitarrista bresciano Simone Apostoli. Dopo la pubblicazione dell&#8217;ep omonimo d&#8217;esordio e del successivo Colder, il duo ha approntato il primo lavoro \u201cfull lenght\u201d dal titolo Paisley, nel febbraio del 2018. Il loro sound spazia dal rock psichedelico al pop elettronico e possono essere considerati tra le band pi\u00f9 interessanti nel panorama indipendente italiano.\u00a0<\/span><\/span><span style=\"color: #000000;\"><span style=\"font-family: Arial, sans-serif;\">Dopo i Red Lines\u00a0<\/span><\/span><span style=\"color: #000000;\"><span style=\"font-family: Arial, sans-serif;\">nel programma musicale del sabato spicca\u00a0<\/span><\/span><span style=\"color: #000000;\"><span style=\"font-family: Arial, sans-serif;\"><b>Nitro,\u00a0<\/b><\/span><\/span><span style=\"color: #000000;\"><span style=\"font-family: Arial, sans-serif;\">nome d&#8217;arte dietro cui si cela<\/span><\/span><span style=\"color: #000000;\"><span style=\"font-family: Arial, sans-serif;\">\u00a0Nicola Albera. L<\/span><\/span><span style=\"color: #000000;\"><span style=\"font-family: Arial, sans-serif;\">\u2019artista a soli diciannove anni aveva gi\u00e0 firmato tre album e si era reso protagonista conquistando il secondo posto in Spit, ormai storica trasmissione di Mtv dedicata al\u00a0<\/span><\/span><span style=\"font-family: Arial, sans-serif;\">freestyle.\u00a0<\/span><span style=\"color: #000000;\"><span style=\"font-family: Arial, sans-serif;\">Con l&#8217;album No comment edito nel 2018 e certificato disco d&#8217;oro, pur conservando un\u2019impronta underground, oltre a battere il record di streaming italiano di un singolo album in 24 h su Spotify \u00e8 primo nella classifica FIMI dopo una sola settimana.\u00a0<\/span><\/span><span style=\"font-family: Arial, sans-serif;\">L&#8217;Aftershow del sabato ospiter\u00e0 con il materano\u00a0<\/span><span style=\"color: #000000;\"><span style=\"font-family: Arial, sans-serif;\"><b>Damianito\u00a0<\/b><\/span><\/span><span style=\"color: #000000;\"><span style=\"font-family: Arial, sans-serif;\">vincitore dell\u2019<\/span><\/span><span style=\"color: #000000;\"><span style=\"font-family: Arial, sans-serif;\">edizione 2018 del Red Bull 3Style, tenutosi a Cracovia lo scorso 11 febbraio.<\/span><\/span><\/p>\n<p align=\"JUSTIFY\"><span style=\"color: #000000;\"><span style=\"font-family: Arial, sans-serif;\"><br \/>\n<\/span><\/span><span style=\"color: #000000;\"><span style=\"font-family: Arial, sans-serif;\"><br \/>\n<\/span><\/span><span style=\"color: #000000;\"><span style=\"font-family: Arial, sans-serif;\"><b>Domenica 29 luglio infine si chiude in bellezza\u00a0<\/b><\/span><\/span><span style=\"color: #000000;\"><span style=\"font-family: Arial, sans-serif;\">con il\u00a0<\/span><\/span><span style=\"color: #000000;\"><span style=\"font-family: Arial, sans-serif;\">rap fresco e ribelle<\/span><\/span><span style=\"color: #000000;\"><span style=\"font-family: Arial, sans-serif;\"><b>\u00a0<\/b><\/span><\/span><span style=\"color: #000000;\"><span style=\"font-family: Arial, sans-serif;\">dei<\/span><\/span><span style=\"color: #000000;\"><span style=\"font-family: Arial, sans-serif;\"><b>\u00a0Bangcock<\/b><\/span><\/span><span style=\"color: #000000;\"><span style=\"font-family: Arial, sans-serif;\">\u00a0e con la carovana sonora dei\u00a0<\/span><\/span><span style=\"color: #000000;\"><span style=\"font-family: Arial, sans-serif;\"><b>Disperato Circo Musicale<\/b><\/span><\/span><span style=\"color: #000000;\"><span style=\"font-family: Arial, sans-serif;\">. I primi hanno dato vita ad un crossover di gran carattere che prevede un sound particolare e contaminato dai pi\u00f9 disparati rami musicali. Gli strumentali spaziano dal rock moderno al jazz, senza perdere mai di identit\u00e0. La band, da sempre, predilige la dimensione del live esibendosi in festival ed eventi. Nel mese di luglio il palco diventer\u00e0 un banco di prova per i loro inediti, in uscita questa estate. In chiusura, Il\u00a0<\/span><\/span><span style=\"color: #000000;\"><span style=\"font-family: Arial, sans-serif;\"><b>Disperato Circo Musicale<\/b><\/span><\/span><span style=\"color: #000000;\"><span style=\"font-family: Arial, sans-serif;\">, band veronese attiva dal 2011. Ogni loro concerto \u00e8 una festa carica di energia, un tornado di ritmi, colori e travolgente vivacit\u00e0 che si traduce in una patchanka dalle influenze ska, reggae, balkan, funky, latin e punk. La band \u00e8 una vera e propria carovana musical-circense formata da nove elementi che ha gi\u00e0 dato alla luce due album. Piccolo \u201ccenno storico\u201d: i Disperato Circo Musicale hanno condiviso il palco con Gogol Bordello, Dubioza Kolektiv, Vallanzaska, Modena City Ramblers, Espa\u00f1a Circo Este, Nobraino, Luca Bassanese, Ska-J, Los Fastidios e molti altri.<\/span><\/span><\/p>\n","protected":false},"excerpt":{"rendered":"<div class=\"mh-excerpt\"><p>&nbsp; Dal 25 al 29 luglio\u00a0nell\u2019epicentro toscano del benessere termale Conto alla rovescia per la Festa della musica di Chianciano Terme al Parco Fucoli\u00a0 Ospiti <a class=\"mh-excerpt-more\" href=\"https:\/\/www.piuomenopop.it\/index.php\/2018\/07\/18\/festa-della-musica-di-chianciano-terme\/\" title=\"Festa della musica di Chianciano Terme\">[&#8230;]<\/a><\/p>\n<\/div>","protected":false},"author":1,"featured_media":35094,"comment_status":"closed","ping_status":"closed","sticky":false,"template":"","format":"standard","meta":{"sfsi_plus_gutenberg_text_before_share":"","sfsi_plus_gutenberg_show_text_before_share":"","sfsi_plus_gutenberg_icon_type":"","sfsi_plus_gutenberg_icon_alignemt":"","sfsi_plus_gutenburg_max_per_row":"","footnotes":"","_links_to":"","_links_to_target":""},"categories":[730,3],"tags":[6643,6642],"class_list":["post-35093","post","type-post","status-publish","format-standard","has-post-thumbnail","hentry","category-festival","category-news","tag-chianciano-terme","tag-festival-della-musica"],"aioseo_notices":[],"_links":{"self":[{"href":"https:\/\/www.piuomenopop.it\/index.php\/wp-json\/wp\/v2\/posts\/35093","targetHints":{"allow":["GET"]}}],"collection":[{"href":"https:\/\/www.piuomenopop.it\/index.php\/wp-json\/wp\/v2\/posts"}],"about":[{"href":"https:\/\/www.piuomenopop.it\/index.php\/wp-json\/wp\/v2\/types\/post"}],"author":[{"embeddable":true,"href":"https:\/\/www.piuomenopop.it\/index.php\/wp-json\/wp\/v2\/users\/1"}],"replies":[{"embeddable":true,"href":"https:\/\/www.piuomenopop.it\/index.php\/wp-json\/wp\/v2\/comments?post=35093"}],"version-history":[{"count":2,"href":"https:\/\/www.piuomenopop.it\/index.php\/wp-json\/wp\/v2\/posts\/35093\/revisions"}],"predecessor-version":[{"id":35128,"href":"https:\/\/www.piuomenopop.it\/index.php\/wp-json\/wp\/v2\/posts\/35093\/revisions\/35128"}],"wp:featuredmedia":[{"embeddable":true,"href":"https:\/\/www.piuomenopop.it\/index.php\/wp-json\/wp\/v2\/media\/35094"}],"wp:attachment":[{"href":"https:\/\/www.piuomenopop.it\/index.php\/wp-json\/wp\/v2\/media?parent=35093"}],"wp:term":[{"taxonomy":"category","embeddable":true,"href":"https:\/\/www.piuomenopop.it\/index.php\/wp-json\/wp\/v2\/categories?post=35093"},{"taxonomy":"post_tag","embeddable":true,"href":"https:\/\/www.piuomenopop.it\/index.php\/wp-json\/wp\/v2\/tags?post=35093"}],"curies":[{"name":"wp","href":"https:\/\/api.w.org\/{rel}","templated":true}]}}