{"id":35610,"date":"2018-07-25T11:17:52","date_gmt":"2018-07-25T09:17:52","guid":{"rendered":"http:\/\/www.piuomenopop.it\/?p=35610"},"modified":"2018-07-25T17:06:07","modified_gmt":"2018-07-25T15:06:07","slug":"ermal-meta-al-musart-festival-di-firenze","status":"publish","type":"post","link":"https:\/\/www.piuomenopop.it\/index.php\/2018\/07\/25\/ermal-meta-al-musart-festival-di-firenze\/","title":{"rendered":"Ermal Meta al Musart Festival di Firenze"},"content":{"rendered":"<figure id=\"attachment_18231\" aria-describedby=\"caption-attachment-18231\" style=\"width: 730px\" class=\"wp-caption aligncenter\"><img loading=\"lazy\" decoding=\"async\" class=\"wp-image-18231 size-large\" src=\"http:\/\/www.piuomenopop.it\/wp-content\/uploads\/2017\/05\/Ermal-Meta-2_1Maggio_Roma-1024x683.jpg\" alt=\"\" width=\"730\" height=\"487\" srcset=\"https:\/\/www.piuomenopop.it\/wp-content\/uploads\/2017\/05\/Ermal-Meta-2_1Maggio_Roma-1024x683.jpg 1024w, https:\/\/www.piuomenopop.it\/wp-content\/uploads\/2017\/05\/Ermal-Meta-2_1Maggio_Roma-300x200.jpg 300w, https:\/\/www.piuomenopop.it\/wp-content\/uploads\/2017\/05\/Ermal-Meta-2_1Maggio_Roma-768x512.jpg 768w, https:\/\/www.piuomenopop.it\/wp-content\/uploads\/2017\/05\/Ermal-Meta-2_1Maggio_Roma.jpg 600w\" sizes=\"auto, (max-width: 730px) 100vw, 730px\" \/><figcaption id=\"caption-attachment-18231\" class=\"wp-caption-text\">\u00a9 Gloria Imbrogno<\/figcaption><\/figure>\n<div style=\"text-align: center;\" align=\"center\"><span style=\"font-family: tahoma, sans-serif;\"><span style=\"font-family: tahoma, sans-serif;\"><span style=\"color: #ff0000; font-size: xx-small;\"><b><i>Non Abbiamo Armi Tour\u00a0<\/i><\/b><b><i><br \/>\n<\/i><\/b><b><i>Ermal Meta al Musart Festival di Firenze<\/i><\/b><\/span><\/span><\/span><a href=\"https:\/\/www.facebook.com\/ermalmetainfo\/?ref=br_rs\" target=\"_blank\" rel=\"noopener\"><span style=\"color: #ff0000; font-size: medium;\"><b>ERMAL META<\/b><\/span><\/a><br \/>\n<u>Gioved\u00ec 26 luglio 2018 &#8211; ore 21,15<\/u><u><br \/>\n<\/u><u>Musart Festival \u2013 piazza SS Annunziata \u2013 Firenze<\/u><\/p>\n<\/div>\n<p><span style=\"font-family: tahoma, sans-serif;\"><br \/>\nUn caso unico e una delle penne pi\u00f9 illuminate della musica italiana: 8 dischi di platino, 7 ori, primo posto a Sanremo con <a href=\"https:\/\/www.facebook.com\/fabriziomoropage\/\">Fabrizio Moro<\/a> e una lunga collaborazione come autore con i big della canzone\u2026 Solo la storia recente di Ermal Meta, che dopo il concerto di Capodanno 2018, torna a Firenze gioved\u00ec 26 luglio (ore 21,15), stavolta in piazza della Santissima Annunziata, ospite del Musart Festival.<\/span><\/p>\n<p>I biglietti (posti numerati 45\/35 euro \u2013 tribuna 27 euro) sono in vendita nei circuiti di Box Office Toscana\u00a0<a class=\"m_-4758002795743595958m_-3424739256619617320moz-txt-link-abbreviated\" href=\"http:\/\/www.boxofficetoscana.it\/punti-vendita\" target=\"_blank\" rel=\"noopener\" data-saferedirecturl=\"https:\/\/www.google.com\/url?hl=it&amp;q=http:\/\/www.boxofficetoscana.it\/punti-vendita&amp;source=gmail&amp;ust=1532596384272000&amp;usg=AFQjCNFeNf1kdrT3CqHBeVY3FA22fwr3Dg\">www.boxofficetoscana.it\/punti-<wbr \/>vendita<\/a>\u00a0(tel. 055.210804) e online su\u00a0<a class=\"m_-4758002795743595958m_-3424739256619617320moz-txt-link-abbreviated\" href=\"http:\/\/www.ticketone.it\/\" target=\"_blank\" rel=\"noopener\" data-saferedirecturl=\"https:\/\/www.google.com\/url?hl=it&amp;q=http:\/\/www.ticketone.it&amp;source=gmail&amp;ust=1532596384272000&amp;usg=AFQjCNFfOOckW6A0e63ebcdIIWwGuiGHKQ\">www.ticketone.it<\/a>\u00a0(tel. 892.101). Disponibile anche un Gold Package a 103,55 euro comprendente biglietto di primo settore, cena a buffet all\u2019interno dell\u2019Istituto degli Innocenti, ingresso al Museo degli Innocenti (dal luned\u00ec alla domenica orario 10\/19).<\/p>\n<p>Non ci sono fuochi artificiali, n\u00e9 corpi di ballo, ma un grande spettacolo di suono e di luce, pronto ad abbracciare uno dei luoghi pi\u00f9 suggestivi del centro fiorentino, sulla scia di questo nuovo Non Abbiamo Armi Tour, che prende il nome dall\u2019ultimo album dell\u2019indiscusso protagonista musicale 2018!<\/p>\n<p>\u201cNon Abbiamo Armi\u201d \u00e8 un disco ricco di idee e di pensieri &#8211; che si trasformano in tatuaggi sulla pelle e nell\u2019anima &#8211; ma anche di singoli: dopo quello presentato al Teatro Ariston, e dopo il fortunatissimo \u201cDall\u2019Alba al Tramonto\u201d, la canzone che accompagna l\u2019estate \u00e8 \u201cIo Mi Innamoro Ancora\u201d. Un brano intriso di colori che fissano le passioni di una qualsiasi vita ed \u00e8 proprio per questo che sempre pi\u00f9 persone si sentono partecipi del progetto e seguono sempre pi\u00f9 numerose ogni appuntamento che abbia come protagonista questo talento che risponde al nome di Ermal Meta.<\/p>\n<p>Le 12 nuove canzoni dell\u2019album viaggiano sottobraccio a un repertorio nel quale spiccano\u00a0 brani ormai entrati di diritto tra i \u201cclassici\u201d della nuova musica d\u2019autore italiana.<\/p>\n<p>Con questo terzo disco, Ermal Meta ha debuttato al primo posto della classifica di vendita dopo aver trionfato nel Festival pi\u00f9 amato, cantando in coppia con Fabrizio Moro \u201cNon Mi Avete Fatto Niente\u201d, singolo di Platino che, pur essendo stato presentato in italiano, ha conquistato il pubblico europeo all\u2019 Eurovision Song Contest a Lisbona.<\/p>\n<p>Durante la serata, dalle ore 20 fino a inizio spettacolo, si possono visitare gratuitamente giardini, luoghi di culto e palazzi monumentali adiacenti alla piazza della Santissima Annunziata. Tra questi l\u2019Istituto Geografico Militare, che dalle ore 20 apre eccezionalmente al pubblico con visite guidate.<\/p>\n<p>Alle ore 20 alla Biblioteca Umanistica dell&#8217;Universit\u00e0 di Firenze proiezione del docu-film su Franco Battiato \u201cLa voce del padrone\u201d dalla serie \u201c33 Giri \u2013 Italian Masters\u201d di Sky Arte. Sempre alla Biblioteca Umanistica, l\u2019Universit\u00e0 di Firenze propone le mostre &#8220;Oltre confine: viaggi reali e immaginari di esploratori, scienziati, religiosi e geografi tra \u2018600 e \u2018700&#8221; e &#8220;Sguardi dell\u2019alto Egitto&#8221;.<br \/>\nA ingresso libero anche la mostra fotografica \u201cBecause the night\u201d dedicata ai grandi concerti fiorentini degli anni 90, presso il salone Borghini dell\u2019Istituto degli Innocenti.<\/p>\n<p>Musart Festival \u00e8 una produzione Prg Firenze realizzata con il contributo di Comune di Firenze\/Estate Fiorentina 2018, Citt\u00e0 Metropolitana di Firenze, Toscana Promozione Turistica, Fondazione CR Firenze, Trenitalia, con il patrocinio dell\u2019Istituto degli Innocenti. Main sponsor Publiacqua. Sostengono il festival Sammontana, Unicoop Firenze, Prinz, Caff\u00e8 Cesare Magnelli, Findomestic Banca, Engie.<\/p>\n","protected":false},"excerpt":{"rendered":"<div class=\"mh-excerpt\"><p>Non Abbiamo Armi Tour\u00a0 Ermal Meta al Musart Festival di FirenzeERMAL META Gioved\u00ec 26 luglio 2018 &#8211; ore 21,15 Musart Festival \u2013 piazza SS Annunziata <a class=\"mh-excerpt-more\" href=\"https:\/\/www.piuomenopop.it\/index.php\/2018\/07\/25\/ermal-meta-al-musart-festival-di-firenze\/\" title=\"Ermal Meta al Musart Festival di Firenze\">[&#8230;]<\/a><\/p>\n<\/div>","protected":false},"author":1,"featured_media":18231,"comment_status":"closed","ping_status":"closed","sticky":false,"template":"","format":"standard","meta":{"sfsi_plus_gutenberg_text_before_share":"","sfsi_plus_gutenberg_show_text_before_share":"","sfsi_plus_gutenberg_icon_type":"","sfsi_plus_gutenberg_icon_alignemt":"","sfsi_plus_gutenburg_max_per_row":"","footnotes":"","_links_to":"","_links_to_target":""},"categories":[730,3],"tags":[3429,5401],"class_list":["post-35610","post","type-post","status-publish","format-standard","has-post-thumbnail","hentry","category-festival","category-news","tag-ermal-meta","tag-musart-festival"],"aioseo_notices":[],"_links":{"self":[{"href":"https:\/\/www.piuomenopop.it\/index.php\/wp-json\/wp\/v2\/posts\/35610","targetHints":{"allow":["GET"]}}],"collection":[{"href":"https:\/\/www.piuomenopop.it\/index.php\/wp-json\/wp\/v2\/posts"}],"about":[{"href":"https:\/\/www.piuomenopop.it\/index.php\/wp-json\/wp\/v2\/types\/post"}],"author":[{"embeddable":true,"href":"https:\/\/www.piuomenopop.it\/index.php\/wp-json\/wp\/v2\/users\/1"}],"replies":[{"embeddable":true,"href":"https:\/\/www.piuomenopop.it\/index.php\/wp-json\/wp\/v2\/comments?post=35610"}],"version-history":[{"count":2,"href":"https:\/\/www.piuomenopop.it\/index.php\/wp-json\/wp\/v2\/posts\/35610\/revisions"}],"predecessor-version":[{"id":35636,"href":"https:\/\/www.piuomenopop.it\/index.php\/wp-json\/wp\/v2\/posts\/35610\/revisions\/35636"}],"wp:featuredmedia":[{"embeddable":true,"href":"https:\/\/www.piuomenopop.it\/index.php\/wp-json\/wp\/v2\/media\/18231"}],"wp:attachment":[{"href":"https:\/\/www.piuomenopop.it\/index.php\/wp-json\/wp\/v2\/media?parent=35610"}],"wp:term":[{"taxonomy":"category","embeddable":true,"href":"https:\/\/www.piuomenopop.it\/index.php\/wp-json\/wp\/v2\/categories?post=35610"},{"taxonomy":"post_tag","embeddable":true,"href":"https:\/\/www.piuomenopop.it\/index.php\/wp-json\/wp\/v2\/tags?post=35610"}],"curies":[{"name":"wp","href":"https:\/\/api.w.org\/{rel}","templated":true}]}}