{"id":35954,"date":"2018-08-03T09:23:30","date_gmt":"2018-08-03T07:23:30","guid":{"rendered":"http:\/\/www.piuomenopop.it\/?p=35954"},"modified":"2018-08-03T13:32:02","modified_gmt":"2018-08-03T11:32:02","slug":"francesca-incudine-porta-la-sua-sicilia-in-pakistan","status":"publish","type":"post","link":"https:\/\/www.piuomenopop.it\/index.php\/2018\/08\/03\/francesca-incudine-porta-la-sua-sicilia-in-pakistan\/","title":{"rendered":"Francesca Incudine porta la &#8220;sua&#8221; Sicilia in Pakistan"},"content":{"rendered":"<p><img loading=\"lazy\" decoding=\"async\" class=\"alignnone size-medium wp-image-35955 aligncenter\" src=\"http:\/\/www.piuomenopop.it\/wp-content\/uploads\/2018\/08\/image-300x221.jpg\" alt=\"\" width=\"300\" height=\"221\" srcset=\"https:\/\/www.piuomenopop.it\/wp-content\/uploads\/2018\/08\/image-300x221.jpg 300w, https:\/\/www.piuomenopop.it\/wp-content\/uploads\/2018\/08\/image-80x60.jpg 80w, https:\/\/www.piuomenopop.it\/wp-content\/uploads\/2018\/08\/image-768x564.jpg 768w, https:\/\/www.piuomenopop.it\/wp-content\/uploads\/2018\/08\/image.jpg 1000w\" sizes=\"auto, (max-width: 300px) 100vw, 300px\" \/><\/p>\n<p style=\"font-weight: 400; text-align: center;\"><a href=\"https:\/\/www.facebook.com\/fraincudine\/\" target=\"_blank\" rel=\"noopener\"><strong>FRANCESCA INCUDINE<\/strong><\/a><strong>\u00a0PORTA LA SUA MUSICA IN PAKISTAN<\/strong><\/p>\n<p style=\"font-weight: 400; text-align: center;\"><em>Da oggi la due giorni a Karachi voluta dal consolato italiano<\/em><\/p>\n<p>&nbsp;<\/p>\n<p style=\"font-weight: 400;\"><em>Concerti con\u00a0<strong>Arieb Azhar e<\/strong>\u00a0con la\u00a0<strong>NAPA Ensemble<\/strong>, l&#8217;orchestra della National Accademy of performing Arts, che l\u2019accompagner\u00e0 nella serata dal titolo \u201c<strong>Dedicato alla Sicilia<\/strong>\u201d<\/em><\/p>\n<p style=\"font-weight: 400; text-align: justify;\">Francesca Incudine porta la sua Sicilia in Pakistan. Il 3 e il 4 agosto, infatti, la cantautrice fresca di Targa Tenco per il suo Tarak\u00e8 (Isola Tobia Label) premiato come miglior disco in dialetto, sar\u00e0 a Karachi, in quartetto, per una due giorni organizzata dal consolato italiano. A volerla \u00e8 stata proprio la Console Anna Ruffino che l&#8217;aveva ascoltata nel 2017 a Madrid: \u201cLa musica della Incudine mi ha colpito immediatamente e poi i suoni della Sicilia \u2013 ha detto\u00a0 \u2013 ben si sposano con le sonorit\u00e0 tradizionali pakistane, anche dal punto di vista strumentale, ed \u00e8 per questo che siamo molto felici di averla qui in un programma che vedr\u00e0 lei e i suoi musicisti interfacciarsi con artisti locali\u201d.<\/p>\n<p style=\"font-weight: 400; text-align: justify;\">Il 3 agosto, in una sorta di anteprima, il Francesca Incudine Quartet sar\u00e0 in concerto con Arieb Azhar, noto cantautore pakistano, ma \u00e8 il 4 agosto il clou della trasferta, quando la musica della cantautrice italiana si sposer\u00e0 con quella della\u00a0NAPA Ensemble, l&#8217;orchestra della National Accademy of performing Arts che l&#8217;accompagner\u00e0 in questo inedito concerto dal titolo \u201cDedicato alla Sicilia\u201d.<\/p>\n<p style=\"font-weight: 400; text-align: justify;\">Ad accompagnare Francesca Incudine (voce e tamburello) saranno: Carmelo Colajanni, fiati; Salvo Compagno, percussioni; Nicola Merlisenna, chitarra.<\/p>\n","protected":false},"excerpt":{"rendered":"<div class=\"mh-excerpt\"><p>FRANCESCA INCUDINE\u00a0PORTA LA SUA MUSICA IN PAKISTAN Da oggi la due giorni a Karachi voluta dal consolato italiano &nbsp; Concerti con\u00a0Arieb Azhar e\u00a0con la\u00a0NAPA Ensemble, <a class=\"mh-excerpt-more\" href=\"https:\/\/www.piuomenopop.it\/index.php\/2018\/08\/03\/francesca-incudine-porta-la-sua-sicilia-in-pakistan\/\" title=\"Francesca Incudine porta la &#8220;sua&#8221; Sicilia in Pakistan\">[&#8230;]<\/a><\/p>\n<\/div>","protected":false},"author":1,"featured_media":35955,"comment_status":"closed","ping_status":"closed","sticky":false,"template":"","format":"standard","meta":{"sfsi_plus_gutenberg_text_before_share":"","sfsi_plus_gutenberg_show_text_before_share":"","sfsi_plus_gutenberg_icon_type":"","sfsi_plus_gutenberg_icon_alignemt":"","sfsi_plus_gutenburg_max_per_row":"","footnotes":"","_links_to":"","_links_to_target":""},"categories":[2399,3],"tags":[6885,6886,1900],"class_list":["post-35954","post","type-post","status-publish","format-standard","has-post-thumbnail","hentry","category-cantautorato","category-news","tag-francesca-incudine","tag-pakistan","tag-targa-tenco"],"aioseo_notices":[],"_links":{"self":[{"href":"https:\/\/www.piuomenopop.it\/index.php\/wp-json\/wp\/v2\/posts\/35954","targetHints":{"allow":["GET"]}}],"collection":[{"href":"https:\/\/www.piuomenopop.it\/index.php\/wp-json\/wp\/v2\/posts"}],"about":[{"href":"https:\/\/www.piuomenopop.it\/index.php\/wp-json\/wp\/v2\/types\/post"}],"author":[{"embeddable":true,"href":"https:\/\/www.piuomenopop.it\/index.php\/wp-json\/wp\/v2\/users\/1"}],"replies":[{"embeddable":true,"href":"https:\/\/www.piuomenopop.it\/index.php\/wp-json\/wp\/v2\/comments?post=35954"}],"version-history":[{"count":2,"href":"https:\/\/www.piuomenopop.it\/index.php\/wp-json\/wp\/v2\/posts\/35954\/revisions"}],"predecessor-version":[{"id":35976,"href":"https:\/\/www.piuomenopop.it\/index.php\/wp-json\/wp\/v2\/posts\/35954\/revisions\/35976"}],"wp:featuredmedia":[{"embeddable":true,"href":"https:\/\/www.piuomenopop.it\/index.php\/wp-json\/wp\/v2\/media\/35955"}],"wp:attachment":[{"href":"https:\/\/www.piuomenopop.it\/index.php\/wp-json\/wp\/v2\/media?parent=35954"}],"wp:term":[{"taxonomy":"category","embeddable":true,"href":"https:\/\/www.piuomenopop.it\/index.php\/wp-json\/wp\/v2\/categories?post=35954"},{"taxonomy":"post_tag","embeddable":true,"href":"https:\/\/www.piuomenopop.it\/index.php\/wp-json\/wp\/v2\/tags?post=35954"}],"curies":[{"name":"wp","href":"https:\/\/api.w.org\/{rel}","templated":true}]}}