{"id":35964,"date":"2018-08-03T12:30:24","date_gmt":"2018-08-03T10:30:24","guid":{"rendered":"http:\/\/www.piuomenopop.it\/?p=35964"},"modified":"2018-08-03T13:46:37","modified_gmt":"2018-08-03T11:46:37","slug":"anna-calvi-in-prima-italiana-al-barezzi-festival-2018","status":"publish","type":"post","link":"https:\/\/www.piuomenopop.it\/index.php\/2018\/08\/03\/anna-calvi-in-prima-italiana-al-barezzi-festival-2018\/","title":{"rendered":"Anna Calvi in prima italiana al Barezzi Festival 2018"},"content":{"rendered":"<p><img loading=\"lazy\" decoding=\"async\" class=\"size-medium wp-image-35966 aligncenter\" src=\"http:\/\/www.piuomenopop.it\/wp-content\/uploads\/2018\/08\/unnamed-2-1-300x300.jpg\" alt=\"\" width=\"300\" height=\"300\" srcset=\"https:\/\/www.piuomenopop.it\/wp-content\/uploads\/2018\/08\/unnamed-2-1-300x300.jpg 300w, https:\/\/www.piuomenopop.it\/wp-content\/uploads\/2018\/08\/unnamed-2-1-150x150.jpg 150w, https:\/\/www.piuomenopop.it\/wp-content\/uploads\/2018\/08\/unnamed-2-1-768x768.jpg 768w, https:\/\/www.piuomenopop.it\/wp-content\/uploads\/2018\/08\/unnamed-2-1-60x60.jpg 60w, https:\/\/www.piuomenopop.it\/wp-content\/uploads\/2018\/08\/unnamed-2-1.jpg 1000w\" sizes=\"auto, (max-width: 300px) 100vw, 300px\" \/><\/p>\n<p>&nbsp;<\/p>\n<p lang=\"it-IT\" align=\"CENTER\"><span style=\"color: #000000;\"><span style=\"font-family: Arial, sans-serif;\"><span style=\"font-size: x-large;\"><strong><a href=\"https:\/\/www.barezzifestival.it\" target=\"_blank\" rel=\"noopener\">Barezzi Festival<\/a> 2018<\/strong><\/span><\/span><\/span><\/p>\n<p lang=\"it-IT\" align=\"CENTER\"><span style=\"color: #000000;\"><span style=\"font-family: Arial, sans-serif;\"><span style=\"font-size: large;\"><strong>Dodicesima edizione<\/strong><\/span><\/span><\/span><\/p>\n<p lang=\"it-IT\" align=\"CENTER\"><span style=\"color: #000000;\"><span style=\"font-family: Arial, sans-serif;\"><span style=\"font-size: medium;\"><strong>21-24 novembre<\/strong><\/span><\/span><\/span><\/p>\n<p lang=\"it-IT\" align=\"CENTER\"><span style=\"color: #000000;\"><span style=\"font-family: Arial, sans-serif;\"><span style=\"font-size: large;\"><strong>presenta la prima data italiana di<\/strong><\/span><\/span><\/span><\/p>\n<p lang=\"it-IT\" align=\"CENTER\"><span style=\"color: #000000;\"><span style=\"font-family: Arial, sans-serif;\"><strong>ANNA CALVI<\/strong><\/span><\/span><\/p>\n<p lang=\"it-IT\" align=\"CENTER\"><span style=\"color: #000000;\"><span style=\"font-family: Arial, sans-serif;\"><span style=\"font-size: large;\"><strong>Mercoled\u00ec 21 novembre 2018<\/strong><\/span><\/span><\/span><\/p>\n<p lang=\"it-IT\" align=\"CENTER\"><span style=\"color: #000000;\"><span style=\"font-family: Arial, sans-serif;\"><span style=\"font-size: large;\"><strong>Teatro Regio, Parma<\/strong><\/span><\/span><\/span><\/p>\n<p lang=\"it-IT\" align=\"CENTER\"><span style=\"color: #000000;\"><span style=\"font-family: Arial, sans-serif;\"><span style=\"font-size: medium;\"><strong>Via Giuseppe Garibaldi, 16\/a, 43121 PR<\/strong><\/span><\/span><\/span><\/p>\n<p lang=\"it-IT\" align=\"CENTER\"><span style=\"color: #000000;\"><span style=\"font-family: Arial, sans-serif;\"><span style=\"font-size: large;\"><strong>Ore 20.30<\/strong><\/span><\/span><\/span><\/p>\n<p lang=\"it-IT\" align=\"CENTER\"><span style=\"color: #000000;\"><span style=\"font-family: Arial, sans-serif;\"><span style=\"font-size: large;\"><strong>presenta il nuovo disco \u201cHunter\u201d<\/strong><\/span><\/span><\/span><\/p>\n<p lang=\"it-IT\" align=\"CENTER\"><span style=\"color: #000000;\"><span style=\"font-family: Arial, sans-serif;\"><span style=\"font-size: large;\"><strong>in uscita il 31 agosto<\/strong><\/span><\/span><\/span><\/p>\n<p>Iconica, ammaliante, intensa.<\/p>\n<p><a href=\"http:\/\/annacalvi.com\/\" target=\"_blank\" rel=\"noopener\"><strong>Anna Calvi<\/strong><\/a>, la cantautrice inglese con sangue italiano divenuta in pochissimo tempo un\u2019icona della musica internazionale, torna nel nostro Paese e sar\u00e0\u00a0<strong>mercoled\u00ec 21 novembre al Teatro Regio di Parma, scegliendo il Barezzi Festival di Parma per la prima delle tre date italiane di presentazione del nuovo disco \u201cHunter\u201d, in uscita il 31 agosto.<\/strong><\/p>\n<p>Un altro nome prestigioso che va ad affiancare altri grandi artisti come\u00a0<strong>Nils Frahm e Paolo Conte<\/strong>\u00a0e si aggiunge la straordinaria line up della\u00a0<strong>dodicesima edizione del Barezzi Festival<\/strong>, che si preannuncia pi\u00f9 ricca ed interessante di sempre. Un cartellone che dimostra come Barezzi sia divenuto sempre pi\u00f9 un punto di riferimento tra i festival contemporanei, con il suo profilo elevato e di caratura internazionale.<\/p>\n<p>Il Festival, ispirato dalla figura di Antonio Barezzi, mecenate del M\u00b0 Giuseppe Verdi, prosegue lungo la sua rotta caratterizzata da incontri tra generi e sperimentazioni, celebrando i grandi della musica e valorizzando le pi\u00f9 illuminate proposte contemporanee.<\/p>\n<p>Con la sua voce toccante e l\u2019inseparabile chitarra, Anna Calvi \u00e8 passionale, viscerale, energica; in una manciata di anni \u00e8 riuscita a ritagliarsi uno spazio tutto suo nel panorama musicale contemporaneo, nominata, dopo il primo album, ai BRIT Awards e a due Mercury Prize.<br \/>\nIl suo nuovo lavoro si chiama \u201cHunter\u201d e sar\u00e0 pubblicato il 31 agosto, cinque anni dopo il precedente disco di inediti. L\u2019annuncio del nuovo album \u00e8 stato accompagnato dal video del primo singolo \u201cDon\u2019t Beat The Girl Out Of My Boy.\u201d, una canzone che\u00a0<em>racconta la felicit\u00e0 come atto di ribellione, la libert\u00e0 di identificarsi in ci\u00f2 che pi\u00f9 ci aggrada, senza restrizioni dalla societ\u00e0<\/em>, racconta la stessa artista.<br \/>\nA proposito di \u201cHunter\u201d Anna Calvi ha scritto:\u00a0<em>\u201cSto dando la caccia a qualcosa \u2013 desidero di pi\u00f9, desidero esperienze, azione, libert\u00e0 sessuale, intimit\u00e0, il desiderio di sentirsi forti, protetti ed infine, il desiderio di trovare qualcosa di bello in questo caos&#8230;Penso che se ci fosse consentito essere da qualche parte nel mezzo, non spinti verso gli estremi della femminilit\u00e0 e della mascolinit\u00e0, saremmo pi\u00f9 vicini alla libert\u00e0. Voglio scoprire com\u2019\u00e8 essere qualcosa d\u2019altro, qualcosa che sia diverso da ci\u00f2 a cui sono stata attribuita. Voglio esplorare una sessualit\u00e0 sovversiva, che va oltre a ci\u00f2 che ci si aspetta da una donna in questa societ\u00e0 patriarcale ed eteronormativa&#8230;Lo scopo di quest\u2019album \u00e8 quello di essere primordiale e bellissimo, femminile e mascolino, vulnerabile e forte, essere il cacciatore, ma anche la preda\u201d.<\/em><\/p>\n<p>Il concerto, come l\u2019intera programmazione del festival, beneficia della partecipazione e del sostegno di\u00a0<strong>Diageo &#8211; Tanqueray<\/strong>, partner che da tre anni crede nel \u201cprogetto Barezzi\u201d e lo supporta.<\/p>\n","protected":false},"excerpt":{"rendered":"<div class=\"mh-excerpt\"><p>&nbsp; Barezzi Festival 2018 Dodicesima edizione 21-24 novembre presenta la prima data italiana di ANNA CALVI Mercoled\u00ec 21 novembre 2018 Teatro Regio, Parma Via Giuseppe <a class=\"mh-excerpt-more\" href=\"https:\/\/www.piuomenopop.it\/index.php\/2018\/08\/03\/anna-calvi-in-prima-italiana-al-barezzi-festival-2018\/\" title=\"Anna Calvi in prima italiana al Barezzi Festival 2018\">[&#8230;]<\/a><\/p>\n<\/div>","protected":false},"author":1,"featured_media":35965,"comment_status":"closed","ping_status":"closed","sticky":false,"template":"","format":"standard","meta":{"sfsi_plus_gutenberg_text_before_share":"","sfsi_plus_gutenberg_show_text_before_share":"","sfsi_plus_gutenberg_icon_type":"","sfsi_plus_gutenberg_icon_alignemt":"","sfsi_plus_gutenburg_max_per_row":"","footnotes":"","_links_to":"","_links_to_target":""},"categories":[730,3,8],"tags":[6890,6891,4465],"class_list":["post-35964","post","type-post","status-publish","format-standard","has-post-thumbnail","hentry","category-festival","category-news","category-uscite","tag-anna-calvi","tag-barezzi-festival","tag-gdg-press"],"aioseo_notices":[],"_links":{"self":[{"href":"https:\/\/www.piuomenopop.it\/index.php\/wp-json\/wp\/v2\/posts\/35964","targetHints":{"allow":["GET"]}}],"collection":[{"href":"https:\/\/www.piuomenopop.it\/index.php\/wp-json\/wp\/v2\/posts"}],"about":[{"href":"https:\/\/www.piuomenopop.it\/index.php\/wp-json\/wp\/v2\/types\/post"}],"author":[{"embeddable":true,"href":"https:\/\/www.piuomenopop.it\/index.php\/wp-json\/wp\/v2\/users\/1"}],"replies":[{"embeddable":true,"href":"https:\/\/www.piuomenopop.it\/index.php\/wp-json\/wp\/v2\/comments?post=35964"}],"version-history":[{"count":3,"href":"https:\/\/www.piuomenopop.it\/index.php\/wp-json\/wp\/v2\/posts\/35964\/revisions"}],"predecessor-version":[{"id":35980,"href":"https:\/\/www.piuomenopop.it\/index.php\/wp-json\/wp\/v2\/posts\/35964\/revisions\/35980"}],"wp:featuredmedia":[{"embeddable":true,"href":"https:\/\/www.piuomenopop.it\/index.php\/wp-json\/wp\/v2\/media\/35965"}],"wp:attachment":[{"href":"https:\/\/www.piuomenopop.it\/index.php\/wp-json\/wp\/v2\/media?parent=35964"}],"wp:term":[{"taxonomy":"category","embeddable":true,"href":"https:\/\/www.piuomenopop.it\/index.php\/wp-json\/wp\/v2\/categories?post=35964"},{"taxonomy":"post_tag","embeddable":true,"href":"https:\/\/www.piuomenopop.it\/index.php\/wp-json\/wp\/v2\/tags?post=35964"}],"curies":[{"name":"wp","href":"https:\/\/api.w.org\/{rel}","templated":true}]}}